{"id":34880,"date":"2020-08-16T09:29:47","date_gmt":"2020-08-16T09:29:47","guid":{"rendered":"http:\/\/diariodominicano.ddns.net\/?p=34880"},"modified":"2020-08-16T09:29:47","modified_gmt":"2020-08-16T09:29:47","slug":"fsm-de-espacio-abierto-a-espacio-de-accion","status":"publish","type":"post","link":"https:\/\/diariodominicano.com\/?p=34880","title":{"rendered":"FSM: de espacio abierto a espacio de acci\u00f3n"},"content":{"rendered":"<p><body><\/p>\n<p>FSM: de espacio abierto a espacio de acci\u00f3n<\/p>\n<p>Frei Betto, <\/p>\n<p>-A+A<\/p>\n<p>Hemos firmado la carta, Frei Betto, Atilio Bor\u00f3n, Bernard Cassen, Adolfo Perez Esquivel, Federico Mayor, Riccardo Petrella, Ignacio Ramonet, Emir Sader, Boaventura Santos, Roberto Savio,  Aminata Traor\u00e9, todos firmantes de la declaraci\u00f3n de Porto Alegre. Hemos perdido, desde 2005, brillantes compa\u00f1eros (Eduardo Galeano, Jos\u00e9 Saramago, Francois Houtart, Samir Amin, Samuel Ruiz Garcia, Immanuel Wallerstein).  Pero hemos compartido mucho con ellos y creemos saber lo que pensar\u00edan. Los que estamos vivo hemos querido enviar este mensaje al FSM, para que tenga un elemento m\u00e1s de est\u00edmulo y de reflexi\u00f3n. El esp\u00edritu de nuestra iniciativa queda representado en el mensaje de adhesi\u00f3n del Premio Nobel para la Paz, Adolfo Perez Esquivel: \u00abgracias por la iniciativa de revivir la fuerza y esperanza del FSM, hace tiempo estabamos pensando en algo semejante de volver a encontrar caminos que nos identifiquen en la diversidad del pensamiento y de las acciones para enfrentar los desaf\u00edos de nuestro tiempo. Desde ya queridos hermanos sumo mi firma y les abrazo\u00bb.<\/p>\n<\/p>\n<\/p>\n<p>\u00bfEl Foro Social Mundial, que celebra su vig\u00e9simo aniversario en 2021, es s\u00f3lo un espacio abierto o puede, deber\u00eda ser, tambi\u00e9n un espacio de acci\u00f3n? Esta cuesti\u00f3n ha sido discutida durante a\u00f1os en su Consejo Internacional y hasta ahora no hubo posibilidad de llegar a una conclusi\u00f3n. <\/p>\n<\/p>\n<\/p>\n<p>En el FSM de Porto Alegre del 2005 algunos de nosotros lanzamos el \u00abManifiesto de Porto Alegre\u00bb, preocupados por la creciente marginalizaci\u00f3n del FSM en la escena global. Sab\u00edamos que romp\u00edamos la regla de que el Foro no puede hacer declaraciones pero nos pareci\u00f3 una manera de contribuir con los ricos debates de Porto Alegre a la pol\u00edtica internacional.  Al a\u00f1o siguiente se difundi\u00f3 el \u00abLlamado de Bamako\u00bb, en el mismo sentido. Ninguno de ellos tuvo respuesta.<\/p>\n<\/p>\n<\/p>\n<p>Despu\u00e9s de 15 a\u00f1os, nuestra preocupaci\u00f3n se ha revelado sumamente real. El Foro naci\u00f3 en el 2001 por el esfuerzo generoso y visionario del grupo brasile\u00f1o y el apoyo que encontraron en la \u00e9poca de Lula. La progresiva internacionalizaci\u00f3n llev\u00f3 al FSM a todos los continentes. La idea de abrir un espacio a los movimientos sociales y a intelectuales cr\u00edticos para intercambio de experiencias y de ideas, en pos de combatir al pensamiento \u00fanico del neoliberalismo, era una idea revolucionaria y de gran impacto en el mundo. Ante la amenaza del inicio de la guerra de EEUU contra Irak el FSM mostr\u00f3 su inmenso potencial convocando a multitudinarias marchas de rechazo coordinadas globalmente. Sin embargo, ese tipo de iniciativas no prosper\u00f3.   <\/p>\n<\/p>\n<\/p>\n<p>Desgraciadamente, el FSM no ha aceptado ning\u00fan cambio de sus reglas y pr\u00e1cticas, aunque estamos en la v\u00edspera de dos d\u00e9cadas de su creaci\u00f3n. La idea de un espacio abierto, sin posibilidad de interactuar con el mundo exterior como un sujeto pol\u00edtico global, ha hecho del Foro un actor marginal, que ya no es punto de referencia. En estos \u00faltimos a\u00f1os por lo menos tres grandes movimientos populares han movilizado millones de personas en el mundo: el de la lucha en contra del cambio clim\u00e1tico, por la igualdad de g\u00e9nero, y el antirracismo. All\u00ed el FSM ha estado totalmente ausente como actor colectivo global. Pero la idea creativa del FSM, de luchar en contra del neoliberalismo con una visi\u00f3n hol\u00edstica y no sectorial, mantiene toda su fuerza y vigencia, junto a las luchas anticoloniales, antipatriarcales y por el respeto a la naturaleza y los bienes comunes que hoy nos convocan.<\/p>\n<\/p>\n<\/p>\n<p>Se necesita acci\u00f3n. El mundo ha cambiado, y no para mejor. Hoy, no s\u00f3lo nos enfrentamos a las devastadoras consecuencias de cuarenta a\u00f1os de capitalismo neoliberal, estamos dominados por los mercados financieros y amenazados por el r\u00e1pido cambio clim\u00e1tico que podr\u00eda hacer imposible la vida humana en la tierra. La pobreza masiva y las desigualdades crecientes dividen nuestras sociedades, junto con el racismo y la discriminaci\u00f3n.<\/p>\n<\/p>\n<\/p>\n<p>La resistencia tambi\u00e9n est\u00e1 creciendo. 2019 ha visto un flujo abrumador de movimientos principalmente de j\u00f3venes, en una gran cantidad de ciudades importantes de todo el mundo. Ellos saben que el viejo mundo est\u00e1 muriendo, y con impaciencia quieren construir un mundo nuevo, de justicia y paz, donde todos los hombres y mujeres sean iguales, donde se conserve la naturaleza y la econom\u00eda est\u00e9 al servicio de la sociedad. Se est\u00e1n preparando muchas alternativas, pero no hay un espacio que pueda reunirlas y construir nuevas narrativas comunes y globales, basadas en experiencias de base y capaces de guiar acciones futuras. Los activistas y acad\u00e9micos progresistas est\u00e1n tan fragmentados que corren el riesgo de perder no solo la batalla sino tambi\u00e9n la guerra.<\/p>\n<\/p>\n<\/p>\n<p>COVID-19 es s\u00f3lo otra crisis, que por primera vez afecta a todas las personas al mismo tiempo, a pesar de que no con la misma intensidad. El mundo se ha convertido en una aldea en la que somos interdependientes. Nunca antes hab\u00eda sido tan claro que, de hecho, tenemos que actuar y hacerlo juntos. El Foro Social Mundial todav\u00eda tiene un gran potencial para darle voz y ayudar a los movimientos a poner sus alternativas en un contexto global donde los nuevos discursos y pr\u00e1cticas puedan converger. Es por eso que, los que participamos en el FSM desde su inicio y firmamos las declaraciones de Porto Alegre y Bamak\u00f2, pedimos un \u00abrenovado foro social mundial,\u00bb. Nos enfrentamos a una crisis global multidimensional; se necesita acci\u00f3n a nivel local, nacional y global, con una articulaci\u00f3n adecuada entre ellos. El FSM es el marco ideal para promover esta acci\u00f3n. De eso se trata esta iniciativa.<\/p>\n<p>Frei Betto, <\/p>\n<p>04\/08\/2020<\/p>\n<\/p>\n<p>https:\/\/www.alainet.org\/es\/articulo\/208259<\/p>\n<h6> 2020-08-16 09:29:47 <\/h6>\n<p><!--\n<link rel=\"stylesheet\" href=\"css\/bootstrap.min.css\">\n\n\n<ul class=\"pagination\">\n\t    \n\t\n\n<li >\n\t<a href='?page_no=108'>Previous<\/a>\n\t<\/li>\n\n\n       \n    \n\n<li><a href='?page_no=1'>1<\/a><\/li>\n\n\n\n<li><a href='?page_no=2'>2<\/a><\/li>\n\n\n\n<li><a>...<\/a><\/li>\n\n\n\n<li><a href='?page_no=107'>107<\/a><\/li>\n\n\n\n<li><a href='?page_no=108'>108<\/a><\/li>\n\n\n\n<li class='active'><a>109<\/a><\/li>\n\n\n\n<li><a href='?page_no=110'>110<\/a><\/li>\n\n\n\n<li><a href='?page_no=111'>111<\/a><\/li>\n\n\n\n<li><a>...<\/a><\/li>\n\n\n\n<li><a href='?page_no=13611'>13611<\/a><\/li>\n\n\n\n<li><a href='?page_no=13612'>13612<\/a><\/li>\n\n    \n\t\n\n<li >\n\t<a href='?page_no=110'>Next<\/a>\n\t<\/li>\n\n\n    \n\n<li><a href='?page_no=13612'>Last &rsaquo;&rsaquo;<\/a><\/li>\n\n<\/ul>\n\n\n--><br \/>\n<\/body><\/p>\n","protected":false},"excerpt":{"rendered":"<p>FSM: de espacio abierto a espacio de acci\u00f3n Frei Betto, -A+A Hemos firmado la carta, Frei Betto, Atilio Bor\u00f3n, Bernard Cassen, Adolfo Perez Esquivel, Federico Mayor, Riccardo Petrella, Ignacio Ramonet, Emir Sader, Boaventura Santos, Roberto Savio, Aminata Traor\u00e9, todos firmantes de la declaraci\u00f3n de Porto Alegre. Hemos perdido, desde 2005, brillantes compa\u00f1eros (Eduardo Galeano, Jos\u00e9 [&hellip;]<\/p>\n","protected":false},"author":3,"featured_media":0,"comment_status":"open","ping_status":"open","sticky":false,"template":"","format":"standard","meta":{"footnotes":""},"categories":[16],"tags":[],"class_list":["post-34880","post","type-post","status-publish","format-standard","hentry","category-opiniones"],"_links":{"self":[{"href":"https:\/\/diariodominicano.com\/index.php?rest_route=\/wp\/v2\/posts\/34880","targetHints":{"allow":["GET"]}}],"collection":[{"href":"https:\/\/diariodominicano.com\/index.php?rest_route=\/wp\/v2\/posts"}],"about":[{"href":"https:\/\/diariodominicano.com\/index.php?rest_route=\/wp\/v2\/types\/post"}],"author":[{"embeddable":true,"href":"https:\/\/diariodominicano.com\/index.php?rest_route=\/wp\/v2\/users\/3"}],"replies":[{"embeddable":true,"href":"https:\/\/diariodominicano.com\/index.php?rest_route=%2Fwp%2Fv2%2Fcomments&post=34880"}],"version-history":[{"count":0,"href":"https:\/\/diariodominicano.com\/index.php?rest_route=\/wp\/v2\/posts\/34880\/revisions"}],"wp:attachment":[{"href":"https:\/\/diariodominicano.com\/index.php?rest_route=%2Fwp%2Fv2%2Fmedia&parent=34880"}],"wp:term":[{"taxonomy":"category","embeddable":true,"href":"https:\/\/diariodominicano.com\/index.php?rest_route=%2Fwp%2Fv2%2Fcategories&post=34880"},{"taxonomy":"post_tag","embeddable":true,"href":"https:\/\/diariodominicano.com\/index.php?rest_route=%2Fwp%2Fv2%2Ftags&post=34880"}],"curies":[{"name":"wp","href":"https:\/\/api.w.org\/{rel}","templated":true}]}}