{"id":348749,"date":"2022-04-21T23:40:47","date_gmt":"2022-04-22T03:40:47","guid":{"rendered":"http:\/\/diariodominicano.com\/?p=348749"},"modified":"2022-04-21T23:40:47","modified_gmt":"2022-04-22T03:40:47","slug":"juan-pablo-duarte-en-mision-diplomatica-ante-los-gobiernos-de-sudamerica","status":"publish","type":"post","link":"https:\/\/diariodominicano.com\/?p=348749","title":{"rendered":"Juan Pablo Duarte en misi\u00f3n diplom\u00e1tica ante los gobiernos de Sudam\u00e9rica"},"content":{"rendered":"\n<p><\/p>\n\n\n\n<p>\u00a0\u00a0 Por HTN<\/p>\n\n\n\n<p>Diariodominicano.com<\/p>\n\n\n\n<p>SANTIAGO, el 22 de abril de 1864, el Gobierno provisional de la Restauraci\u00f3n, encabezado por el Presidente Pepillo Salcedo, nombr\u00f3 a Juan Pablo Duarte, para que desarrollara una labor diplom\u00e1tica\u00a0 en favor de la Rep\u00fablica Dominicana ante los gobiernos de Venezuela, Per\u00fa y Nueva Granada.<\/p>\n\n\n\n<p>&nbsp;&nbsp;&nbsp; Juan Pablo Duarte, quien llevaba m\u00e1s de 20 a\u00f1os exiliado en Venezuela, ten\u00eda el encargo de diligenciar ayuda en las naciones sudamericanas.<\/p>\n\n\n\n<p>&nbsp;&nbsp;&nbsp;&nbsp;&nbsp; Juan Pablo Duarte&nbsp; tan pronto se enter\u00f3 de la lucha por la Restauraci\u00f3n de la Rep\u00fablica Dominicana, se puso a la disposici\u00f3n de los pr\u00f3ceres restauradores.<\/p>\n\n\n\n<p>Duarte&nbsp;&nbsp; hab\u00eda sido&nbsp; desterrado del pa\u00eds junto a su familia y colaboradores, luego que el 22 de agosto 1844, la Junta Central Gubernativa presidida por el general Pedro Santana, declar\u00f3 traidores a la patria a Juan Pablo Duarte, Francisco del Rosario S\u00e1nchez, Ram\u00f3n Mella, Pedro Alejandrino Pina y Gregorio del Valle.<\/p>\n\n\n\n<p>&nbsp;&nbsp;&nbsp;&nbsp; Tambi\u00e9n a Juan Evangelista Jim\u00e9nez, Juan Jos\u00e9 Illas y a Juan Isidro P\u00e9rez, quienes al igual que Duarte fueron condenados al destierro a perpetuidad.<\/p>\n\n\n\n<p>&nbsp;&nbsp;&nbsp; La resoluci\u00f3n de la Junta Central Gubernativa fue aprobada por Pedro Santana, Presidente, y los miembros Tom\u00e1s Bobadilla, Manuel Jim\u00e9nes, F\u00e9lix Mercenario, Toribio Ma\u00f1\u00f3n, J. Tom\u00e1s Medrano, Norberto Linares, Toribio L. Villanueva y F\u00e9lix M. Marcano.<\/p>\n\n\n\n<p>&nbsp;&nbsp;&nbsp; Juan Pablo Duarte sali\u00f3 al exilio, con destino a Hamburgo, Alemania, el 10 de septiembre de 1844, junto a Juan Isidro P\u00e9rez, y los hermanos F\u00e9lix y Jos\u00e9&nbsp; Montblanc.<\/p>\n","protected":false},"excerpt":{"rendered":"<p>\u00a0\u00a0 Por HTN Diariodominicano.com SANTIAGO, el 22 de abril de 1864, el Gobierno provisional de la Restauraci\u00f3n, encabezado por el Presidente Pepillo Salcedo, nombr\u00f3 a Juan Pablo Duarte, para que desarrollara una labor diplom\u00e1tica\u00a0 en favor de la Rep\u00fablica Dominicana ante los gobiernos de Venezuela, Per\u00fa y Nueva Granada. &nbsp;&nbsp;&nbsp; Juan Pablo Duarte, quien llevaba [&hellip;]<\/p>\n","protected":false},"author":28,"featured_media":265176,"comment_status":"closed","ping_status":"","sticky":true,"template":"","format":"standard","meta":{"footnotes":""},"categories":[26,27],"tags":[],"class_list":["post-348749","post","type-post","status-publish","format-standard","has-post-thumbnail","hentry","category-efemerides","category-portada"],"_links":{"self":[{"href":"https:\/\/diariodominicano.com\/index.php?rest_route=\/wp\/v2\/posts\/348749","targetHints":{"allow":["GET"]}}],"collection":[{"href":"https:\/\/diariodominicano.com\/index.php?rest_route=\/wp\/v2\/posts"}],"about":[{"href":"https:\/\/diariodominicano.com\/index.php?rest_route=\/wp\/v2\/types\/post"}],"author":[{"embeddable":true,"href":"https:\/\/diariodominicano.com\/index.php?rest_route=\/wp\/v2\/users\/28"}],"replies":[{"embeddable":true,"href":"https:\/\/diariodominicano.com\/index.php?rest_route=%2Fwp%2Fv2%2Fcomments&post=348749"}],"version-history":[{"count":1,"href":"https:\/\/diariodominicano.com\/index.php?rest_route=\/wp\/v2\/posts\/348749\/revisions"}],"predecessor-version":[{"id":348750,"href":"https:\/\/diariodominicano.com\/index.php?rest_route=\/wp\/v2\/posts\/348749\/revisions\/348750"}],"wp:featuredmedia":[{"embeddable":true,"href":"https:\/\/diariodominicano.com\/index.php?rest_route=\/wp\/v2\/media\/265176"}],"wp:attachment":[{"href":"https:\/\/diariodominicano.com\/index.php?rest_route=%2Fwp%2Fv2%2Fmedia&parent=348749"}],"wp:term":[{"taxonomy":"category","embeddable":true,"href":"https:\/\/diariodominicano.com\/index.php?rest_route=%2Fwp%2Fv2%2Fcategories&post=348749"},{"taxonomy":"post_tag","embeddable":true,"href":"https:\/\/diariodominicano.com\/index.php?rest_route=%2Fwp%2Fv2%2Ftags&post=348749"}],"curies":[{"name":"wp","href":"https:\/\/api.w.org\/{rel}","templated":true}]}}