{"id":347151,"date":"2022-04-15T13:16:34","date_gmt":"2022-04-15T17:16:34","guid":{"rendered":"http:\/\/diariodominicano.com\/?p=347151"},"modified":"2025-12-29T01:04:23","modified_gmt":"2025-12-29T05:04:23","slug":"prensa-latina-inaugura-nueva-tienda-en-santa-clara","status":"publish","type":"post","link":"https:\/\/diariodominicano.com\/?p=347151","title":{"rendered":"Prensa Latina inaugura nueva tienda en Santa Clara"},"content":{"rendered":"\n<p>Santa Clara, Cuba, 15 abr (Prensa Latina) La Agencia Informativa Prensa Latina cuenta hoy en esta ciudad central de Cuba con una tienda dedicada a la venta de productos como libros para ni\u00f1os y adultos, artesan\u00edas y publicaciones diversas<\/p>\n\n\n\n<ul class=\"wp-block-list\"><li>abril 15, 2022<\/li><li>CDT12:55 (GMT) -0400<\/li><\/ul>\n\n\n\n<ul class=\"wp-block-list\"><li><a href=\"https:\/\/www.prensa-latina.cu\/author\/otf\">Por:&nbsp;Odalys Troya<\/a><\/li><\/ul>\n\n\n\n<p>El vicepresidente comercial, V\u00edctor Landa, explic\u00f3 que, con el apoyo de Tiendas Caribe, se logr\u00f3 \u00ababrir un nuevo punto de ventas de la cadena Cuba Va de Prensa Latina para ofertar sus productos y servicios tanto a for\u00e1neos como a locales\u00bb.<\/p>\n\n\n\n<p>Esta es la segunda instalaci\u00f3n en la provincia de Villa Clara porque ya existe una en el aeropuerto internacional Abel Santamar\u00eda, la cual fue inaugurada en el a\u00f1o 2020, detall\u00f3.<\/p>\n\n\n\n<p>El nuevo establecimiento est\u00e1 enclavado en el centro de la capital villaclare\u00f1a, en el popular y concurrido parque Vidal.<\/p>\n\n\n\n<p>Esperamos que cumpla las expectativas tanto de los visitantes extranjeros como nacionales y los habitantes de la ciudad porque ofrecemos materiales para el p\u00fablico infantil y juvenil como cl\u00e1sicos de la literatura, y tambi\u00e9n para adultos de contenido pol\u00edtico ideol\u00f3gico, manifest\u00f3 Landa.<\/p>\n\n\n\n<p>Tambi\u00e9n se expender\u00e1n artesan\u00edas, textiles con impresos de la imagen Cuba, souvenires, entre otros, agreg\u00f3.<\/p>\n\n\n\n<p>Detall\u00f3 que Prensa Latina ofrece libros propios y de terceros como de Ocean Sur a trav\u00e9s de un acuerdo el cual permite la importaci\u00f3n y comercializaci\u00f3n de esta editora.<\/p>\n\n\n\n<p>Landa detall\u00f3 que con esta tienda cuyo nombre es Rinc\u00f3n Latino, suman 14 en total las que ya funcionan en el pa\u00eds, de ellas hay ocho en los principales aeropuertos cubanos.<\/p>\n\n\n\n<p>Las restantes est\u00e1n en la ciudad de Pinar del R\u00edo y en el polo tur\u00edstico de Vi\u00f1ales (occidente), cuatro en Matanzas y el balneario de Varadero (tambi\u00e9n en la regi\u00f3n occidental), adem\u00e1s en las ciudades de Sancti Sp\u00edritus, (Centro), y en Santiago de Cuba, (oriente).<\/p>\n\n\n\n<p>Prensa Latina es una agencia informativa, inaugurada en junio de 1959, fruto del pensamiento del l\u00edder de la Revoluci\u00f3n Cubana, Fidel Castro, del guerrillero heroico, Ernesto Che Guevara, y su primer director fue Ricardo Masseti, con el objetivo de divulgar la verdad sobre el nuevo proceso en Cuba, tergiversado por los grandes monopolios de la informaci\u00f3n.<\/p>\n\n\n\n<p>Luego de m\u00e1s de 60 a\u00f1os de existencia y funcionamiento, sus objetivos siguen siendo muy similares, a los que se a\u00f1aden dar a conocer la realidad sobre Latinoam\u00e9rica y el mundo, sus procesos de cambio y las luchas de los pueblos.<\/p>\n\n\n\n<p>Tambi\u00e9n aborda en su cast de noticias que trasmite 24 horas, temas relacionados con la ciencia, la cultura y las artes, el deporte, curiosidades, los cuales se aportan a su sede central por sus m\u00e1s de 40 corresponsal\u00edas distribuidas en todos los continentes.<\/p>\n\n\n\n<p>Tiene diversos soportes como radio, televisi\u00f3n, redes sociales y es el sello editorial de publicaciones peri\u00f3dicas mayor de Cuba.<\/p>\n\n\n\n<p>Entre sus propuestas est\u00e1n el semanario Orbe, el \u00fanico peri\u00f3dico en ingl\u00e9s del pa\u00eds The Havana Reporter, revistas como Correos de Cuba, Cuba Internacional, Avances M\u00e9dicos y muchas otras.<\/p>\n\n\n\n<p>mem\/otf<\/p>\n","protected":false},"excerpt":{"rendered":"<p>Santa Clara, Cuba, 15 abr (Prensa Latina) La Agencia Informativa Prensa Latina cuenta hoy en esta ciudad central de Cuba con una tienda dedicada a la venta de productos como libros para ni\u00f1os y adultos, artesan\u00edas y publicaciones diversas abril 15, 2022 CDT12:55 (GMT) -0400 Por:&nbsp;Odalys Troya El vicepresidente comercial, V\u00edctor Landa, explic\u00f3 que, con [&hellip;]<\/p>\n","protected":false},"author":28,"featured_media":347177,"comment_status":"closed","ping_status":"closed","sticky":true,"template":"","format":"standard","meta":{"footnotes":""},"categories":[23,27],"tags":[3556],"class_list":["post-347151","post","type-post","status-publish","format-standard","has-post-thumbnail","hentry","category-internacional","category-portada","tag-prensa-latina"],"_links":{"self":[{"href":"https:\/\/diariodominicano.com\/index.php?rest_route=\/wp\/v2\/posts\/347151","targetHints":{"allow":["GET"]}}],"collection":[{"href":"https:\/\/diariodominicano.com\/index.php?rest_route=\/wp\/v2\/posts"}],"about":[{"href":"https:\/\/diariodominicano.com\/index.php?rest_route=\/wp\/v2\/types\/post"}],"author":[{"embeddable":true,"href":"https:\/\/diariodominicano.com\/index.php?rest_route=\/wp\/v2\/users\/28"}],"replies":[{"embeddable":true,"href":"https:\/\/diariodominicano.com\/index.php?rest_route=%2Fwp%2Fv2%2Fcomments&post=347151"}],"version-history":[{"count":1,"href":"https:\/\/diariodominicano.com\/index.php?rest_route=\/wp\/v2\/posts\/347151\/revisions"}],"predecessor-version":[{"id":347152,"href":"https:\/\/diariodominicano.com\/index.php?rest_route=\/wp\/v2\/posts\/347151\/revisions\/347152"}],"wp:featuredmedia":[{"embeddable":true,"href":"https:\/\/diariodominicano.com\/index.php?rest_route=\/wp\/v2\/media\/347177"}],"wp:attachment":[{"href":"https:\/\/diariodominicano.com\/index.php?rest_route=%2Fwp%2Fv2%2Fmedia&parent=347151"}],"wp:term":[{"taxonomy":"category","embeddable":true,"href":"https:\/\/diariodominicano.com\/index.php?rest_route=%2Fwp%2Fv2%2Fcategories&post=347151"},{"taxonomy":"post_tag","embeddable":true,"href":"https:\/\/diariodominicano.com\/index.php?rest_route=%2Fwp%2Fv2%2Ftags&post=347151"}],"curies":[{"name":"wp","href":"https:\/\/api.w.org\/{rel}","templated":true}]}}