{"id":34658,"date":"2020-08-17T00:58:32","date_gmt":"2020-08-17T00:58:32","guid":{"rendered":"http:\/\/diariodominicano.ddns.net\/?p=34658"},"modified":"2020-08-17T00:58:32","modified_gmt":"2020-08-17T00:58:32","slug":"otros-retos-del-gobierno","status":"publish","type":"post","link":"https:\/\/diariodominicano.com\/?p=34658","title":{"rendered":"Otros retos del gobierno"},"content":{"rendered":"<p><body><\/p>\n<p><strong>Diariodominicano.com<\/strong><\/p>\n<p><strong>A Pleno Sol<\/strong><\/p>\n<p><strong>Otros retos del gobierno<\/strong><\/p>\n<p><strong>Por Manuel Hern\u00e1ndez Villeta<\/strong><\/p>\n<\/p>\n<\/p>\n<p>La educaci\u00f3n nacional est\u00e1 paralizada, el gobierno se puede  tomar su tiempo para abrir los colegios y escuelas, lo m\u00e1s sensato es que  las clases, por cualquier modalidad, se impartan desde el mes de enero.<\/p>\n<\/p>\n<p>Tiene que haber una posici\u00f3n clara desde el lado gubernamental de que no hay las m\u00ednimas condiciones para abrir las escuelas en este mes. Ser\u00eda una locura, con un alto precio a pagar en el futuro.<\/p>\n<\/p>\n<p>Todo lo referente a la justicia debe ocupar su lugar. La turbamulta no puede obligar al gobierno a iniciar persecuciones pol\u00edticas en medio de dos crisis, la de salud y la econ\u00f3mica. A su debido tiempo, sin tardanzas ni vacilaciones, se deber\u00e1 enfrentar el tema de la corrupci\u00f3n y la aplicaci\u00f3n de justicia.<\/p>\n<\/p>\n<p>La acci\u00f3n de la justicia es b\u00e1sica  para levantar las columnas de una sociedad civilizada, pero acciones de persecuci\u00f3n se tienen que llevar a cabo sin pasiones y sin temores. Cada cosa en su momento y ahora lo m\u00e1s importante es el tema de la salud, los otros son secundarios.<\/p>\n<\/p>\n<p>Con el tema de la pandemia se descuid\u00f3 la seguridad ciudadana en el pa\u00eds. Es  momento de endurecer la mu\u00f1eca con la implementaci\u00f3n de una verdadera pol\u00edtica de seguridad ciudadana, y exterminaci\u00f3n de la delincuencia.<\/p>\n<\/p>\n<p>En cuanto a la administraci\u00f3n p\u00fablica, es vital una reordenaci\u00f3n. El sistema p\u00fablico es un caos, sobre todo motorizado por el clientelismo pol\u00edtico. Debe quedar en el olvido, el viejo m\u00e9todo de nombrar por la presentaci\u00f3n de un carnet del partido.<\/p>\n<\/p>\n<p> Un hombre de universidad como Luis Abinader sabe que se tiene que dar prioridad a los concursos para ocupar puestos. Todos los gobiernos tienen sus compromisos pol\u00edticos, pero cada cual debe alcanzar  la posici\u00f3n para la que tenga capacidad.<\/p>\n<\/p>\n<p>Es una necesidad, la eliminaci\u00f3n de dependencias del Estado que son obsoletas y que tienen duplicidad de funciones. De hecho, es esperanzador que el presidente ya anunci\u00f3 que se van a eliminar algunos  departamentos que \u00fanicamente sirven para acomodar las botellas.<\/p>\n<\/p>\n<p>Abinader tiene una gran obligaci\u00f3n de ampliar las relaciones exteriores de la Rep\u00fablica Dominicana. En el pasado gobierno se logr\u00f3 dar un paso trascendental de establecer relaciones  con China, lo cual debe ser ampliado por la actual administraci\u00f3n.<\/p>\n<\/p>\n<p>Tenemos que tener buenas relaciones con todos los pa\u00edses del mundo, pero manteniendo siempre bien claro que nuestra soberan\u00eda es innegociable, y que no toleramos injerencias de nadie  en temas internos. \u00a1Ay!, se me acab\u00f3 la tinta<\/p>\n<\/p>\n<h6> 2020-08-17 00:58:32 <\/h6>\n<p><!--\n<link rel=\"stylesheet\" href=\"css\/bootstrap.min.css\">\n\n\n<ul class=\"pagination\">\n\t    \n\t\n\n<li >\n\t<a href='?page_no=106'>Previous<\/a>\n\t<\/li>\n\n\n       \n    \n\n<li><a href='?page_no=1'>1<\/a><\/li>\n\n\n\n<li><a href='?page_no=2'>2<\/a><\/li>\n\n\n\n<li><a>...<\/a><\/li>\n\n\n\n<li><a href='?page_no=105'>105<\/a><\/li>\n\n\n\n<li><a href='?page_no=106'>106<\/a><\/li>\n\n\n\n<li class='active'><a>107<\/a><\/li>\n\n\n\n<li><a href='?page_no=108'>108<\/a><\/li>\n\n\n\n<li><a href='?page_no=109'>109<\/a><\/li>\n\n\n\n<li><a>...<\/a><\/li>\n\n\n\n<li><a href='?page_no=13611'>13611<\/a><\/li>\n\n\n\n<li><a href='?page_no=13612'>13612<\/a><\/li>\n\n    \n\t\n\n<li >\n\t<a href='?page_no=108'>Next<\/a>\n\t<\/li>\n\n\n    \n\n<li><a href='?page_no=13612'>Last &rsaquo;&rsaquo;<\/a><\/li>\n\n<\/ul>\n\n\n--><br \/>\n<\/body><\/p>\n","protected":false},"excerpt":{"rendered":"<p>Diariodominicano.com A Pleno Sol Otros retos del gobierno Por Manuel Hern\u00e1ndez Villeta La educaci\u00f3n nacional est\u00e1 paralizada, el gobierno se puede tomar su tiempo para abrir los colegios y escuelas, lo m\u00e1s sensato es que las clases, por cualquier modalidad, se impartan desde el mes de enero. Tiene que haber una posici\u00f3n clara desde el [&hellip;]<\/p>\n","protected":false},"author":3,"featured_media":0,"comment_status":"open","ping_status":"open","sticky":false,"template":"","format":"standard","meta":{"footnotes":""},"categories":[16],"tags":[],"class_list":["post-34658","post","type-post","status-publish","format-standard","hentry","category-opiniones"],"_links":{"self":[{"href":"https:\/\/diariodominicano.com\/index.php?rest_route=\/wp\/v2\/posts\/34658","targetHints":{"allow":["GET"]}}],"collection":[{"href":"https:\/\/diariodominicano.com\/index.php?rest_route=\/wp\/v2\/posts"}],"about":[{"href":"https:\/\/diariodominicano.com\/index.php?rest_route=\/wp\/v2\/types\/post"}],"author":[{"embeddable":true,"href":"https:\/\/diariodominicano.com\/index.php?rest_route=\/wp\/v2\/users\/3"}],"replies":[{"embeddable":true,"href":"https:\/\/diariodominicano.com\/index.php?rest_route=%2Fwp%2Fv2%2Fcomments&post=34658"}],"version-history":[{"count":0,"href":"https:\/\/diariodominicano.com\/index.php?rest_route=\/wp\/v2\/posts\/34658\/revisions"}],"wp:attachment":[{"href":"https:\/\/diariodominicano.com\/index.php?rest_route=%2Fwp%2Fv2%2Fmedia&parent=34658"}],"wp:term":[{"taxonomy":"category","embeddable":true,"href":"https:\/\/diariodominicano.com\/index.php?rest_route=%2Fwp%2Fv2%2Fcategories&post=34658"},{"taxonomy":"post_tag","embeddable":true,"href":"https:\/\/diariodominicano.com\/index.php?rest_route=%2Fwp%2Fv2%2Ftags&post=34658"}],"curies":[{"name":"wp","href":"https:\/\/api.w.org\/{rel}","templated":true}]}}