{"id":346073,"date":"2022-04-11T08:38:29","date_gmt":"2022-04-11T12:38:29","guid":{"rendered":"http:\/\/diariodominicano.com\/?p=346073"},"modified":"2022-04-11T08:58:32","modified_gmt":"2022-04-11T12:58:32","slug":"desobediencia-civil-para-salvar-el-planeta","status":"publish","type":"post","link":"https:\/\/diariodominicano.com\/?p=346073","title":{"rendered":"Desobediencia civil para salvar el planeta"},"content":{"rendered":"\n<p><\/p>\n\n\n\n<p><strong>Cient\u00edficos a las calles por la \u201crevoluci\u00f3n clim\u00e1tica\u201d<\/strong><\/p>\n\n\n\n<figure class=\"wp-block-image size-large\"><img loading=\"lazy\" decoding=\"async\" width=\"1024\" height=\"576\" src=\"https:\/\/diariodominicano.com\/wp-content\/uploads\/2022\/04\/El-drama-del-calentamiento-global-caricatura-ONU-1024x576.jpg\" alt=\"\" class=\"wp-image-346076\" srcset=\"https:\/\/diariodominicano.com\/wp-content\/uploads\/2022\/04\/El-drama-del-calentamiento-global-caricatura-ONU-1024x576.jpg 1024w, https:\/\/diariodominicano.com\/wp-content\/uploads\/2022\/04\/El-drama-del-calentamiento-global-caricatura-ONU-300x169.jpg 300w, https:\/\/diariodominicano.com\/wp-content\/uploads\/2022\/04\/El-drama-del-calentamiento-global-caricatura-ONU-768x432.jpg 768w, https:\/\/diariodominicano.com\/wp-content\/uploads\/2022\/04\/El-drama-del-calentamiento-global-caricatura-ONU-1536x864.jpg 1536w, https:\/\/diariodominicano.com\/wp-content\/uploads\/2022\/04\/El-drama-del-calentamiento-global-caricatura-ONU-816x459.jpg 816w, https:\/\/diariodominicano.com\/wp-content\/uploads\/2022\/04\/El-drama-del-calentamiento-global-caricatura-ONU.jpg 1920w\" sizes=\"auto, (max-width: 1024px) 100vw, 1024px\" \/><\/figure>\n\n\n\n<p><\/p>\n\n\n\n<figure class=\"wp-block-image size-full\"><img loading=\"lazy\" decoding=\"async\" width=\"600\" height=\"338\" src=\"https:\/\/diariodominicano.com\/wp-content\/uploads\/2022\/04\/Protesta-de-Rebelion-Ceintifica-en-Ecuador.jpg\" alt=\"\" class=\"wp-image-346083\" srcset=\"https:\/\/diariodominicano.com\/wp-content\/uploads\/2022\/04\/Protesta-de-Rebelion-Ceintifica-en-Ecuador.jpg 600w, https:\/\/diariodominicano.com\/wp-content\/uploads\/2022\/04\/Protesta-de-Rebelion-Ceintifica-en-Ecuador-300x169.jpg 300w\" sizes=\"auto, (max-width: 600px) 100vw, 600px\" \/><figcaption>Protesta de rebeli\u00f3n cient\u00edfica.<\/figcaption><\/figure>\n\n\n\n<p><strong>Sergio Ferrari, desde Berna, Suiza<br><br>Centenas de cient\u00edficos se movilizaron en diversas ciudades de mundo entre el 4 y el 9 de abril en defensa del clima. Un grito desesperado desde la ciencia contra el calentamiento global y las promesas incumplidas del poder pol\u00edtico y econ\u00f3mico.<\/strong><\/p>\n\n\n\n<p>Una veintena de investigadores se manifestaron el 6 de abril frente a la Plaza Federal, en Berna. En la capital helv\u00e9tica, pegaron sobre la fachada de la casa de gobierno afiches con extractos del \u00faltimo informe del Grupo Intergubernamental de Expertos sobre el Cambio Clim\u00e1tico (IPCC), aprobado dos d\u00edas antes.<\/p>\n\n\n\n<p>Dicha acci\u00f3n se realiz\u00f3 en el marco de una campa\u00f1a mundial de protestas no violentas que lanz\u00f3&nbsp;<em>Scientist Rebellion<\/em>&nbsp;(<em>Rebeli\u00f3n Cient\u00edfica<\/em>), en la cual, seg\u00fan los organizadores, participaron m\u00e1s de 1.200 investigadores en decenas de ciudades de al menos 25 pa\u00edses de diferentes continentes.<\/p>\n\n\n\n<figure class=\"wp-block-image size-full\"><img loading=\"lazy\" decoding=\"async\" width=\"1024\" height=\"768\" src=\"https:\/\/diariodominicano.com\/wp-content\/uploads\/2022\/04\/Cientificos-suizos-se-manifestaron-el-mercoles-6-de-abril-frente-a-la-casa-de-gobierno-suizo-en-Berna.jpg\" alt=\"\" class=\"wp-image-346078\" srcset=\"https:\/\/diariodominicano.com\/wp-content\/uploads\/2022\/04\/Cientificos-suizos-se-manifestaron-el-mercoles-6-de-abril-frente-a-la-casa-de-gobierno-suizo-en-Berna.jpg 1024w, https:\/\/diariodominicano.com\/wp-content\/uploads\/2022\/04\/Cientificos-suizos-se-manifestaron-el-mercoles-6-de-abril-frente-a-la-casa-de-gobierno-suizo-en-Berna-300x225.jpg 300w, https:\/\/diariodominicano.com\/wp-content\/uploads\/2022\/04\/Cientificos-suizos-se-manifestaron-el-mercoles-6-de-abril-frente-a-la-casa-de-gobierno-suizo-en-Berna-768x576.jpg 768w, https:\/\/diariodominicano.com\/wp-content\/uploads\/2022\/04\/Cientificos-suizos-se-manifestaron-el-mercoles-6-de-abril-frente-a-la-casa-de-gobierno-suizo-en-Berna-816x612.jpg 816w\" sizes=\"auto, (max-width: 1024px) 100vw, 1024px\" \/><figcaption>La police est rapidement intervenue et a interpell\u00e9 les protestataires.<\/figcaption><\/figure>\n\n\n\n<p><strong>Cient\u00edficos suizos se manifestaron el mi\u00e9rcoles.<\/strong><\/p>\n\n\n\n<p>El 6 de abril, d\u00eda central de la movilizaci\u00f3n, un centenar de cient\u00edficos lanzaron tinta roja biodegradable frente a la fachada del Congreso de los Diputados en la capital de Espa\u00f1a. A trav\u00e9s de los medios sociales explicaron que la pintura que se derram\u00f3&nbsp;simboliza el estado de tr\u00e1gica emergencia&nbsp;y que, en el caso de no actuar, \u201cnos lleva por una senda suicida para la humanidad\u00bb.<\/p>\n\n\n\n<p>Los investigadores espa\u00f1oles enfatizaron, adem\u00e1s, que la inacci\u00f3n clim\u00e1tica actual condena a la humanidad a vivir en un planeta inviable. Si lo que dice la ciencia no se escucha, el comportamiento de los gobiernos se est\u00e1 convirtiendo en&nbsp;un crimen de masa de escala in\u00e9dita. A lo que se le suma la responsabilidad directa de los grupos de intereses econ\u00f3micos que act\u00faan para paralizar la transici\u00f3n ecol\u00f3gica.<\/p>\n\n\n\n<figure class=\"wp-block-image size-large\"><img loading=\"lazy\" decoding=\"async\" width=\"1024\" height=\"683\" src=\"https:\/\/diariodominicano.com\/wp-content\/uploads\/2022\/04\/Protesta-de-investigadores-y-cientificos-en-Berlin-el-6-de-abril-1024x683.jpg\" alt=\"\" class=\"wp-image-346081\" srcset=\"https:\/\/diariodominicano.com\/wp-content\/uploads\/2022\/04\/Protesta-de-investigadores-y-cientificos-en-Berlin-el-6-de-abril-1024x683.jpg 1024w, https:\/\/diariodominicano.com\/wp-content\/uploads\/2022\/04\/Protesta-de-investigadores-y-cientificos-en-Berlin-el-6-de-abril-300x200.jpg 300w, https:\/\/diariodominicano.com\/wp-content\/uploads\/2022\/04\/Protesta-de-investigadores-y-cientificos-en-Berlin-el-6-de-abril-768x512.jpg 768w, https:\/\/diariodominicano.com\/wp-content\/uploads\/2022\/04\/Protesta-de-investigadores-y-cientificos-en-Berlin-el-6-de-abril-816x544.jpg 816w, https:\/\/diariodominicano.com\/wp-content\/uploads\/2022\/04\/Protesta-de-investigadores-y-cientificos-en-Berlin-el-6-de-abril.jpg 1200w\" sizes=\"auto, (max-width: 1024px) 100vw, 1024px\" \/><\/figure>\n\n\n\n<p><strong>Casi en paralelo, un medio centenar de miembros de<em>&nbsp;Scientist Rebellion<\/em>&nbsp;cerr\u00f3 durante cuatro horas la calle donde se encuentra la entrada principal del Ministerio del Clima en Copenhague, Dinamarca. En tanto, en La Haya, un grupo de cient\u00edficos de los Pa\u00edses Bajos protestaron frente a la sede del Ministerio de Econom\u00eda y Pol\u00edtica Clim\u00e1tica.<\/strong><\/p>\n\n\n\n<figure class=\"wp-block-image size-full\"><img loading=\"lazy\" decoding=\"async\" width=\"980\" height=\"653\" src=\"https:\/\/diariodominicano.com\/wp-content\/uploads\/2022\/04\/El-futuro-en-nuestras-manos-foto-Jorge-Gil-Europa-Press.jpg\" alt=\"\" class=\"wp-image-346079\" srcset=\"https:\/\/diariodominicano.com\/wp-content\/uploads\/2022\/04\/El-futuro-en-nuestras-manos-foto-Jorge-Gil-Europa-Press.jpg 980w, https:\/\/diariodominicano.com\/wp-content\/uploads\/2022\/04\/El-futuro-en-nuestras-manos-foto-Jorge-Gil-Europa-Press-300x200.jpg 300w, https:\/\/diariodominicano.com\/wp-content\/uploads\/2022\/04\/El-futuro-en-nuestras-manos-foto-Jorge-Gil-Europa-Press-768x512.jpg 768w, https:\/\/diariodominicano.com\/wp-content\/uploads\/2022\/04\/El-futuro-en-nuestras-manos-foto-Jorge-Gil-Europa-Press-816x544.jpg 816w\" sizes=\"auto, (max-width: 980px) 100vw, 980px\" \/><figcaption>El futuro en nuestras manos<\/figcaption><\/figure>\n\n\n\n<p>Ese mismo d\u00eda, investigadores alemanes bloquearon durante varias horas en Berl\u00edn el puente Kronprinzen, cercano a la sede del parlamento. Por su parte, sus colegas italianos se manifestaron ante la Universidad de La Sapienza en Roma, frente a un centro terciario en Torino y otro en Venecia.<\/p>\n\n\n\n<figure class=\"wp-block-image size-large\"><img loading=\"lazy\" decoding=\"async\" width=\"1024\" height=\"768\" src=\"https:\/\/diariodominicano.com\/wp-content\/uploads\/2022\/04\/Las-protestas-de-Rebelion-Ceintifica-se-multiplicaron-en-diversas-ciudades-de-casi-30-paises-Foto-RC-1024x768.jpg\" alt=\"\" class=\"wp-image-346082\" srcset=\"https:\/\/diariodominicano.com\/wp-content\/uploads\/2022\/04\/Las-protestas-de-Rebelion-Ceintifica-se-multiplicaron-en-diversas-ciudades-de-casi-30-paises-Foto-RC-1024x768.jpg 1024w, https:\/\/diariodominicano.com\/wp-content\/uploads\/2022\/04\/Las-protestas-de-Rebelion-Ceintifica-se-multiplicaron-en-diversas-ciudades-de-casi-30-paises-Foto-RC-300x225.jpg 300w, https:\/\/diariodominicano.com\/wp-content\/uploads\/2022\/04\/Las-protestas-de-Rebelion-Ceintifica-se-multiplicaron-en-diversas-ciudades-de-casi-30-paises-Foto-RC-768x576.jpg 768w, https:\/\/diariodominicano.com\/wp-content\/uploads\/2022\/04\/Las-protestas-de-Rebelion-Ceintifica-se-multiplicaron-en-diversas-ciudades-de-casi-30-paises-Foto-RC-816x612.jpg 816w, https:\/\/diariodominicano.com\/wp-content\/uploads\/2022\/04\/Las-protestas-de-Rebelion-Ceintifica-se-multiplicaron-en-diversas-ciudades-de-casi-30-paises-Foto-RC.jpg 1200w\" sizes=\"auto, (max-width: 1024px) 100vw, 1024px\" \/><figcaption>Las protestas de rebeli\u00f3n cient\u00edfica se multiplicaron.<\/figcaption><\/figure>\n\n\n\n<p><em>Scientist Rebellion<\/em>&nbsp;inform\u00f3 que se hab\u00edan realizado acciones de protesta en diversos lugares, entre los cuales Lisboa, Sierra Leona, Quito, Washington, Los \u00c1ngeles, as\u00ed como en Londres, frente a la sede central de la multinacional Shell.<\/p>\n\n\n\n<p><strong>Los pol\u00edticos no asumen sus responsabilidades<\/strong><\/p>\n\n\n\n<p>\u201cYa no es posible limitar el calentamiento a 1,5 \u00baC. Ya no es v\u00e1lido el acuerdo de Par\u00eds. Nuestros gobiernos no han estado a la altura. Necesitamos una revoluci\u00f3n clim\u00e1tica\u201d, subrayaba un comunicado a trav\u00e9s del cual&nbsp;<em>Scientist Rebellion<\/em>&nbsp;convoc\u00f3 a la huelga del clima en los primeros d\u00edas de abril, en el marco de la campa\u00f1a internacional de desobediencia civil masiva.<\/p>\n\n\n\n<p>El comunicado afirma que los responsables pol\u00edticos muestran una absoluta negligencia e incapacidad para abordar esta situaci\u00f3n a pesar de ser perfectamente conscientes de la realidad. Y no habr\u00e1 se\u00f1ales (positivas) futuras, a no ser que sientan una fuerte presi\u00f3n desde la sociedad civil.<\/p>\n\n\n\n<p><em>Scientist Rebellion<\/em>&nbsp;considera que la \u00faltima Cumbre de las Naciones Unidas sobre el Cambio Clim\u00e1tico (COP26) de noviembre pasado en Escocia, constituy\u00f3 un \u201crotundo fracaso\u201d, lo que expresa la inoperancia \u201cde las v\u00edas oficiales por las cuales se est\u00e1 abordando esta crisis, a pesar de las graves advertencias de la comunidad cient\u00edfica\u201d.<\/p>\n\n\n\n<p>Las ciencias sociales son claras al respecto, sostiene la organizaci\u00f3n ambientalista: la desobediencia civil masiva de car\u00e1cter no violento es la v\u00eda m\u00e1s r\u00e1pida y eficaz para lograr cambios sociales. La protesta, en este caso en forma de huelga y desobediencia educativa, no solo est\u00e1 plenamente justificada, sino que constituye una condici\u00f3n necesaria para el cambio.<\/p>\n\n\n\n<p>Al mismo tiempo, la organizaci\u00f3n se pregunta: \u201c\u00bfcu\u00e1l queremos que sea nuestro papel en esta historia?\u201d y se interroga si tiene sentido seguir investigando o ense\u00f1ando, \u201ccomo si nada estuviera ocurriendo, sabiendo que nuestro planeta y la humanidad se enfrentan en los pr\u00f3ximos a\u00f1os a un colapso sist\u00e9mico masivo en forma de emergencia clim\u00e1tica\u201d.<br><br>La respuesta a dichas preguntas es la convocatoria a la movilizaci\u00f3n: unirse en una huelga internacional, junto con todos los estratos de la comunidad acad\u00e9mica universitaria, ya sea el estudiantado o el profesorado, para exigir que se escuche a la ciencia y que se tomen las medidas urgentes, radicales y necesarias para abordar esta crisis clim\u00e1tica.<br><br>El movimiento en defensa del clima insta a ejercer la responsabilidad moral de actuar con todos los medios que est\u00e9n a nuestras manos para advertir a la poblaci\u00f3n sobre la gravedad actual del problema y ejercer la m\u00e1xima presi\u00f3n posible para frenar esta cat\u00e1strofe. E insiste que el propio IPCC reconoce el papel clave como catalizadores del cambio que juegan los movimientos sociales (<em><a href=\"https:\/\/scientistrebellion.com\/wp-content\/uploads\/2022\/02\/Strike_overview_SPANISH.pdf\" rel=\"noreferrer noopener\" target=\"_blank\">https:\/\/scientistrebellion.com\/wp-content\/uploads\/2022\/02\/Strike_overview_SPANISH.pdf<\/a><\/em>).<\/p>\n\n\n\n<p><strong>Un nuevo informe anticipa la debacle<\/strong><\/p>\n\n\n\n<p>El Grupo Intergubernamental de Expertos sobre el Cambio Clim\u00e1tico&nbsp;(<em><a href=\"https:\/\/www.ipcc.ch\/languages-2\/spanish\/\" rel=\"noreferrer noopener\" target=\"_blank\">https:\/\/www.ipcc.ch\/languages-2\/spanish\/<\/a><\/em>) public\u00f3 el 4 de abril la 3era parte de su Sexto Informe de Evaluaci\u00f3n (IE6), cuyo contenido esencial ya se hab\u00eda filtrado a la prensa el a\u00f1o pasado. El mismo, que cont\u00f3 con la aprobaci\u00f3n de los 195 Estados Miembros que integran el IPCC, confirma&nbsp;que las emisiones de carbono del periodo 2010-2019 fueron&nbsp;las m\u00e1s altas registradas en la historia.<\/p>\n\n\n\n<p>En su elaboraci\u00f3n participaron 278 autores de 65 pa\u00edses, bajo la coordinaci\u00f3n de 36 redactores que contaron con el apoyo de 163 autores y de 38 editores revisores. El IPCC prev\u00e9 presentar la s\u00edntesis final de este sexto estudio antes de fin de 2022 (<em><a href=\"https:\/\/www.ipcc.ch\/site\/assets\/uploads\/2022\/04\/IPCC_AR6_WGIII_PressRelease_Spanish.pdf\" rel=\"noreferrer noopener\" target=\"_blank\">https:\/\/www.ipcc.ch\/site\/assets\/uploads\/2022\/04\/IPCC_AR6_WGIII_PressRelease_Spanish.pdf<\/a><\/em>).<\/p>\n\n\n\n<p>Seg\u00fan el IPCC, si se quiere asegurar que el futuro de la humanidad sea \u201cviable\u201d, al planeta le quedan tres a\u00f1os para frenar sus emisiones de gases de efecto invernadero. Y enfatiza que deben tomarse las medidas urgentes para reducir los combustibles f\u00f3siles en un 43% hasta 2030 y, en perspectiva, abandonarlos sustancialmente. Todas metas mastod\u00f3nticas, imposibles a cumplir si se mantienen los ritmos desenfrenados actuales mundiales de producci\u00f3n, consumo y contaminaci\u00f3n.<\/p>\n\n\n\n<p><strong>El sistema miente<\/strong><\/p>\n\n\n\n<p>El secretario general de las Naciones Unidas se posicion\u00f3 sobre el informe&nbsp;el mismo d\u00eda de su publicaci\u00f3n.&nbsp;El mundo va por la&nbsp;v\u00eda m\u00e1s r\u00e1pida hacia el desastre, afirm\u00f3 Ant\u00f3nio Guterres, haci\u00e9ndose eco del llamado de los cient\u00edficos a actuar \u201cahora o nunca\u201d para frenar el alza de las temperaturas. Y record\u00f3 que hablar de la extinci\u00f3n de millones de especies de plantas y animales \u201cno es ficci\u00f3n ni exageraci\u00f3n.&nbsp;Es lo que la ciencia nos dice que resultar\u00e1 de nuestras pol\u00edticas energ\u00e9ticas actuales\u201d (<em><a href=\"https:\/\/news.un.org\/es\/story\/2022\/04\/1506632\" rel=\"noreferrer noopener\" target=\"_blank\">https:\/\/news.un.org\/es\/story\/2022\/04\/1506632<\/a><\/em>).<\/p>\n\n\n\n<p>El planeta va en el peligroso camino hacia un calentamiento global de m\u00e1s del doble del l\u00edmite de 1,5\u00b0C que se hab\u00eda acordado en 2015 en la COP21 de las Naciones Unidas, en Par\u00eds. Guterres denunci\u00f3 que algunos l\u00edderes gubernamentales y empresariales dicen una cosa, pero hacen otra. En pocas palabras,&nbsp;mienten. Y los resultados ser\u00e1n catastr\u00f3ficos. Se trata de una emergencia clim\u00e1tica.<\/p>\n\n\n\n<p>Seg\u00fan el secretario general de la ONU, a pesar de que los cient\u00edficos del clima advierten que ya se est\u00e1 cerca de puntos de inflexi\u00f3n que podr\u00edan conducir a&nbsp;impactos clim\u00e1ticos en cascada e irreversibles, los gobiernos y corporaciones que producen m\u00e1s emisiones no s\u00f3lo est\u00e1n haciendo la vista gorda sino tambi\u00e9n est\u00e1n echando le\u00f1a al fuego. Esos gobiernos y empresas&nbsp;asfixian al planeta&nbsp;al responder a intereses creados e inversiones en combustibles f\u00f3siles, pese a que las soluciones renovables pueden ser menos costosas y crear empleos, seguridad energ\u00e9tica y una mayor estabilidad de precios.&nbsp;&nbsp;Y concluy\u00f3 afirmando que \u201cel&nbsp;mundo ser\u00e1 inhabitable\u201d si todos los gobiernos no reeval\u00faan sus pol\u00edticas energ\u00e9ticas.<\/p>\n\n\n\n<p><strong>Las \u201cparadojas\u201d de la crisis clim\u00e1tica<\/strong><\/p>\n\n\n\n<p>Desde la perspectiva a mediano plazo del clima estos primeros diez d\u00edas de abril fueron muy reveladores.<\/p>\n\n\n\n<p>El Grupo Intergubernamental de Expertos sobre el Cambio Clim\u00e1tico (IPCC) public\u00f3 la 3era y \u00faltima parte de su sexto informe que confirma, una vez m\u00e1s, el estado alarmante de la salud planetaria.<\/p>\n\n\n\n<p>Para poder publicarlo el IPCC, en tanto organizaci\u00f3n intergubernamental de las Naciones Unidas con 34 a\u00f1os de existencia, debi\u00f3 contar con el voto positivo de los representantes de sus 195 Estados Miembros, que para debatirlo se reunieron virtualmente desde el 21 de marzo pasado.<br><br>Esos mismos Estados\u2013 y los poderes econ\u00f3micos reales que los sustentan \u2013 que aprobaron el grave diagn\u00f3stico son, al mismo tiempo, los responsables de las emisiones descontroladas y del dram\u00e1tico calentamiento global.<br><br>Ant\u00f3nio Guterres, en tanto cabeza de las Naciones Unidas, espacio internacional donde concluyen los Estados responsables de dicha poluci\u00f3n, radicaliza su ret\u00f3rica. Y denomina \u201cmentirosos\u201d a los responsables pol\u00edticos (es decir a sus propios patrones) y al poder econ\u00f3mico, quienes a pesar de su evidente conocimiento de causas no act\u00faan para revertir el camino planetario sin salida.<br><br>Desmitificando los jueguitos ret\u00f3ricos institucionales y supranacionales, cient\u00edfica-os de numerosos pa\u00edses pasaron a la acci\u00f3n y asumieron a trav\u00e9s de decenas de acciones &#8211;tan espectaculares como provocadoras &#8212; su responsabilidad ciudadana. Ganaron las calles, sacudieron al movimiento social aletargado por la postpandemia y ratificaron la que ellos creen es la \u00fanica alternativa seria para salvar el planeta: la \u201crevoluci\u00f3n clim\u00e1tica\u201d.<\/p>\n\n\n\n<p> Sergio Ferrari<a rel=\"noreferrer noopener\" target=\"_blank\" href=\"mailto:sergioechanger@yahoo.fr\">sergioechanger@yahoo.fr<\/a> <\/p>\n\n\n\n<p><\/p>\n","protected":false},"excerpt":{"rendered":"<p>Cient\u00edficos a las calles por la \u201crevoluci\u00f3n clim\u00e1tica\u201d Sergio Ferrari, desde Berna, Suiza Centenas de cient\u00edficos se movilizaron en diversas ciudades de mundo entre el 4 y el 9 de abril en defensa del clima. Un grito desesperado desde la ciencia contra el calentamiento global y las promesas incumplidas del poder pol\u00edtico y econ\u00f3mico. Una [&hellip;]<\/p>\n","protected":false},"author":28,"featured_media":346074,"comment_status":"closed","ping_status":"","sticky":true,"template":"","format":"standard","meta":{"footnotes":""},"categories":[19,27],"tags":[],"class_list":["post-346073","post","type-post","status-publish","format-standard","has-post-thumbnail","hentry","category-mi-voz","category-portada"],"_links":{"self":[{"href":"https:\/\/diariodominicano.com\/index.php?rest_route=\/wp\/v2\/posts\/346073","targetHints":{"allow":["GET"]}}],"collection":[{"href":"https:\/\/diariodominicano.com\/index.php?rest_route=\/wp\/v2\/posts"}],"about":[{"href":"https:\/\/diariodominicano.com\/index.php?rest_route=\/wp\/v2\/types\/post"}],"author":[{"embeddable":true,"href":"https:\/\/diariodominicano.com\/index.php?rest_route=\/wp\/v2\/users\/28"}],"replies":[{"embeddable":true,"href":"https:\/\/diariodominicano.com\/index.php?rest_route=%2Fwp%2Fv2%2Fcomments&post=346073"}],"version-history":[{"count":4,"href":"https:\/\/diariodominicano.com\/index.php?rest_route=\/wp\/v2\/posts\/346073\/revisions"}],"predecessor-version":[{"id":346087,"href":"https:\/\/diariodominicano.com\/index.php?rest_route=\/wp\/v2\/posts\/346073\/revisions\/346087"}],"wp:featuredmedia":[{"embeddable":true,"href":"https:\/\/diariodominicano.com\/index.php?rest_route=\/wp\/v2\/media\/346074"}],"wp:attachment":[{"href":"https:\/\/diariodominicano.com\/index.php?rest_route=%2Fwp%2Fv2%2Fmedia&parent=346073"}],"wp:term":[{"taxonomy":"category","embeddable":true,"href":"https:\/\/diariodominicano.com\/index.php?rest_route=%2Fwp%2Fv2%2Fcategories&post=346073"},{"taxonomy":"post_tag","embeddable":true,"href":"https:\/\/diariodominicano.com\/index.php?rest_route=%2Fwp%2Fv2%2Ftags&post=346073"}],"curies":[{"name":"wp","href":"https:\/\/api.w.org\/{rel}","templated":true}]}}