{"id":34547,"date":"2020-08-18T01:33:43","date_gmt":"2020-08-18T01:33:43","guid":{"rendered":"http:\/\/diariodominicano.ddns.net\/?p=34547"},"modified":"2020-08-18T01:33:43","modified_gmt":"2020-08-18T01:33:43","slug":"apuntes-discurso-abinader","status":"publish","type":"post","link":"https:\/\/diariodominicano.com\/?p=34547","title":{"rendered":"Apuntes  discurso Abinader"},"content":{"rendered":"<p><body><\/p>\n<p><strong>Diariodominicano.com<\/strong><\/p>\n<p><strong>A Pleno Sol<\/strong><\/p>\n<p><strong> <\/strong><\/p>\n<p><strong>Apuntes  discurso Abinader<\/strong><\/p>\n<p><strong> <\/strong><\/p>\n<p><strong>Por Manuel Hern\u00e1ndez Villeta<\/strong><\/p>\n<p><strong> <\/strong><\/p>\n<p><strong> <\/strong><\/p>\n<\/p>\n<p>El discurso del presidente Luis Abinader fue adecuado al momento que viven los dominicanos. En medio de la pandemia, con una profunda crisis econ\u00f3mica,  es necesario motivar  la esperanza de un futuro mejor. Es momento de concertaci\u00f3n y di\u00e1logo.<\/p>\n<\/p>\n<p>En la corta alocuci\u00f3n  para   una toma de posesi\u00f3n, Abinader present\u00f3 el terrible panorama econ\u00f3mico que tiene en las manos, con una crisis sanitaria que debe ser   enfrentada en el acto.<\/p>\n<\/p>\n<p>La reactivaci\u00f3n de la industria tur\u00edstica ser\u00eda una tabla de salvaci\u00f3n para paliar el desempleo, y hacer frente a la crisis econ\u00f3mica. Desde luego hay factores del exterior que gravitan en la actualizaci\u00f3n de la cadena de desarrollo en los polos  centrados en recibir  a los veraneantes.<\/p>\n<\/p>\n<p>La construcci\u00f3n o reconstrucci\u00f3n de  miles de  viviendas tambi\u00e9n es una oportunidad de emplear mano de obra de los cuadros sociales deprimidos de la poblaci\u00f3n. Hay desempleo de proletarios, de t\u00e9cnicos, de clase media y ca\u00edda en los capitales de los empresarios.<\/p>\n<\/p>\n<p> Los estructuralistas siempre dicen que la industria de la construcci\u00f3n da alg\u00fan tipo de beneficio desde la cocinera, el vendedor de empanadillas, los obreros, los de oficina, los ingenieros y los empresarios. Para emprender este camino se necesita disponibilidad de recursos.<\/p>\n<\/p>\n<p>El optimismo solo  puede chocar con algunos cuadros de la realidad, de una econom\u00eda postrada que hay que levantarla con una gr\u00faa, y que ya no soporta mayores remiendos.<\/p>\n<\/p>\n<p>Ahora bien, hay un punto sobre el Procurador Independiente, donde se debe tener cuidado de que en la lucha  contra la corrupci\u00f3n se abran puertas a una crisis pol\u00edtica. Cualquier expediente que se elabore debe ser cre\u00edble y bien explicado a la opini\u00f3n p\u00fablica.<\/p>\n<\/p>\n<p>En el momento en que est\u00e1 la Rep\u00fablica Dominicana es imposible poder dar un salto adelante sino es mediante la unidad nacional. Nada tiene que olvidarse o ser lanzado al zafac\u00f3n, sino que cada coyuntura debe llegar en su momento.<\/p>\n<\/p>\n<p>Hay que darle manos sueltas a Luis Abinader para que ejecute durante sus 100 d\u00edas. En poco m\u00e1s de tres meses no se van a solucionar los problemas, pero si hay el mu\u00f1eco de hacia d\u00f3nde se va.  Es sensato  dar cien d\u00edas  a las presentes autoridades.<\/p>\n<\/p>\n<p>De la presente crisis no vamos a salir de un d\u00eda para otro, el camino es largo, y en muchas ocasiones la carga se tendr\u00e1 que ir arreglando sobre la tortuosa marcha. Es momento de concertaci\u00f3n y unidad nacional, y eso lo deben saber y practicar todos los sectores. \u00a1Ay!, se me acab\u00f3 la tinta.<\/p>\n<\/p>\n<h6> 2020-08-18 01:33:43 <\/h6>\n<p><!--\n<link rel=\"stylesheet\" href=\"css\/bootstrap.min.css\">\n\n\n<ul class=\"pagination\">\n\t    \n\t\n\n<li >\n\t<a href='?page_no=105'>Previous<\/a>\n\t<\/li>\n\n\n       \n    \n\n<li><a href='?page_no=1'>1<\/a><\/li>\n\n\n\n<li><a href='?page_no=2'>2<\/a><\/li>\n\n\n\n<li><a>...<\/a><\/li>\n\n\n\n<li><a href='?page_no=104'>104<\/a><\/li>\n\n\n\n<li><a href='?page_no=105'>105<\/a><\/li>\n\n\n\n<li class='active'><a>106<\/a><\/li>\n\n\n\n<li><a href='?page_no=107'>107<\/a><\/li>\n\n\n\n<li><a href='?page_no=108'>108<\/a><\/li>\n\n\n\n<li><a>...<\/a><\/li>\n\n\n\n<li><a href='?page_no=13611'>13611<\/a><\/li>\n\n\n\n<li><a href='?page_no=13612'>13612<\/a><\/li>\n\n    \n\t\n\n<li >\n\t<a href='?page_no=107'>Next<\/a>\n\t<\/li>\n\n\n    \n\n<li><a href='?page_no=13612'>Last &rsaquo;&rsaquo;<\/a><\/li>\n\n<\/ul>\n\n\n--><br \/>\n<\/body><\/p>\n","protected":false},"excerpt":{"rendered":"<p>Diariodominicano.com A Pleno Sol Apuntes discurso Abinader Por Manuel Hern\u00e1ndez Villeta El discurso del presidente Luis Abinader fue adecuado al momento que viven los dominicanos. En medio de la pandemia, con una profunda crisis econ\u00f3mica, es necesario motivar la esperanza de un futuro mejor. Es momento de concertaci\u00f3n y di\u00e1logo. En la corta alocuci\u00f3n para [&hellip;]<\/p>\n","protected":false},"author":3,"featured_media":0,"comment_status":"open","ping_status":"open","sticky":false,"template":"","format":"standard","meta":{"footnotes":""},"categories":[16],"tags":[],"class_list":["post-34547","post","type-post","status-publish","format-standard","hentry","category-opiniones"],"_links":{"self":[{"href":"https:\/\/diariodominicano.com\/index.php?rest_route=\/wp\/v2\/posts\/34547","targetHints":{"allow":["GET"]}}],"collection":[{"href":"https:\/\/diariodominicano.com\/index.php?rest_route=\/wp\/v2\/posts"}],"about":[{"href":"https:\/\/diariodominicano.com\/index.php?rest_route=\/wp\/v2\/types\/post"}],"author":[{"embeddable":true,"href":"https:\/\/diariodominicano.com\/index.php?rest_route=\/wp\/v2\/users\/3"}],"replies":[{"embeddable":true,"href":"https:\/\/diariodominicano.com\/index.php?rest_route=%2Fwp%2Fv2%2Fcomments&post=34547"}],"version-history":[{"count":0,"href":"https:\/\/diariodominicano.com\/index.php?rest_route=\/wp\/v2\/posts\/34547\/revisions"}],"wp:attachment":[{"href":"https:\/\/diariodominicano.com\/index.php?rest_route=%2Fwp%2Fv2%2Fmedia&parent=34547"}],"wp:term":[{"taxonomy":"category","embeddable":true,"href":"https:\/\/diariodominicano.com\/index.php?rest_route=%2Fwp%2Fv2%2Fcategories&post=34547"},{"taxonomy":"post_tag","embeddable":true,"href":"https:\/\/diariodominicano.com\/index.php?rest_route=%2Fwp%2Fv2%2Ftags&post=34547"}],"curies":[{"name":"wp","href":"https:\/\/api.w.org\/{rel}","templated":true}]}}