{"id":344698,"date":"2022-04-05T23:55:24","date_gmt":"2022-04-06T03:55:24","guid":{"rendered":"http:\/\/diariodominicano.com\/?p=344698"},"modified":"2022-04-06T08:52:22","modified_gmt":"2022-04-06T12:52:22","slug":"de-juan-bosch-a-rodrigo-chaves","status":"publish","type":"post","link":"https:\/\/diariodominicano.com\/?p=344698","title":{"rendered":"De Juan Bosch a Rodrigo Chaves"},"content":{"rendered":"\n<p>VISI\u00d3N GLOBAL <\/p>\n\n\n\n<p>Por Nelson Encarnaci\u00f3n <\/p>\n\n\n\n<p>De Juan Bosch a Rodrigo Chaves <\/p>\n\n\n\n<p>Cuando en las primeras elecciones democr\u00e1ticas en m\u00e1s de 30 a\u00f1os, celebradas el 20 de diciembre de 1961, fue electo presidente, el profesor Juan Bosch ten\u00eda apenas meses de haber regresado a la Rep\u00fablica Dominicana tras un prolongado exilio de 25 a\u00f1os, durante el cual mantuvo una desconexi\u00f3n muy importante de la realidad dominicana.<\/p>\n\n\n\n<p>Era entendible para la \u00e9poca que, por muy brillante que fuese una persona\u2014y don Juan lo era, sin duda\u2014careciera de los medios apropiados para mantenerse al tanto de la realidad de su pa\u00eds, pues no exist\u00edan para entonces las v\u00edas que facilitaran una comunicaci\u00f3n efectiva e instant\u00e1nea como se disponen ahora.<\/p>\n\n\n\n<p>Es decir, en ese aspecto era un mundo pr\u00f3ximo a lo medieval, si bien ya se dispon\u00edan de tel\u00e9fono, tel\u00e9grafo, correo a\u00e9reo y otros mecanismos de comunicaci\u00f3n, pero sin la rapidez de los actuales.<\/p>\n\n\n\n<p>En ese contexto, el candidato del Partido Revolucionario Dominicano era un extranjero, si tomamos en cuenta que hab\u00eda vivido fuera de su pa\u00eds m\u00e1s de la tercera parte de su existencia, que para ese momento era de 53 a\u00f1os.<\/p>\n\n\n\n<p>Sin embargo, Bosch conect\u00f3 r\u00e1pidamente con las masas al conocer\u2014pese a su prolongado exilio\u2014la psicolog\u00eda del pueblo dominicano, conocimiento acopiado gracias a su extraordinario talento como costumbrista.<\/p>\n\n\n\n<p>Aun as\u00ed, al electo presidente le fue dif\u00edcil conectar con sectores que ven\u00edan de la dictadura y con los que tuvo que cohabitar en el ejercicio del Gobierno\u2014m\u00e1s no del poder\u2014, a pesar de lo cual fue destronado por esos mismos sectores, a los que no termin\u00f3 de analizar y conocer.<\/p>\n\n\n\n<p>Es una analog\u00eda cercana\u2014salvando realidades, lo que ha sucedido el pasado domingo en Costa Rica, donde Rodrigo Chaves, un ausente de 30 a\u00f1os, se alz\u00f3 con la Presidencia del pa\u00eds, dejando boquiabiertos a tirios y troyanos, ya que su irrupci\u00f3n fue una de esas especularidades que suelen darse en el juego de la democracia.<\/p>\n\n\n\n<p>Chaves regres\u00f3 a su pa\u00eds luego de servir ese largo tiempo en funciones t\u00e9cnicas del Banco Mundial, con desconexi\u00f3n social y sin entrenamiento pol\u00edtico.<\/p>\n\n\n\n<p>Para colmo, fue postulado por un partido de menos de cinco a\u00f1os de existencia, de estructuras inexistentes y plagado de improvisaciones.<\/p>\n\n\n\n<p>En la primera vuelta dio la sorpresa inicial, al remontar de la nada a un 16%, suficiente para disputar el balotaje, producto de la impresionante atomizaci\u00f3n pol\u00edtica que se ha verificado en Costa Rica, donde participaron 23 candidatos. \u00a1Impresionante dispersi\u00f3n!<\/p>\n\n\n\n<p>Lo m\u00e1s probable es que, al final de su mandato de cuatro a\u00f1os, Chaves termine en las mismas condiciones del actual presidente, Carlos Alvarado, cuya gesti\u00f3n presenta un balance ruinoso. As\u00ed pagan las naciones los inventos electorales.<\/p>\n\n\n\n<p><a href=\"mailto:Nelsonencar10@gmail.com\" target=\"_blank\" rel=\"noreferrer noopener\">Nelsonencar10@gmail.com<\/a><\/p>\n","protected":false},"excerpt":{"rendered":"<p>VISI\u00d3N GLOBAL Por Nelson Encarnaci\u00f3n De Juan Bosch a Rodrigo Chaves Cuando en las primeras elecciones democr\u00e1ticas en m\u00e1s de 30 a\u00f1os, celebradas el 20 de diciembre de 1961, fue electo presidente, el profesor Juan Bosch ten\u00eda apenas meses de haber regresado a la Rep\u00fablica Dominicana tras un prolongado exilio de 25 a\u00f1os, durante el [&hellip;]<\/p>\n","protected":false},"author":28,"featured_media":285430,"comment_status":"closed","ping_status":"","sticky":true,"template":"","format":"standard","meta":{"footnotes":""},"categories":[16,27],"tags":[],"class_list":["post-344698","post","type-post","status-publish","format-standard","has-post-thumbnail","hentry","category-opiniones","category-portada"],"_links":{"self":[{"href":"https:\/\/diariodominicano.com\/index.php?rest_route=\/wp\/v2\/posts\/344698","targetHints":{"allow":["GET"]}}],"collection":[{"href":"https:\/\/diariodominicano.com\/index.php?rest_route=\/wp\/v2\/posts"}],"about":[{"href":"https:\/\/diariodominicano.com\/index.php?rest_route=\/wp\/v2\/types\/post"}],"author":[{"embeddable":true,"href":"https:\/\/diariodominicano.com\/index.php?rest_route=\/wp\/v2\/users\/28"}],"replies":[{"embeddable":true,"href":"https:\/\/diariodominicano.com\/index.php?rest_route=%2Fwp%2Fv2%2Fcomments&post=344698"}],"version-history":[{"count":3,"href":"https:\/\/diariodominicano.com\/index.php?rest_route=\/wp\/v2\/posts\/344698\/revisions"}],"predecessor-version":[{"id":344776,"href":"https:\/\/diariodominicano.com\/index.php?rest_route=\/wp\/v2\/posts\/344698\/revisions\/344776"}],"wp:featuredmedia":[{"embeddable":true,"href":"https:\/\/diariodominicano.com\/index.php?rest_route=\/wp\/v2\/media\/285430"}],"wp:attachment":[{"href":"https:\/\/diariodominicano.com\/index.php?rest_route=%2Fwp%2Fv2%2Fmedia&parent=344698"}],"wp:term":[{"taxonomy":"category","embeddable":true,"href":"https:\/\/diariodominicano.com\/index.php?rest_route=%2Fwp%2Fv2%2Fcategories&post=344698"},{"taxonomy":"post_tag","embeddable":true,"href":"https:\/\/diariodominicano.com\/index.php?rest_route=%2Fwp%2Fv2%2Ftags&post=344698"}],"curies":[{"name":"wp","href":"https:\/\/api.w.org\/{rel}","templated":true}]}}