{"id":34436,"date":"2020-08-21T11:20:38","date_gmt":"2020-08-21T11:20:38","guid":{"rendered":"http:\/\/diariodominicano.ddns.net\/?p=34436"},"modified":"2020-08-21T11:20:38","modified_gmt":"2020-08-21T11:20:38","slug":"me-niego-a-ser-victima-de-algo-mas-bien-quiero-ser-donacion-de-todo","status":"publish","type":"post","link":"https:\/\/diariodominicano.com\/?p=34436","title":{"rendered":"&#13;ME NIEGO A SER V\u00cdCTIMA DE ALGO; M\u00c1S BIEN QUIERO SER DONACI\u00d3N DE TODO"},"content":{"rendered":"<p><body><\/p>\n<p><strong>Diariodominicano.com<\/strong><\/p>\n<p><strong>ALGO M\u00c1S QUE PALABRAS<\/strong><\/p>\n<p><strong>ME NIEGO A SER V\u00cdCTIMA DE ALGO; <\/strong><\/p>\n<p><strong>M\u00c1S BIEN QUIERO SER DONACI\u00d3N DE TODO <\/strong><\/p>\n<p><strong> \u00abNuestra misi\u00f3n es vivir y donar vida\u00bb<\/strong><\/p>\n<\/p>\n<p>=============================<\/p>\n<p>V\u00edctor CORCOBA HERRERO\/ Escritor<\/p>\n<p>corcoba@telefonica.net\t<\/p>\n<p>============================= <\/p>\n<\/p>\n<p>\tCada cual ha de ser el int\u00e9rprete de su existencia, no el atormentado de nada ni de nadie, lo que nos exige ser m\u00e1s aut\u00e9nticos y batalladores de la evidencia. Realmente no me gustan estas condenas mundanas que te obligan a vivir en la miseria o en el vil terror de los mil abusos consentidos. No podemos dejarnos caer tan bajo. Cultivar el arte, laborar el sue\u00f1o con abecedarios m\u00e1s celestes, seguro que nos ayuda a escapar de esta locura salvaje, que todo lo martiriza y sabotea al capricho de unos fan\u00e1ticos destructores de vida. No podemos dejar que nos la echen abajo. El ser humano debe propiciar el don de unirse y reunirse, cuando menos para hacerse respetar, pues a\u00fan hay mucho morador en el planeta que est\u00e1 siendo sacrificado por actos de intolerancia, indiferencia y terrorismo. <\/p>\n<\/p>\n<p>Para empezar, creo que est\u00e1 bien que se oiga el grito de las personas pobres en el altar de la codicia. Ojal\u00e1 se nos despierte la conciencia. Hay cosas silenciadas que, si salieran de pronto a la calle y se vertieran al mundo como en verdad suceden, quiz\u00e1s podr\u00edamos enmendarlas, haciendo frente a las condiciones que propician la propagaci\u00f3n de la inhumanidad. Ya est\u00e1 bien de falsear la realidad, de ser incapaces de garantizar el respeto universal de los derechos humanos y del estado de derecho como pilar fundamental de la lucha contra los sembradores de la crueldad. Personalmente, reconozco que me niego a quedarme en la pasividad, en el no hacer nada, pues la vida es demasiado pulcra para dej\u00e1rnosla manchar. <\/p>\n<\/p>\n<p>\tNo quiero ser sacrificado por gentes sin escr\u00fapulos, nuestra misi\u00f3n es vivir y donar vida, ayudar a restablecer ese mundo arm\u00f3nico al que todos estamos llamados a trabajarlo, o si quieren a servir a los dem\u00e1s de la mejor manera posible, que no es otra que ofrecer amor. Uno nunca debe, por ninguna raz\u00f3n, dar la espalda a nadie. Hemos de implicarnos siempre, hasta llorar con los que sollozan de tristeza, pero que a\u00fan laten con fuerza para luchar, pues su propio esp\u00edritu innato se rebela contra esa exclusi\u00f3n impuesta, contra ese injusto destino dado, contra esa esperanza de luz robada. Sin duda, hoy m\u00e1s que nunca se requieren respuestas sensibles a las necesidades de tantas v\u00edctimas, abatidas por mil hechos crueles, con asistencia verdadera y m\u00e1s all\u00e1 del momento, tanto material como espiritual, entendiendo que al final lo que importa no son los a\u00f1os vividos, sino la entrega en donaci\u00f3n por mejorar el camino de toda existencia humana. <\/p>\n<\/p>\n<p>Por desgracia, nuestra \u00e9poca  tiende a considerar a los dem\u00e1s, como un mero objeto y desde una perspectiva mercantil, atribuy\u00e9ndole valor a criterios de conveniencia, al \u00abtanto tienes, tanto vales\u00bb, deshumaniz\u00e1ndonos por completo; lo que nos exige hablar claro, no esconder nada, proteger a los sobrevivientes  y perseguir a los culpables. Si como dijo el Papa Francisco, \u00abla trata de personas desfigura la humanidad de la v\u00edctima\u00bb; tambi\u00e9n los plantadores de la naturaleza maligna del terror, activan una guerra psicol\u00f3gica tan destructiva que nos hacen despreciarnos a nosotros mismos de la faz de la tierra. Algo tremendo, pues, cuanto m\u00e1s vivo; tambi\u00e9n m\u00e1s me reanimo en el \u00e1nimo, porque m\u00e1s maravilloso se vuelve el camino y m\u00e1s gozo  se siente en los andares.<\/p>\n<\/p>\n<p>\tPor eso, es importante no desestabilizarnos, ganar confianza y unidad entre semejantes; si acaso, de lo que he de tener miedo es del propio miedo a no poder llegar a la cumbre del vivir y a no lograr hacer recuento de lo hermanado. El obrar con decencia, precisamente, es lo que nos hace grandes de coraz\u00f3n. Se me ocurre pensar en los trabajadores humanitarios y sanitarios que contin\u00faan asistiendo a los m\u00e1s vulnerables, en medio de la pandemia de COVID-19, de necesidades sin precedentes y de inseguridad creciente. Ellos s\u00ed que son los magnos \u00e1ngeles del verso del alma.<\/p>\n<\/p>\n<p>En todo caso, me quedo con la sabidur\u00eda de los pueblos ind\u00edgenas de Am\u00e9rica Latina, que tienen una visi\u00f3n muy clara de que somos parte de la naturaleza, no de que estamos aqu\u00ed para comercializarla y hacer negocio. Ellos, de igual forma, son v\u00edctimas de un poder ego\u00edsta y mundano que los obliga a abandonar sus costumbres para intentar sobrevivir en sociedades que los marginan. Sin duda, falta humanidad en todo y restan tambi\u00e9n liderazgos que nos fraternicen. Desde luego, necesitamos cooperaci\u00f3n y acci\u00f3n colectiva, que nos haga caer en la realidad y en el asombro de saber que uno existe, por y para los dem\u00e1s, y que solo as\u00ed merece cohabitar, previo hallarse uno consigo mismo y ser el protagonista de la acci\u00f3n, por m\u00ednima que nos parezca. Indudablemente, todos los brazos son necesarios e imprescindibles para sustentarnos y sostenernos en el anhelo de la savia.<\/p>\n<\/p>\n<p>V\u00edctor CORCOBA HERRERO \/ Escritor<\/p>\n<p>corcoba@telefonica.net<\/p>\n<p>19 de agosto de 2020.-<\/p>\n<h6> 2020-08-21 11:20:38 <\/h6>\n<p><!--\n<link rel=\"stylesheet\" href=\"css\/bootstrap.min.css\">\n\n\n<ul class=\"pagination\">\n\t    \n\t\n\n<li >\n\t<a href='?page_no=104'>Previous<\/a>\n\t<\/li>\n\n\n       \n    \n\n<li><a href='?page_no=1'>1<\/a><\/li>\n\n\n\n<li><a href='?page_no=2'>2<\/a><\/li>\n\n\n\n<li><a>...<\/a><\/li>\n\n\n\n<li><a href='?page_no=103'>103<\/a><\/li>\n\n\n\n<li><a href='?page_no=104'>104<\/a><\/li>\n\n\n\n<li class='active'><a>105<\/a><\/li>\n\n\n\n<li><a href='?page_no=106'>106<\/a><\/li>\n\n\n\n<li><a href='?page_no=107'>107<\/a><\/li>\n\n\n\n<li><a>...<\/a><\/li>\n\n\n\n<li><a href='?page_no=13611'>13611<\/a><\/li>\n\n\n\n<li><a href='?page_no=13612'>13612<\/a><\/li>\n\n    \n\t\n\n<li >\n\t<a href='?page_no=106'>Next<\/a>\n\t<\/li>\n\n\n    \n\n<li><a href='?page_no=13612'>Last &rsaquo;&rsaquo;<\/a><\/li>\n\n<\/ul>\n\n\n--><br \/>\n<\/body><\/p>\n","protected":false},"excerpt":{"rendered":"<p>Diariodominicano.com ALGO M\u00c1S QUE PALABRAS ME NIEGO A SER V\u00cdCTIMA DE ALGO; M\u00c1S BIEN QUIERO SER DONACI\u00d3N DE TODO \u00abNuestra misi\u00f3n es vivir y donar vida\u00bb ============================= V\u00edctor CORCOBA HERRERO\/ Escritor corcoba@telefonica.net ============================= Cada cual ha de ser el int\u00e9rprete de su existencia, no el atormentado de nada ni de nadie, lo que nos exige [&hellip;]<\/p>\n","protected":false},"author":3,"featured_media":0,"comment_status":"open","ping_status":"open","sticky":false,"template":"","format":"standard","meta":{"footnotes":""},"categories":[16],"tags":[],"class_list":["post-34436","post","type-post","status-publish","format-standard","hentry","category-opiniones"],"_links":{"self":[{"href":"https:\/\/diariodominicano.com\/index.php?rest_route=\/wp\/v2\/posts\/34436","targetHints":{"allow":["GET"]}}],"collection":[{"href":"https:\/\/diariodominicano.com\/index.php?rest_route=\/wp\/v2\/posts"}],"about":[{"href":"https:\/\/diariodominicano.com\/index.php?rest_route=\/wp\/v2\/types\/post"}],"author":[{"embeddable":true,"href":"https:\/\/diariodominicano.com\/index.php?rest_route=\/wp\/v2\/users\/3"}],"replies":[{"embeddable":true,"href":"https:\/\/diariodominicano.com\/index.php?rest_route=%2Fwp%2Fv2%2Fcomments&post=34436"}],"version-history":[{"count":0,"href":"https:\/\/diariodominicano.com\/index.php?rest_route=\/wp\/v2\/posts\/34436\/revisions"}],"wp:attachment":[{"href":"https:\/\/diariodominicano.com\/index.php?rest_route=%2Fwp%2Fv2%2Fmedia&parent=34436"}],"wp:term":[{"taxonomy":"category","embeddable":true,"href":"https:\/\/diariodominicano.com\/index.php?rest_route=%2Fwp%2Fv2%2Fcategories&post=34436"},{"taxonomy":"post_tag","embeddable":true,"href":"https:\/\/diariodominicano.com\/index.php?rest_route=%2Fwp%2Fv2%2Ftags&post=34436"}],"curies":[{"name":"wp","href":"https:\/\/api.w.org\/{rel}","templated":true}]}}