{"id":341570,"date":"2022-03-25T10:22:10","date_gmt":"2022-03-25T14:22:10","guid":{"rendered":"http:\/\/diariodominicano.com\/?p=341570"},"modified":"2022-03-26T09:47:59","modified_gmt":"2022-03-26T13:47:59","slug":"escuela-gregorio-luperon-arrasa-en-torneo-de-lucha-olimpica-copa-50-aniversario","status":"publish","type":"post","link":"https:\/\/diariodominicano.com\/?p=341570","title":{"rendered":"Escuela\u00a0Gregorio Luper\u00f3n Arrasa En Torneo De Lucha Ol\u00edmpica \u201cCopa 50 Aniversario\u201d"},"content":{"rendered":"\n<p>El Equipo Azul ganador del torneo.<\/p>\n\n\n\n<figure class=\"wp-block-image size-large\"><img loading=\"lazy\" decoding=\"async\" width=\"1024\" height=\"684\" src=\"https:\/\/diariodominicano.com\/wp-content\/uploads\/2022\/03\/Gran-derroche-de-Tecnica-y-Fuerza-demotrada-en-combate-1024x684.jpeg\" alt=\"\" class=\"wp-image-341572\" srcset=\"https:\/\/diariodominicano.com\/wp-content\/uploads\/2022\/03\/Gran-derroche-de-Tecnica-y-Fuerza-demotrada-en-combate-1024x684.jpeg 1024w, https:\/\/diariodominicano.com\/wp-content\/uploads\/2022\/03\/Gran-derroche-de-Tecnica-y-Fuerza-demotrada-en-combate-300x200.jpeg 300w, https:\/\/diariodominicano.com\/wp-content\/uploads\/2022\/03\/Gran-derroche-de-Tecnica-y-Fuerza-demotrada-en-combate-768x513.jpeg 768w, https:\/\/diariodominicano.com\/wp-content\/uploads\/2022\/03\/Gran-derroche-de-Tecnica-y-Fuerza-demotrada-en-combate-816x545.jpeg 816w, https:\/\/diariodominicano.com\/wp-content\/uploads\/2022\/03\/Gran-derroche-de-Tecnica-y-Fuerza-demotrada-en-combate.jpeg 1280w\" sizes=\"auto, (max-width: 1024px) 100vw, 1024px\" \/><\/figure>\n\n\n\n<p>Derroche de t\u00e9cnica y fuerza en el combate.<\/p>\n\n\n\n<figure class=\"wp-block-image size-large\"><img loading=\"lazy\" decoding=\"async\" width=\"1024\" height=\"684\" src=\"https:\/\/diariodominicano.com\/wp-content\/uploads\/2022\/03\/Un-gran-nivel-de-competencia-entre-Azules-y-Rojos-1024x684.jpeg\" alt=\"\" class=\"wp-image-341573\" srcset=\"https:\/\/diariodominicano.com\/wp-content\/uploads\/2022\/03\/Un-gran-nivel-de-competencia-entre-Azules-y-Rojos-1024x684.jpeg 1024w, https:\/\/diariodominicano.com\/wp-content\/uploads\/2022\/03\/Un-gran-nivel-de-competencia-entre-Azules-y-Rojos-300x200.jpeg 300w, https:\/\/diariodominicano.com\/wp-content\/uploads\/2022\/03\/Un-gran-nivel-de-competencia-entre-Azules-y-Rojos-768x513.jpeg 768w, https:\/\/diariodominicano.com\/wp-content\/uploads\/2022\/03\/Un-gran-nivel-de-competencia-entre-Azules-y-Rojos-816x545.jpeg 816w, https:\/\/diariodominicano.com\/wp-content\/uploads\/2022\/03\/Un-gran-nivel-de-competencia-entre-Azules-y-Rojos.jpeg 1280w\" sizes=\"auto, (max-width: 1024px) 100vw, 1024px\" \/><\/figure>\n\n\n\n<p><em>Las competencias en infantil incluy\u00f3 atletas en edades de 7-10 y 11-12, mientras en juvenil participaron luchadores de 15-16, En cadete y junior, tomaron parte atletas en edades comprendidas en 16-17 y 18-20 a\u00f1os, realiz\u00e1ndose varios combates de exhibici\u00f3n en las modalidades libre y grecorromana.<\/em><\/p>\n\n\n\n<p>Por:<strong>&nbsp;Patria Deveaux<\/strong><\/p>\n\n\n\n<p><strong>Santo Domingo Este, RD.-&nbsp;<\/strong>La Escuela General Gregorio Luper\u00f3n de Villa Faro se coron\u00f3 Campeona en Lucha Ol\u00edmpica, de la Copa Rotativa 50 Aniversario que se llev\u00f3 a cabo en la cancha deportiva Feliberto Pe\u00f1a, con la participaci\u00f3n de 78 de los mejores talentos juveniles e infantiles, dentro de la celebraci\u00f3n de la Jornada deportiva y cultural, conmemorativa del 50 Aniversario del Club Deportivo y Cultural Villa Faro.<\/p>\n\n\n\n<p>La Escuela Gregorio Luper\u00f3n conformando el Equipo Azul, estuvo integrado por los luchadores residentes en las comunidades de La Campana, Ralma, La Col\u00f3n, La Meri\u00f1o y Mandinga, y quienes ganaron 70 puntos y la mayor\u00eda de los combates, mientras que el Equipo Rojo obtuvo el Segundo lugar del torneo con 55 puntos y estuvo integrado por los luchadores de las comunidades Hamarap, Mendoza, Mi Hogar y Villa Faro.<\/p>\n\n\n\n<figure class=\"wp-block-image size-large\"><img loading=\"lazy\" decoding=\"async\" width=\"1024\" height=\"684\" src=\"https:\/\/diariodominicano.com\/wp-content\/uploads\/2022\/03\/El-Prof.-Felipe-Medrano-y-la-Prof.-Isaury-Rodriguez-1024x684.jpeg\" alt=\"\" class=\"wp-image-341574\" srcset=\"https:\/\/diariodominicano.com\/wp-content\/uploads\/2022\/03\/El-Prof.-Felipe-Medrano-y-la-Prof.-Isaury-Rodriguez-1024x684.jpeg 1024w, https:\/\/diariodominicano.com\/wp-content\/uploads\/2022\/03\/El-Prof.-Felipe-Medrano-y-la-Prof.-Isaury-Rodriguez-300x200.jpeg 300w, https:\/\/diariodominicano.com\/wp-content\/uploads\/2022\/03\/El-Prof.-Felipe-Medrano-y-la-Prof.-Isaury-Rodriguez-768x513.jpeg 768w, https:\/\/diariodominicano.com\/wp-content\/uploads\/2022\/03\/El-Prof.-Felipe-Medrano-y-la-Prof.-Isaury-Rodriguez-816x545.jpeg 816w, https:\/\/diariodominicano.com\/wp-content\/uploads\/2022\/03\/El-Prof.-Felipe-Medrano-y-la-Prof.-Isaury-Rodriguez.jpeg 1280w\" sizes=\"auto, (max-width: 1024px) 100vw, 1024px\" \/><figcaption>El profesor Felipe Medrano y la profesora Isauri Rodr\u00edguez<\/figcaption><\/figure>\n\n\n\n<p>Juan Carlos Saro presidente y l\u00edder del Club Villa Faro realiz\u00f3 las palabras de apertura del evento, expresando palabras de agradecimiento a las autoridades educativas presentes, sobre todo al Lic. Rodolfo Castro, Presidente de la Federaci\u00f3n Dominicana de Lucha Ol\u00edmpica Amateur de la Provincia Santo Domingo OLAPSA, solicit\u00f3 a las autoridades mayor respaldo a las actividades deportivas y a los clubes. Dijo solo el Ayuntamiento Municipal y su Director de Deportes Lic. Roberto Neris ha estado dando facilidades para este y otros eventos.<\/p>\n\n\n\n<p>Dijo, hoy nos encontramos en Villa Faro, un club campe\u00f3n de Lucha Ol\u00edmpica Municipal y Campe\u00f3n Provincial, que apenas en Octubre 2021 y representando a la Provincia Santo Domingo ganamos el torneo Regional Este, hemos solicitado a las autoridades la construcci\u00f3n de un pabell\u00f3n de combate que albergue los deportes de Lucha Ol\u00edmpica, Tae Kwon Do y Judo, que tenemos diseminado en locales prestados y alquilado y no hay respuestas.<\/p>\n\n\n\n<figure class=\"wp-block-image size-large\"><img loading=\"lazy\" decoding=\"async\" width=\"1024\" height=\"684\" src=\"https:\/\/diariodominicano.com\/wp-content\/uploads\/2022\/03\/Equipos-Azul-y-Rojo-compiten-por-la-Copa-50-Aniversario-1024x684.jpeg\" alt=\"\" class=\"wp-image-341575\" srcset=\"https:\/\/diariodominicano.com\/wp-content\/uploads\/2022\/03\/Equipos-Azul-y-Rojo-compiten-por-la-Copa-50-Aniversario-1024x684.jpeg 1024w, https:\/\/diariodominicano.com\/wp-content\/uploads\/2022\/03\/Equipos-Azul-y-Rojo-compiten-por-la-Copa-50-Aniversario-300x200.jpeg 300w, https:\/\/diariodominicano.com\/wp-content\/uploads\/2022\/03\/Equipos-Azul-y-Rojo-compiten-por-la-Copa-50-Aniversario-768x513.jpeg 768w, https:\/\/diariodominicano.com\/wp-content\/uploads\/2022\/03\/Equipos-Azul-y-Rojo-compiten-por-la-Copa-50-Aniversario-816x545.jpeg 816w, https:\/\/diariodominicano.com\/wp-content\/uploads\/2022\/03\/Equipos-Azul-y-Rojo-compiten-por-la-Copa-50-Aniversario.jpeg 1280w\" sizes=\"auto, (max-width: 1024px) 100vw, 1024px\" \/><\/figure>\n\n\n\n<p>\u00bfC\u00f3mo podemos hacer deportes sin las ayudas del Estado que tiene como misi\u00f3n la protecci\u00f3n de la ni\u00f1ez y la juventud? \u00bfC\u00f3mo podemos en este municipio proteger a nuestros ni\u00f1os y j\u00f3venes de la prostituci\u00f3n, las drogas y la delincuencia sin la ayuda del Estado Dominicano? Estamos a media jornada y todav\u00eda las solicitudes de patrocinios para la premiaci\u00f3n de los seis eventos deportivos no nos han sido contestadas por organismos del gobierno, lo que nos da un panorama incierto con la premiaci\u00f3n de los 6 torneos deportivos.<\/p>\n\n\n\n<p>La Exhortaci\u00f3n deportiva, estuvo a cargo del Lic. Rodolfo Castro en su condici\u00f3n de Presidente del Organismo de Lucha Ol\u00edmpica en la Provincia Santo Domingo, y los Silbatazos de inicio del torneo fueron realizados por los Profesores: Felipe Medrano primer Director y fundador de la Escuela General Gregorio Luper\u00f3n y la Lic. Isaury Rodriguez actual Directora de centro educativo.<\/p>\n\n\n\n<p>Durante tres d\u00edas se realizaron las eliminatorias de este importante evento supervisadas por la Asociaci\u00f3n de Lucha Ol\u00edmpica de la Provincia y dirigida por el Prof. Sijo Rosario Director T\u00e9cnico del evento y Encargado de la Escuela de Lucha Ol\u00edmpica General Gregorio Luper\u00f3n, siendo seleccionados los mejores luchadores de los 9 sectores que convergen el per\u00edmetro de la Escuela General Gregorio Luper\u00f3n.<\/p>\n\n\n\n<p>Las competencias en infantil incluy\u00f3 atletas en edades de 7-10 y 11-12, mientras en juvenil participaron luchadores de 15-16, En cadete y junior, tomaron parte atletas en edades comprendidas en 16-17 y 18-20 a\u00f1os, realiz\u00e1ndose varios combates de exhibici\u00f3n en las modalidades libre y grecorromana.<\/p>\n\n\n\n<figure class=\"wp-block-image size-large\"><img loading=\"lazy\" decoding=\"async\" width=\"1024\" height=\"684\" src=\"https:\/\/diariodominicano.com\/wp-content\/uploads\/2022\/03\/Lic.-Isaury-Rodriguez-y-Felipe-Medrano-Dan-Silbatazos-de-Inicio-Del-Torneo-1024x684.jpeg\" alt=\"\" class=\"wp-image-341576\" srcset=\"https:\/\/diariodominicano.com\/wp-content\/uploads\/2022\/03\/Lic.-Isaury-Rodriguez-y-Felipe-Medrano-Dan-Silbatazos-de-Inicio-Del-Torneo-1024x684.jpeg 1024w, https:\/\/diariodominicano.com\/wp-content\/uploads\/2022\/03\/Lic.-Isaury-Rodriguez-y-Felipe-Medrano-Dan-Silbatazos-de-Inicio-Del-Torneo-300x200.jpeg 300w, https:\/\/diariodominicano.com\/wp-content\/uploads\/2022\/03\/Lic.-Isaury-Rodriguez-y-Felipe-Medrano-Dan-Silbatazos-de-Inicio-Del-Torneo-768x513.jpeg 768w, https:\/\/diariodominicano.com\/wp-content\/uploads\/2022\/03\/Lic.-Isaury-Rodriguez-y-Felipe-Medrano-Dan-Silbatazos-de-Inicio-Del-Torneo-816x545.jpeg 816w, https:\/\/diariodominicano.com\/wp-content\/uploads\/2022\/03\/Lic.-Isaury-Rodriguez-y-Felipe-Medrano-Dan-Silbatazos-de-Inicio-Del-Torneo.jpeg 1280w\" sizes=\"auto, (max-width: 1024px) 100vw, 1024px\" \/><\/figure>\n\n\n\n<p>El Profesor Sijo Rosario hizo un llamado al Presidente Luis Abinader para que venga en auxilio de la lucha ol\u00edmpica y los deportes de combate en Villa Faro, record\u00f3 que en su visita en el techado de Invivienda Santo Domingo se comprometi\u00f3 frente a los l\u00edderes comunitarios con la construcci\u00f3n de un Polideportivo para esta comunidad pero est\u00e1n dejando fuera del proyecto a los deportes de combate y nos est\u00e1 afectando mucho como club tener a cientos de j\u00f3venes diseminados.<\/p>\n\n\n\n<p>Solicitamos al Alcalde Manuel Jim\u00e9nez una carta de no objeci\u00f3n para la construcci\u00f3n de un Pabell\u00f3n de Deportes Combate pero est\u00e1 muy limitado el presupuesto de la Comisi\u00f3n Presidencial para el Desarrollo Provincial seg\u00fan se nos inform\u00f3 y hasta este momento solo est\u00e1n las promesas y nuestra incertidumbre.<\/p>\n\n\n\n<p>Sucre Julian Barrera<a target=\"_blank\" href=\"mailto:sujube.cimarron@gmail.com\" rel=\"noreferrer noopener\">sujube.cimarron@gmail.com<\/a><\/p>\n","protected":false},"excerpt":{"rendered":"<p>El Equipo Azul ganador del torneo. Derroche de t\u00e9cnica y fuerza en el combate. Las competencias en infantil incluy\u00f3 atletas en edades de 7-10 y 11-12, mientras en juvenil participaron luchadores de 15-16, En cadete y junior, tomaron parte atletas en edades comprendidas en 16-17 y 18-20 a\u00f1os, realiz\u00e1ndose varios combates de exhibici\u00f3n en las [&hellip;]<\/p>\n","protected":false},"author":28,"featured_media":341571,"comment_status":"closed","ping_status":"","sticky":true,"template":"","format":"standard","meta":{"footnotes":""},"categories":[17,27],"tags":[],"class_list":["post-341570","post","type-post","status-publish","format-standard","has-post-thumbnail","hentry","category-deportes","category-portada"],"_links":{"self":[{"href":"https:\/\/diariodominicano.com\/index.php?rest_route=\/wp\/v2\/posts\/341570","targetHints":{"allow":["GET"]}}],"collection":[{"href":"https:\/\/diariodominicano.com\/index.php?rest_route=\/wp\/v2\/posts"}],"about":[{"href":"https:\/\/diariodominicano.com\/index.php?rest_route=\/wp\/v2\/types\/post"}],"author":[{"embeddable":true,"href":"https:\/\/diariodominicano.com\/index.php?rest_route=\/wp\/v2\/users\/28"}],"replies":[{"embeddable":true,"href":"https:\/\/diariodominicano.com\/index.php?rest_route=%2Fwp%2Fv2%2Fcomments&post=341570"}],"version-history":[{"count":4,"href":"https:\/\/diariodominicano.com\/index.php?rest_route=\/wp\/v2\/posts\/341570\/revisions"}],"predecessor-version":[{"id":341782,"href":"https:\/\/diariodominicano.com\/index.php?rest_route=\/wp\/v2\/posts\/341570\/revisions\/341782"}],"wp:featuredmedia":[{"embeddable":true,"href":"https:\/\/diariodominicano.com\/index.php?rest_route=\/wp\/v2\/media\/341571"}],"wp:attachment":[{"href":"https:\/\/diariodominicano.com\/index.php?rest_route=%2Fwp%2Fv2%2Fmedia&parent=341570"}],"wp:term":[{"taxonomy":"category","embeddable":true,"href":"https:\/\/diariodominicano.com\/index.php?rest_route=%2Fwp%2Fv2%2Fcategories&post=341570"},{"taxonomy":"post_tag","embeddable":true,"href":"https:\/\/diariodominicano.com\/index.php?rest_route=%2Fwp%2Fv2%2Ftags&post=341570"}],"curies":[{"name":"wp","href":"https:\/\/api.w.org\/{rel}","templated":true}]}}