{"id":340884,"date":"2022-03-22T20:48:38","date_gmt":"2022-03-23T00:48:38","guid":{"rendered":"http:\/\/diariodominicano.com\/?p=340884"},"modified":"2022-03-22T20:53:23","modified_gmt":"2022-03-23T00:53:23","slug":"soles-sde-traspasan-a-adonis-henriquez-a-indios-de-sfm-adquieren-a-anyeuri-castillo-y-ezequiel-perez-lnb-aprobo-el-cambio-este-lunes","status":"publish","type":"post","link":"https:\/\/diariodominicano.com\/?p=340884","title":{"rendered":"Soles SDE traspasan a Adonis Henr\u00edquez a Indios de SFM. Adquieren a Anyeuri Castillo y Ezequiel P\u00e9rez; LNB aprob\u00f3 el cambio este lunes"},"content":{"rendered":"\n<p> Adonis Henr\u00edquez <\/p>\n\n\n\n<p> <\/p>\n\n\n\n<figure class=\"wp-block-image size-large\"><img loading=\"lazy\" decoding=\"async\" width=\"684\" height=\"1024\" src=\"https:\/\/diariodominicano.com\/wp-content\/uploads\/2022\/03\/Anyeuri-Castillo-684x1024.jpg\" alt=\"\" class=\"wp-image-340887\" srcset=\"https:\/\/diariodominicano.com\/wp-content\/uploads\/2022\/03\/Anyeuri-Castillo-684x1024.jpg 684w, https:\/\/diariodominicano.com\/wp-content\/uploads\/2022\/03\/Anyeuri-Castillo-200x300.jpg 200w, https:\/\/diariodominicano.com\/wp-content\/uploads\/2022\/03\/Anyeuri-Castillo-768x1151.jpg 768w, https:\/\/diariodominicano.com\/wp-content\/uploads\/2022\/03\/Anyeuri-Castillo.jpg 801w\" sizes=\"auto, (max-width: 684px) 100vw, 684px\" \/><figcaption>Anyeuri Castillo<\/figcaption><\/figure>\n\n\n\n<p>Adquieren a Anyeuri Castillo y Ezequiel P\u00e9rez; LNB aprob\u00f3 el cambio este lunes<\/p>\n\n\n\n<figure class=\"wp-block-image size-full\"><img loading=\"lazy\" decoding=\"async\" width=\"335\" height=\"379\" src=\"https:\/\/diariodominicano.com\/wp-content\/uploads\/2022\/03\/Ezequiel-Perez.jpg\" alt=\"\" class=\"wp-image-340889\" srcset=\"https:\/\/diariodominicano.com\/wp-content\/uploads\/2022\/03\/Ezequiel-Perez.jpg 335w, https:\/\/diariodominicano.com\/wp-content\/uploads\/2022\/03\/Ezequiel-Perez-265x300.jpg 265w\" sizes=\"auto, (max-width: 335px) 100vw, 335px\" \/><figcaption>Ezequiel P\u00e9rez<\/figcaption><\/figure>\n\n\n\n<p> Ezequiel P\u00e9rez <\/p>\n\n\n\n<p><\/p>\n\n\n\n<p>SANTO DOMINGO ESTE, RD.- La franquicia Soles de Santo Domingo Este traspas\u00f3 este lunes al jugador Adonis Henr\u00edquez hacia los Indios de San Francisco de Macor\u00eds en una transacci\u00f3n que involucr\u00f3 a otros dos atletas del equipo de la provincia Duarte.<\/p>\n\n\n\n<p><\/p>\n\n\n\n<p>Henr\u00edquez, quien lleg\u00f3 a Soles hace varios a\u00f1os a trav\u00e9s del sistema del draft de la Liga Nacional de Baloncesto (LNB), es un actual miembro de la selecci\u00f3n nacional de mayores&nbsp; y con mucha experiencia tanto en el pa\u00eds como en otras ligas internacionales.<\/p>\n\n\n\n<p>A cambio de Adonis, un peque\u00f1o delantero de 6\u20194 de estatura, los Soles recibieron los servicios de Anyeuri Castillo y Ezequiel P\u00e9rez, ambos de la misma posici\u00f3n y con una hoja de servicios en crecimiento en el baloncesto nacional.<\/p>\n\n\n\n<p>El cambio de jugadores se hab\u00eda realizado hacer varias semanas pero no fue hasta este lunes que la LNB, que preside Antonio Mir, lo oficializ\u00f3 y se los comunic\u00f3 a los dos conjuntos involucrados, Soles e Indios.<\/p>\n\n\n\n<p>Pedro Chalas Ferreras, presidente de Soles, valor\u00f3 el traspaso como beneficioso para Soles, ya que adquieren a dos jugadores j\u00f3venes con mucho talento y pronto dejar\u00e1n sus frutos en el equipo.<\/p>\n\n\n\n<p>Destac\u00f3 el tiempo que dur\u00f3 Henr\u00edquez con Soles y le dese\u00f3 el mejor de los \u00e9xitos en su nuevo equipo.<\/p>\n\n\n\n<p>Odalis Sanchez<a target=\"_blank\" href=\"mailto:odalissanchez@gmail.com\" rel=\"noreferrer noopener\">odalissanchez@gmail.com<\/a><\/p>\n","protected":false},"excerpt":{"rendered":"<p>Adonis Henr\u00edquez Adquieren a Anyeuri Castillo y Ezequiel P\u00e9rez; LNB aprob\u00f3 el cambio este lunes Ezequiel P\u00e9rez SANTO DOMINGO ESTE, RD.- La franquicia Soles de Santo Domingo Este traspas\u00f3 este lunes al jugador Adonis Henr\u00edquez hacia los Indios de San Francisco de Macor\u00eds en una transacci\u00f3n que involucr\u00f3 a otros dos atletas del equipo de [&hellip;]<\/p>\n","protected":false},"author":28,"featured_media":340885,"comment_status":"closed","ping_status":"","sticky":true,"template":"","format":"standard","meta":{"footnotes":""},"categories":[17,27],"tags":[],"class_list":["post-340884","post","type-post","status-publish","format-standard","has-post-thumbnail","hentry","category-deportes","category-portada"],"_links":{"self":[{"href":"https:\/\/diariodominicano.com\/index.php?rest_route=\/wp\/v2\/posts\/340884","targetHints":{"allow":["GET"]}}],"collection":[{"href":"https:\/\/diariodominicano.com\/index.php?rest_route=\/wp\/v2\/posts"}],"about":[{"href":"https:\/\/diariodominicano.com\/index.php?rest_route=\/wp\/v2\/types\/post"}],"author":[{"embeddable":true,"href":"https:\/\/diariodominicano.com\/index.php?rest_route=\/wp\/v2\/users\/28"}],"replies":[{"embeddable":true,"href":"https:\/\/diariodominicano.com\/index.php?rest_route=%2Fwp%2Fv2%2Fcomments&post=340884"}],"version-history":[{"count":3,"href":"https:\/\/diariodominicano.com\/index.php?rest_route=\/wp\/v2\/posts\/340884\/revisions"}],"predecessor-version":[{"id":340890,"href":"https:\/\/diariodominicano.com\/index.php?rest_route=\/wp\/v2\/posts\/340884\/revisions\/340890"}],"wp:featuredmedia":[{"embeddable":true,"href":"https:\/\/diariodominicano.com\/index.php?rest_route=\/wp\/v2\/media\/340885"}],"wp:attachment":[{"href":"https:\/\/diariodominicano.com\/index.php?rest_route=%2Fwp%2Fv2%2Fmedia&parent=340884"}],"wp:term":[{"taxonomy":"category","embeddable":true,"href":"https:\/\/diariodominicano.com\/index.php?rest_route=%2Fwp%2Fv2%2Fcategories&post=340884"},{"taxonomy":"post_tag","embeddable":true,"href":"https:\/\/diariodominicano.com\/index.php?rest_route=%2Fwp%2Fv2%2Ftags&post=340884"}],"curies":[{"name":"wp","href":"https:\/\/api.w.org\/{rel}","templated":true}]}}