{"id":340877,"date":"2022-03-22T20:39:30","date_gmt":"2022-03-23T00:39:30","guid":{"rendered":"http:\/\/diariodominicano.com\/?p=340877"},"modified":"2022-03-22T20:40:49","modified_gmt":"2022-03-23T00:40:49","slug":"dedican-a-camacho-el-dominican-republic-international-swim-open-campeonato-nacional","status":"publish","type":"post","link":"https:\/\/diariodominicano.com\/?p=340877","title":{"rendered":"Dedican a Camacho el Dominican Republic International Swim Open &#038; Campeonato Nacional"},"content":{"rendered":"\n<p> El ministro de Deportes Francisco Camacho y el presidente de la Federaci\u00f3n de Nataci\u00f3n Radham\u00e9s Tav\u00e1rez encabezaron la rueda de prensa. <\/p>\n\n\n\n<p><strong><br>La competici\u00f3n se celebrar\u00e1 del 1 al 3 de abril con atletas de seis pa\u00edses<br><\/strong><br>Santo Domingo.- Con una dedicatoria especial al ministro de Deportes, Francisco Camacho, se celebrar\u00e1 del 1 al 3 de abril pr\u00f3ximo el Dominican \u00a0Republic \u00a0International Swim Open &amp; Campeonato Nacional.<br>El anuncio fue hecho este martes en rueda de prensa celebrada en el Ministerio Deportes, con la presencia del ministro Camacho, y los integrantes del comit\u00e9 ejecutivo de la Federaci\u00f3n Dominicana de Nataci\u00f3n (Fedona).<br>Radham\u00e9s Tav\u00e1rez, presidente de la Fedona, al dar la bienvenida a los presentes, explic\u00f3 la motivaci\u00f3n para dedicar a Camacho el evento que se divide en dos competiciones.<br>Expres\u00f3 que el funcionario ha sido un amigo muy cercano de la nataci\u00f3n, desde hace mucho tiempo.<br>\u201cEstamos dedicando este evento a Francisco Camacho en reconocimiento a \u00a0su trayectoria en el deporte\u201d, expres\u00f3 Tav\u00e1rez.<br>El campeonato es de vital importancia ya que ofrece plazas para eventos internacionales como el Mundial de Hungr\u00eda, Juegos Bolivarianos, Juegos Caribe\u00f1os, entre otros.<br>Se inform\u00f3 que la Fedona ha comunicado a los nadadores dominicanos que estudian fuera del pa\u00eds, que deben participar en el Dominican \u00a0Republic \u00a0International Swim Open &amp; Campeonato Nacional, como un requisito para poder optar por representar al pa\u00eds en los pr\u00f3ximos eventos internacionales.<\/p>\n\n\n\n<figure class=\"wp-block-image size-large\"><img loading=\"lazy\" decoding=\"async\" width=\"1024\" height=\"583\" src=\"https:\/\/diariodominicano.com\/wp-content\/uploads\/2022\/03\/DSC_6543-1024x583.jpg\" alt=\"\" class=\"wp-image-340881\" srcset=\"https:\/\/diariodominicano.com\/wp-content\/uploads\/2022\/03\/DSC_6543-1024x583.jpg 1024w, https:\/\/diariodominicano.com\/wp-content\/uploads\/2022\/03\/DSC_6543-300x171.jpg 300w, https:\/\/diariodominicano.com\/wp-content\/uploads\/2022\/03\/DSC_6543-768x437.jpg 768w, https:\/\/diariodominicano.com\/wp-content\/uploads\/2022\/03\/DSC_6543-1536x875.jpg 1536w, https:\/\/diariodominicano.com\/wp-content\/uploads\/2022\/03\/DSC_6543-2048x1166.jpg 2048w, https:\/\/diariodominicano.com\/wp-content\/uploads\/2022\/03\/DSC_6543-816x465.jpg 816w\" sizes=\"auto, (max-width: 1024px) 100vw, 1024px\" \/><\/figure>\n\n\n\n<p><strong>Habla Camacho<br><\/strong><br>Por su parte, el ministro Camacho agradeci\u00f3 la dedicatoria de los eventos y manifest\u00f3 que la Federaci\u00f3n Dominicana de Nataci\u00f3n es una entidad \u201cque trabaja de verdad\u201d.<br>\u201cEs cierto que estamos en un a\u00f1o muy dif\u00edcil, pero quiero que sepan que pueden contar con nuestro apoyo\u201d, afirm\u00f3 el titular de Deportes.<br>Destac\u00f3 el inter\u00e9s del presidente de la Rep\u00fablica, Luis Abinader, en que el deporte tenga siempre el respaldo necesario.<br>Los torneos<br>Unos 140 atletas extranjeros ver\u00e1n acci\u00f3n en la justa que tendr\u00e1 como escenario al Centro Acu\u00e1tico del Centro Ol\u00edmpico Juan Pablo Duarte.<br>A ese grupo se unir\u00e1n 170 nadadores del Distrito Nacional, 50 de Santiago, tres de la provincia Santo Domingo y 15 de La Vega.<br>Se inform\u00f3 que &nbsp;participar\u00e1n atletas de M\u00e9xico, Costa Rica, Paraguay, Panam\u00e1 y Colombia, junto a los anfitriones dominicanos.<br>\u201cEn total hay 350 nadadores inscritos\u201d, revel\u00f3 Adri\u00e1n Marte, director t\u00e9cnico del campeonato.<br>La justa iniciar\u00e1 el d\u00eda 1 de abril con las preliminares, desde las 9:00 de la ma\u00f1ana. Las competencias oficiales ser\u00e1n a partir de las tres de la tarde. La ceremonia de inaugural est\u00e1 pautada para las 5:00 de la tarde.<br>El Dominican &nbsp;Republic &nbsp;International Swim Open &amp; Campeonato Nacional cuentan con el patrocinio del Ministerio de Deportes, la Asociaci\u00f3n Cibao de Ahorros y Pr\u00e9stamos, Guill\u00e9n, Rosa &amp; Asociados, Baldom, &nbsp;Agua Dasani, Powerader, Kalaf, y Electrolit, entre otros.<br>El campeonato es de vital importancia ya que ofrece plazas para eventos internacionales como el Mundial de Hungr\u00eda, Juegos Bolivarianos, Juegos Caribe\u00f1os, entre otros.<\/p>\n\n\n\n<p><strong>Comit\u00e9 ejecutivo<br><\/strong><br>Adem\u00e1s de Tav\u00e1rez, \u00a0se encontraban en el encuentro con la prensa, Henry Mej\u00eda, primer vicepresidente; Margarita J\u00e1quez, secretaria general; Jos\u00e9 Samuel Pe\u00f1a, tesorero; Dionis Jim\u00e9nez, Pen\u00e9lope M\u00e9ndez, Francisco de la Rosa y Arturo Ram\u00edrez Ledesma, vocales; Henry Reyes, director t\u00e9cnico nacional y Adri\u00e1n Marte, presidente de la Asociaci\u00f3n del Distrito Nacional.<br>Tambi\u00e9n estuvo Rosa Blanco, del comit\u00e9 ejecutivo \u00a0y coordinadora de jueces.<br>Se inform\u00f3 que la Fedona ha comunicado a los nadadores dominicanos que estudian fuera del pa\u00eds, que deben participar en el Dominican \u00a0Republic \u00a0International Swim Open &amp; Campeonato Nacional, como un requisito para poder optar por representar al pa\u00eds en los pr\u00f3ximos eventos internacionales.<\/p>\n\n\n\n<p>Federacion de Natacion<a target=\"_blank\" href=\"mailto:federaciondenatacion2019@gmail.com\" rel=\"noreferrer noopener\">federaciondenatacion2019@gma<\/a><\/p>\n","protected":false},"excerpt":{"rendered":"<p>El ministro de Deportes Francisco Camacho y el presidente de la Federaci\u00f3n de Nataci\u00f3n Radham\u00e9s Tav\u00e1rez encabezaron la rueda de prensa. La competici\u00f3n se celebrar\u00e1 del 1 al 3 de abril con atletas de seis pa\u00edsesSanto Domingo.- Con una dedicatoria especial al ministro de Deportes, Francisco Camacho, se celebrar\u00e1 del 1 al 3 de abril [&hellip;]<\/p>\n","protected":false},"author":28,"featured_media":340878,"comment_status":"closed","ping_status":"","sticky":true,"template":"","format":"standard","meta":{"footnotes":""},"categories":[17,27],"tags":[],"class_list":["post-340877","post","type-post","status-publish","format-standard","has-post-thumbnail","hentry","category-deportes","category-portada"],"_links":{"self":[{"href":"https:\/\/diariodominicano.com\/index.php?rest_route=\/wp\/v2\/posts\/340877","targetHints":{"allow":["GET"]}}],"collection":[{"href":"https:\/\/diariodominicano.com\/index.php?rest_route=\/wp\/v2\/posts"}],"about":[{"href":"https:\/\/diariodominicano.com\/index.php?rest_route=\/wp\/v2\/types\/post"}],"author":[{"embeddable":true,"href":"https:\/\/diariodominicano.com\/index.php?rest_route=\/wp\/v2\/users\/28"}],"replies":[{"embeddable":true,"href":"https:\/\/diariodominicano.com\/index.php?rest_route=%2Fwp%2Fv2%2Fcomments&post=340877"}],"version-history":[{"count":3,"href":"https:\/\/diariodominicano.com\/index.php?rest_route=\/wp\/v2\/posts\/340877\/revisions"}],"predecessor-version":[{"id":340883,"href":"https:\/\/diariodominicano.com\/index.php?rest_route=\/wp\/v2\/posts\/340877\/revisions\/340883"}],"wp:featuredmedia":[{"embeddable":true,"href":"https:\/\/diariodominicano.com\/index.php?rest_route=\/wp\/v2\/media\/340878"}],"wp:attachment":[{"href":"https:\/\/diariodominicano.com\/index.php?rest_route=%2Fwp%2Fv2%2Fmedia&parent=340877"}],"wp:term":[{"taxonomy":"category","embeddable":true,"href":"https:\/\/diariodominicano.com\/index.php?rest_route=%2Fwp%2Fv2%2Fcategories&post=340877"},{"taxonomy":"post_tag","embeddable":true,"href":"https:\/\/diariodominicano.com\/index.php?rest_route=%2Fwp%2Fv2%2Ftags&post=340877"}],"curies":[{"name":"wp","href":"https:\/\/api.w.org\/{rel}","templated":true}]}}