{"id":340872,"date":"2022-03-22T20:28:23","date_gmt":"2022-03-23T00:28:23","guid":{"rendered":"http:\/\/diariodominicano.com\/?p=340872"},"modified":"2022-03-22T20:33:25","modified_gmt":"2022-03-23T00:33:25","slug":"luego-de-exitoso-primer-evento-2022-fdff-prepara-los-venideros-de-su-calendario-fisiculturismo-y-fitness","status":"publish","type":"post","link":"https:\/\/diariodominicano.com\/?p=340872","title":{"rendered":"Luego de exitoso primer evento 2022 FDFF prepara los venideros de su calendario fisiculturismo y fitness"},"content":{"rendered":"\n<p> <strong>Aspecto del encuentro de la Federaci\u00f3n Dominicana de Fisiculturismo y fitness encabezado por su presidente se\u00f1or Tony Pe\u00f1a R<\/strong> <\/p>\n\n\n\n<p><strong>OSCAR POLANCO<\/strong><\/p>\n\n\n\n<p><\/p>\n\n\n\n<p><strong>DISTRITO NACIONAL, Rep\u00fablica Dominicana (22-03-2022).-<\/strong>&nbsp;Luego de su exitoso evento del campeonato nacional de fisiculturismo y fitness, XXVIII Copa Independencia, realizado recientemente en la capital dominicana, el pasado domingo, la federaci\u00f3n de ese deporte (FDFF), sostuvo un encuentro de coordinaci\u00f3n para los venideros en su calendario 2022.<\/p>\n\n\n\n<p><strong>\u201c<\/strong>Como siempre, luego de realizada una actividad importante, nos encontramos para revisar la labor hecha por todas las comisiones y programar las siguientes, consideramos que la anterior fue exitosa en todos los renglones y apreciamos que existe un entusiasmo temprano para la siguiente\u201d, dijo el se\u00f1or Tony Pe\u00f1a R, presidente de la FDFF.<\/p>\n\n\n\n<p><strong>L<\/strong>uego de felicitar a los ejecutivos de esa entidad por su labor en el pasado evento, comenz\u00f3 la planificaci\u00f3n para el siguiente del campeonato nacional de ese deporte, Mr y Msr Rep\u00fablica Dominicana Para Novatos, que ser\u00e1 celebrado 7 y 8 de mayo, en el teatro La Fiesta del hotel Jaragua, en la capital del pa\u00eds.<\/p>\n\n\n\n<p><strong>A<\/strong>simismo, se habl\u00f3 de la participaci\u00f3n mundial en todos los continentes de los atletas dominicanos haciendo hincapi\u00e9 en los curso nacionales e internacionales de preparaci\u00f3n para todo tipo de personal, entre ellos, t\u00e9cnicos, entrenadores, atletas y jueces.<\/p>\n\n\n\n<p><strong>\u201c<\/strong>El encuentro ha sido fruct\u00edfero, nos sentimos orgullosos de todo nuestro personal y ejecutivos, avanzamos m\u00e1s y mejor en el campeonato nacional, sobre todo hoy que, a pesar de lo pasado con la pandemia, nuestra legi\u00f3n de atletas ha crecido en un gran por ciento y tenemos que adecuarnos a esta agradable eventualidad\u201d, dijo finalmente Pe\u00f1a R, al despedirse del encuentro realizado el pasado domingo en uno de los salones del hotel Dominican Fiesta, de la capital del pa\u00eds.<\/p>\n\n\n\n<p>Oscar Polanco<a target=\"_blank\" href=\"mailto:oscarpolanco.santiagord@gmail.com\" rel=\"noreferrer noopener\">oscarpolanco.santiagord@<\/a><\/p>\n","protected":false},"excerpt":{"rendered":"<p>Aspecto del encuentro de la Federaci\u00f3n Dominicana de Fisiculturismo y fitness encabezado por su presidente se\u00f1or Tony Pe\u00f1a R OSCAR POLANCO DISTRITO NACIONAL, Rep\u00fablica Dominicana (22-03-2022).-&nbsp;Luego de su exitoso evento del campeonato nacional de fisiculturismo y fitness, XXVIII Copa Independencia, realizado recientemente en la capital dominicana, el pasado domingo, la federaci\u00f3n de ese deporte (FDFF), [&hellip;]<\/p>\n","protected":false},"author":28,"featured_media":340873,"comment_status":"closed","ping_status":"","sticky":true,"template":"","format":"standard","meta":{"footnotes":""},"categories":[17,27],"tags":[],"class_list":["post-340872","post","type-post","status-publish","format-standard","has-post-thumbnail","hentry","category-deportes","category-portada"],"_links":{"self":[{"href":"https:\/\/diariodominicano.com\/index.php?rest_route=\/wp\/v2\/posts\/340872","targetHints":{"allow":["GET"]}}],"collection":[{"href":"https:\/\/diariodominicano.com\/index.php?rest_route=\/wp\/v2\/posts"}],"about":[{"href":"https:\/\/diariodominicano.com\/index.php?rest_route=\/wp\/v2\/types\/post"}],"author":[{"embeddable":true,"href":"https:\/\/diariodominicano.com\/index.php?rest_route=\/wp\/v2\/users\/28"}],"replies":[{"embeddable":true,"href":"https:\/\/diariodominicano.com\/index.php?rest_route=%2Fwp%2Fv2%2Fcomments&post=340872"}],"version-history":[{"count":3,"href":"https:\/\/diariodominicano.com\/index.php?rest_route=\/wp\/v2\/posts\/340872\/revisions"}],"predecessor-version":[{"id":340876,"href":"https:\/\/diariodominicano.com\/index.php?rest_route=\/wp\/v2\/posts\/340872\/revisions\/340876"}],"wp:featuredmedia":[{"embeddable":true,"href":"https:\/\/diariodominicano.com\/index.php?rest_route=\/wp\/v2\/media\/340873"}],"wp:attachment":[{"href":"https:\/\/diariodominicano.com\/index.php?rest_route=%2Fwp%2Fv2%2Fmedia&parent=340872"}],"wp:term":[{"taxonomy":"category","embeddable":true,"href":"https:\/\/diariodominicano.com\/index.php?rest_route=%2Fwp%2Fv2%2Fcategories&post=340872"},{"taxonomy":"post_tag","embeddable":true,"href":"https:\/\/diariodominicano.com\/index.php?rest_route=%2Fwp%2Fv2%2Ftags&post=340872"}],"curies":[{"name":"wp","href":"https:\/\/api.w.org\/{rel}","templated":true}]}}