{"id":340860,"date":"2022-03-22T20:00:31","date_gmt":"2022-03-23T00:00:31","guid":{"rendered":"http:\/\/diariodominicano.com\/?p=340860"},"modified":"2022-03-22T20:00:31","modified_gmt":"2022-03-23T00:00:31","slug":"recinto-uasd-san-francisco-de-macoris-clasifica-en-voleibol-masculino-para-competir-en-juegos-universitarios-tony-barreiro","status":"publish","type":"post","link":"https:\/\/diariodominicano.com\/?p=340860","title":{"rendered":"Recinto UASD San Francisco de Macor\u00eds clasifica en voleibol masculino para competir en Juegos Universitarios Tony Barreiro"},"content":{"rendered":"\n<p> En octubre de cada a\u00f1o, la UASD realiza esa  jornada deportiva en homenaje al dirigente estudiantil revolucionario Tony Barreiro.<\/p>\n\n\n\n<figure class=\"wp-block-image size-large\"><img loading=\"lazy\" decoding=\"async\" width=\"1024\" height=\"461\" src=\"https:\/\/diariodominicano.com\/wp-content\/uploads\/2022\/03\/VOLEIBOL-1-1-1024x461.jpg\" alt=\"\" class=\"wp-image-340862\" srcset=\"https:\/\/diariodominicano.com\/wp-content\/uploads\/2022\/03\/VOLEIBOL-1-1-1024x461.jpg 1024w, https:\/\/diariodominicano.com\/wp-content\/uploads\/2022\/03\/VOLEIBOL-1-1-300x135.jpg 300w, https:\/\/diariodominicano.com\/wp-content\/uploads\/2022\/03\/VOLEIBOL-1-1-768x346.jpg 768w, https:\/\/diariodominicano.com\/wp-content\/uploads\/2022\/03\/VOLEIBOL-1-1-1536x691.jpg 1536w, https:\/\/diariodominicano.com\/wp-content\/uploads\/2022\/03\/VOLEIBOL-1-1-816x367.jpg 816w, https:\/\/diariodominicano.com\/wp-content\/uploads\/2022\/03\/VOLEIBOL-1-1.jpg 1600w\" sizes=\"auto, (max-width: 1024px) 100vw, 1024px\" \/><\/figure>\n\n\n\n<p><strong>San Francisco de Macor\u00eds, provincia DUARTE.<\/strong> La selecci\u00f3n de voleibol masculino del Recinto UASD San Francisco de Macor\u00eds venci\u00f3 a los equipos de La Vega y Nagua, respectivamente, con marcador de 2 a 0, en las eliminatorias de los recintos y centros universitarios que organiza la Universidad Aut\u00f3noma de Santo (UASD), de cara a su participaci\u00f3n los Juegos Deportivos Tony Barreiro.<\/p>\n\n\n\n<p>Mientras, la selecci\u00f3n femenina de voleibol del Recinto de la ciudad Nordestana perdi\u00f3 2 a cero frente al equipo de Nagua y 2 a 1 contra La Vega,&nbsp; en la ronda de eliminatorias para octubre de 2022, mes en que la Universidad Primada de Am\u00e9rica organiza los Juegos Tony Barreiro. La serie de las eliminatorias se jugaron al mejor en una competencia de 3-2.<\/p>\n\n\n\n<p><strong>Juegos Tony Barreiro<\/strong><\/p>\n\n\n\n<p>En octubre de cada a\u00f1o, la UASD realiza esa importante jornada deportiva en homenaje al dirigente estudiantil revolucionario Tony Barreiro, qui\u00e9n particip\u00f3 en noviembre de 1963 en las guerrillas de Las Manaclas, encabezadas por el inmortal l\u00edder revolucionario Manuel Aurelio Tav\u00e1rez Justo (Manolo).<\/p>\n","protected":false},"excerpt":{"rendered":"<p>En octubre de cada a\u00f1o, la UASD realiza esa jornada deportiva en homenaje al dirigente estudiantil revolucionario Tony Barreiro. San Francisco de Macor\u00eds, provincia DUARTE. La selecci\u00f3n de voleibol masculino del Recinto UASD San Francisco de Macor\u00eds venci\u00f3 a los equipos de La Vega y Nagua, respectivamente, con marcador de 2 a 0, en las [&hellip;]<\/p>\n","protected":false},"author":28,"featured_media":340861,"comment_status":"closed","ping_status":"","sticky":true,"template":"","format":"standard","meta":{"footnotes":""},"categories":[17,27],"tags":[],"class_list":["post-340860","post","type-post","status-publish","format-standard","has-post-thumbnail","hentry","category-deportes","category-portada"],"_links":{"self":[{"href":"https:\/\/diariodominicano.com\/index.php?rest_route=\/wp\/v2\/posts\/340860","targetHints":{"allow":["GET"]}}],"collection":[{"href":"https:\/\/diariodominicano.com\/index.php?rest_route=\/wp\/v2\/posts"}],"about":[{"href":"https:\/\/diariodominicano.com\/index.php?rest_route=\/wp\/v2\/types\/post"}],"author":[{"embeddable":true,"href":"https:\/\/diariodominicano.com\/index.php?rest_route=\/wp\/v2\/users\/28"}],"replies":[{"embeddable":true,"href":"https:\/\/diariodominicano.com\/index.php?rest_route=%2Fwp%2Fv2%2Fcomments&post=340860"}],"version-history":[{"count":1,"href":"https:\/\/diariodominicano.com\/index.php?rest_route=\/wp\/v2\/posts\/340860\/revisions"}],"predecessor-version":[{"id":340863,"href":"https:\/\/diariodominicano.com\/index.php?rest_route=\/wp\/v2\/posts\/340860\/revisions\/340863"}],"wp:featuredmedia":[{"embeddable":true,"href":"https:\/\/diariodominicano.com\/index.php?rest_route=\/wp\/v2\/media\/340861"}],"wp:attachment":[{"href":"https:\/\/diariodominicano.com\/index.php?rest_route=%2Fwp%2Fv2%2Fmedia&parent=340860"}],"wp:term":[{"taxonomy":"category","embeddable":true,"href":"https:\/\/diariodominicano.com\/index.php?rest_route=%2Fwp%2Fv2%2Fcategories&post=340860"},{"taxonomy":"post_tag","embeddable":true,"href":"https:\/\/diariodominicano.com\/index.php?rest_route=%2Fwp%2Fv2%2Ftags&post=340860"}],"curies":[{"name":"wp","href":"https:\/\/api.w.org\/{rel}","templated":true}]}}