{"id":340703,"date":"2022-03-21T23:24:19","date_gmt":"2022-03-22T03:24:19","guid":{"rendered":"http:\/\/diariodominicano.com\/?p=340703"},"modified":"2022-03-21T23:24:19","modified_gmt":"2022-03-22T03:24:19","slug":"jordany-valdespin-hay-jugadores-que-no-aguantan-la-presion-de-los-fanaticos","status":"publish","type":"post","link":"https:\/\/diariodominicano.com\/?p=340703","title":{"rendered":"Jordany Valdesp\u00edn \u201cHay jugadores que no aguantan la presi\u00f3n de los fan\u00e1ticos\u201d"},"content":{"rendered":"\n<p> Jordany Valdesp\u00edn al centro junto a Vi\u00e1n Araujo a su derecha y Ricardo Rodr\u00ecguez a la izquierda. <\/p>\n\n\n\n<p><strong>Santo Domingo, RD.- <\/strong> Sin lugar a dudas a la hora de hablar del top-three de los mejores peloteros de la Liga Dominicana de B\u00e9isbol (Lidom) en los \u00faltimos cinco a\u00f1os usted tiene que mencionar a Junior Lake, Yamaico Navarro y por supuesto a Jordany Valdesp\u00edn ganador de un premio de Jugador M\u00e1s Valioso en la temporada (2018-19) vistiendo la franela de los Toros del Este.<\/p>\n\n\n\n<p>Valdesp\u00edn asegur\u00f3 que hay jugadores que no aguantan la presi\u00f3n de los fan\u00e1ticos y puso como ejemplo a los Tigres del Licey equipo para el cual debut\u00f3 en la estaci\u00f3n (2009-10)<\/p>\n\n\n\n<p>\u201cHay jugadores que no aguantan la presi\u00f3n de los fan\u00e1ticos, en el Licey no son los gerentes que cambian o botan a los jugadores, son los fan\u00e1ticos, cuando el fan\u00e1tico empieza a darle, se te mete una racha de seis o siete derrotas la presi\u00f3n va a crecer\u201d sostuvo Valdesp\u00edn.<\/p>\n\n\n\n<p>El jugador de 34 a\u00f1os fue entrevistado en el espacio \u201cAbriendo el Podcast\u201d del canal de YouTube de Abriendo el Juego conducido por los periodistas Vian Araujo y Ricardo Rodr\u00edguez.<\/p>\n\n\n\n<p>En su intervenci\u00f3n, el nativo de San Pedro de Macor\u00eds reconoci\u00f3 que gracias al actual dirigente de las Estrellas Orientales Fernando Tatis Sr se mantiene jugando b\u00e9isbol y aclar\u00f3 sobre el cambio que lo mueve de los verdes hacia La Romana.&nbsp;<\/p>\n\n\n\n<p>\u201cVoy a destapar las cosas que tal vez la gente no sabe del porqu\u00e9 me cambiaron de las Estrellas, pero es algo que me afecta y la fanaticada tiene que saberlo, t\u00fa sabes lo grande que es decirte en tu cara, porque t\u00fa no te retiras, que mi carrera hab\u00eda llegado al final, dichas palabras se las dijo (Jos\u00e9 Mall\u00e9n Calac) quien fung\u00eda como gerente general de los verdes en la estaci\u00f3n (2018-19).<\/p>\n\n\n\n<p>Dentro de su conversatorio \u201cPapi Valdi\u201d como popularmente le gusta que le llamen habl\u00f3 sin pelos en la lengua de lo que vivi\u00f3 con el Licey, su paso por los Leones del Escogido, Toros del Este, mejor pelotero de Lidom, pitcher m\u00e1s inc\u00f3modo para conectarle, su rol con los actuales campeones Gigantes del Cibao entre otros temas.<\/p>\n\n\n\n<p>\u00a0<\/p>\n\n\n\n<p>Juan Minaya<a target=\"_blank\" href=\"mailto:juanmina77@gmail.com\" rel=\"noreferrer noopener\">juanmina77@gmail.com<\/a><\/p>\n\n\n\n<p><\/p>\n\n\n\n<p><\/p>\n","protected":false},"excerpt":{"rendered":"<p>Jordany Valdesp\u00edn al centro junto a Vi\u00e1n Araujo a su derecha y Ricardo Rodr\u00ecguez a la izquierda. Santo Domingo, RD.- Sin lugar a dudas a la hora de hablar del top-three de los mejores peloteros de la Liga Dominicana de B\u00e9isbol (Lidom) en los \u00faltimos cinco a\u00f1os usted tiene que mencionar a Junior Lake, Yamaico [&hellip;]<\/p>\n","protected":false},"author":28,"featured_media":340704,"comment_status":"closed","ping_status":"","sticky":false,"template":"","format":"standard","meta":{"footnotes":""},"categories":[17],"tags":[],"class_list":["post-340703","post","type-post","status-publish","format-standard","has-post-thumbnail","hentry","category-deportes"],"_links":{"self":[{"href":"https:\/\/diariodominicano.com\/index.php?rest_route=\/wp\/v2\/posts\/340703","targetHints":{"allow":["GET"]}}],"collection":[{"href":"https:\/\/diariodominicano.com\/index.php?rest_route=\/wp\/v2\/posts"}],"about":[{"href":"https:\/\/diariodominicano.com\/index.php?rest_route=\/wp\/v2\/types\/post"}],"author":[{"embeddable":true,"href":"https:\/\/diariodominicano.com\/index.php?rest_route=\/wp\/v2\/users\/28"}],"replies":[{"embeddable":true,"href":"https:\/\/diariodominicano.com\/index.php?rest_route=%2Fwp%2Fv2%2Fcomments&post=340703"}],"version-history":[{"count":1,"href":"https:\/\/diariodominicano.com\/index.php?rest_route=\/wp\/v2\/posts\/340703\/revisions"}],"predecessor-version":[{"id":340705,"href":"https:\/\/diariodominicano.com\/index.php?rest_route=\/wp\/v2\/posts\/340703\/revisions\/340705"}],"wp:featuredmedia":[{"embeddable":true,"href":"https:\/\/diariodominicano.com\/index.php?rest_route=\/wp\/v2\/media\/340704"}],"wp:attachment":[{"href":"https:\/\/diariodominicano.com\/index.php?rest_route=%2Fwp%2Fv2%2Fmedia&parent=340703"}],"wp:term":[{"taxonomy":"category","embeddable":true,"href":"https:\/\/diariodominicano.com\/index.php?rest_route=%2Fwp%2Fv2%2Fcategories&post=340703"},{"taxonomy":"post_tag","embeddable":true,"href":"https:\/\/diariodominicano.com\/index.php?rest_route=%2Fwp%2Fv2%2Ftags&post=340703"}],"curies":[{"name":"wp","href":"https:\/\/api.w.org\/{rel}","templated":true}]}}