{"id":340615,"date":"2022-03-21T20:38:19","date_gmt":"2022-03-22T00:38:19","guid":{"rendered":"http:\/\/diariodominicano.com\/?p=340615"},"modified":"2022-03-21T20:40:39","modified_gmt":"2022-03-22T00:40:39","slug":"la-pony-beisbol-dominicana-celebrara-torneo-nacional-pequenas-ligas-e-infantil","status":"publish","type":"post","link":"https:\/\/diariodominicano.com\/?p=340615","title":{"rendered":"La Pony Beisbol Dominicana celebrar\u00e1 Torneo Nacional Peque\u00f1as Ligas e Infantil"},"content":{"rendered":"\n<p> El presidente de la Pony B\u00e9isbol Dominicana, Eugenio B\u00e1ez, ofrece detalles del torneo de peque\u00f1as ligas que celebrar\u00e1 esa entidad a partir del viernes pr\u00f3ximo en varias categor\u00edas. <\/p>\n\n\n\n<figure class=\"wp-block-image size-large\"><img loading=\"lazy\" decoding=\"async\" width=\"1024\" height=\"683\" src=\"https:\/\/diariodominicano.com\/wp-content\/uploads\/2022\/03\/IMG_1605-1024x683.jpg\" alt=\"\" class=\"wp-image-340618\" srcset=\"https:\/\/diariodominicano.com\/wp-content\/uploads\/2022\/03\/IMG_1605-1024x683.jpg 1024w, https:\/\/diariodominicano.com\/wp-content\/uploads\/2022\/03\/IMG_1605-300x200.jpg 300w, https:\/\/diariodominicano.com\/wp-content\/uploads\/2022\/03\/IMG_1605-768x512.jpg 768w, https:\/\/diariodominicano.com\/wp-content\/uploads\/2022\/03\/IMG_1605-1536x1025.jpg 1536w, https:\/\/diariodominicano.com\/wp-content\/uploads\/2022\/03\/IMG_1605-816x544.jpg 816w, https:\/\/diariodominicano.com\/wp-content\/uploads\/2022\/03\/IMG_1605.jpg 2048w\" sizes=\"auto, (max-width: 1024px) 100vw, 1024px\" \/><\/figure>\n\n\n\n<p><br>El Ministerio de Deportes y Recreaci\u00f3n inform\u00f3  ofrece todo su apoyo al evento<\/p>\n\n\n\n<p><br>Santo Domingo.- Con la participaci\u00f3n de m\u00e1s de 1,200 ni\u00f1os, divididos en 50 equipos, la sede en el pa\u00eds de la Pony B\u00e9isbol Dominicana inaugurar\u00e1 este viernes, a partir de las 5:00 de la tarde, su Torneo Nacional de Peque\u00f1as Ligas e Infantil 2022 en opci\u00f3n a la copa Ministerio de Deportes en el estadio del club Los Prados.<\/p>\n\n\n\n<p>As\u00ed lo inform\u00f3 este lunes el profesor Eugenio B\u00e1ez, presidente de la instituci\u00f3n organizadora, quien dijo que desde ya reina un gran entusiasmo entre los ni\u00f1os y j\u00f3venes que accionar\u00e1n en las categor\u00edas de peque\u00f1as ligas e infantil en las categor\u00edas 7-8 a\u00f1os, 9-10, 11-12, 13-14 y 15-16 a\u00f1os.B\u00e1ez afirm\u00f3, en rueda de prensa en el Ministerio de Deportes, que el certamen es clasificatorio para los torneos latinoamericanos de la Pony League Baseball que se celebrar\u00e1n en varios pa\u00edses.<\/p>\n\n\n\n<p><br>Apoyo de Miderec<\/p>\n\n\n\n<figure class=\"wp-block-image size-large\"><img loading=\"lazy\" decoding=\"async\" width=\"1024\" height=\"683\" src=\"https:\/\/diariodominicano.com\/wp-content\/uploads\/2022\/03\/IMG_1608-1024x683.jpg\" alt=\"\" class=\"wp-image-340620\" srcset=\"https:\/\/diariodominicano.com\/wp-content\/uploads\/2022\/03\/IMG_1608-1024x683.jpg 1024w, https:\/\/diariodominicano.com\/wp-content\/uploads\/2022\/03\/IMG_1608-300x200.jpg 300w, https:\/\/diariodominicano.com\/wp-content\/uploads\/2022\/03\/IMG_1608-768x512.jpg 768w, https:\/\/diariodominicano.com\/wp-content\/uploads\/2022\/03\/IMG_1608-1536x1025.jpg 1536w, https:\/\/diariodominicano.com\/wp-content\/uploads\/2022\/03\/IMG_1608-816x544.jpg 816w, https:\/\/diariodominicano.com\/wp-content\/uploads\/2022\/03\/IMG_1608.jpg 2048w\" sizes=\"auto, (max-width: 1024px) 100vw, 1024px\" \/><\/figure>\n\n\n\n<p><br>El viceministro de Deportes para la Regi\u00f3n Sur, Kennedy Vargas, en representaci\u00f3n del ministro Camacho, felicit\u00f3 a los organizadores de la competici\u00f3n, al tiempo de resaltar que el Ministerio de Deportes est\u00e1 y continuar\u00e1 dando todo su apoyo para que el torneo se desarrolle sin ning\u00fan tipo de inconvenientes.\u201c<\/p>\n\n\n\n<p>El ingeniero Francisco Camacho est\u00e1 cumpliendo al pie de la letra con las instrucciones del presidente Luis Abinader de dar todo el respaldo al deporte, parte primordial del desarrollo de una sociedad\u00bb, precis\u00f3 el funcionario.<\/p>\n\n\n\n<p>Vargas aprovech\u00f3 para exhortar a otras instituciones deportivas del pa\u00eds a seguir el ejemplo de la Pony B\u00e9isbol Dominicana, que cada a\u00f1o realiza varias actividades en las que participan m\u00e1s de 5,000 ni\u00f1os y adolescentes.<\/p>\n\n\n\n<figure class=\"wp-block-image size-large\"><img loading=\"lazy\" decoding=\"async\" width=\"1024\" height=\"706\" src=\"https:\/\/diariodominicano.com\/wp-content\/uploads\/2022\/03\/IMG_1610-1024x706.jpg\" alt=\"\" class=\"wp-image-340621\" srcset=\"https:\/\/diariodominicano.com\/wp-content\/uploads\/2022\/03\/IMG_1610-1024x706.jpg 1024w, https:\/\/diariodominicano.com\/wp-content\/uploads\/2022\/03\/IMG_1610-300x207.jpg 300w, https:\/\/diariodominicano.com\/wp-content\/uploads\/2022\/03\/IMG_1610-768x529.jpg 768w, https:\/\/diariodominicano.com\/wp-content\/uploads\/2022\/03\/IMG_1610-1536x1058.jpg 1536w, https:\/\/diariodominicano.com\/wp-content\/uploads\/2022\/03\/IMG_1610-816x562.jpg 816w, https:\/\/diariodominicano.com\/wp-content\/uploads\/2022\/03\/IMG_1610.jpg 2048w\" sizes=\"auto, (max-width: 1024px) 100vw, 1024px\" \/><\/figure>\n\n\n\n<p>De su lado, el comisionado nacional de B\u00e9isbol y presidente del comit\u00e9 organizador, Junior Noboa, resalt\u00f3 la gran labor en el montaje del evento por parte del grupo de hombres y mujeres que componen el equipo de trabajo de la sede en Rep\u00fablica Dominicana de la Pony League B\u00e9isbol.\u201cQuiero ante todo resaltar el respaldo que nos ha dado el ministro de Deportes, Francisco Camacho, quien no ha escatimado esfuerzos para la celebraci\u00f3n del certamen que reunir\u00e1 a m\u00e1s de 1,200 ni\u00f1os de distintas edades\u201d, afirm\u00f3.<\/p>\n\n\n\n<p>Precis\u00f3 que desde ya se vislumbra un \u00e9xito rotundo del evento, el cual tambi\u00e9n cuenta con el respaldo de los Comedores Econ\u00f3micos del Estado y la Oficina Metropolitana de Servicios de Autobuses (OMSA).La actividad tambi\u00e9n cont\u00f3 con la presencia de Germ\u00e1n Marte, Evelio Lantigua y Dennia Cuello, ejecutivos de la Pony.<\/p>\n\n\n\n<p>Comunicaciones MIDEREC 20-24<a target=\"_blank\" href=\"mailto:twittermdeportesrd@gmail.com\" rel=\"noreferrer noopener\">twittermdeportesrd@gmail.com<\/a><\/p>\n\n\n\n<p><br><\/p>\n","protected":false},"excerpt":{"rendered":"<p>El presidente de la Pony B\u00e9isbol Dominicana, Eugenio B\u00e1ez, ofrece detalles del torneo de peque\u00f1as ligas que celebrar\u00e1 esa entidad a partir del viernes pr\u00f3ximo en varias categor\u00edas. El Ministerio de Deportes y Recreaci\u00f3n inform\u00f3 ofrece todo su apoyo al evento Santo Domingo.- Con la participaci\u00f3n de m\u00e1s de 1,200 ni\u00f1os, divididos en 50 equipos, [&hellip;]<\/p>\n","protected":false},"author":28,"featured_media":340616,"comment_status":"closed","ping_status":"","sticky":true,"template":"","format":"standard","meta":{"footnotes":""},"categories":[17,27],"tags":[],"class_list":["post-340615","post","type-post","status-publish","format-standard","has-post-thumbnail","hentry","category-deportes","category-portada"],"_links":{"self":[{"href":"https:\/\/diariodominicano.com\/index.php?rest_route=\/wp\/v2\/posts\/340615","targetHints":{"allow":["GET"]}}],"collection":[{"href":"https:\/\/diariodominicano.com\/index.php?rest_route=\/wp\/v2\/posts"}],"about":[{"href":"https:\/\/diariodominicano.com\/index.php?rest_route=\/wp\/v2\/types\/post"}],"author":[{"embeddable":true,"href":"https:\/\/diariodominicano.com\/index.php?rest_route=\/wp\/v2\/users\/28"}],"replies":[{"embeddable":true,"href":"https:\/\/diariodominicano.com\/index.php?rest_route=%2Fwp%2Fv2%2Fcomments&post=340615"}],"version-history":[{"count":3,"href":"https:\/\/diariodominicano.com\/index.php?rest_route=\/wp\/v2\/posts\/340615\/revisions"}],"predecessor-version":[{"id":340622,"href":"https:\/\/diariodominicano.com\/index.php?rest_route=\/wp\/v2\/posts\/340615\/revisions\/340622"}],"wp:featuredmedia":[{"embeddable":true,"href":"https:\/\/diariodominicano.com\/index.php?rest_route=\/wp\/v2\/media\/340616"}],"wp:attachment":[{"href":"https:\/\/diariodominicano.com\/index.php?rest_route=%2Fwp%2Fv2%2Fmedia&parent=340615"}],"wp:term":[{"taxonomy":"category","embeddable":true,"href":"https:\/\/diariodominicano.com\/index.php?rest_route=%2Fwp%2Fv2%2Fcategories&post=340615"},{"taxonomy":"post_tag","embeddable":true,"href":"https:\/\/diariodominicano.com\/index.php?rest_route=%2Fwp%2Fv2%2Ftags&post=340615"}],"curies":[{"name":"wp","href":"https:\/\/api.w.org\/{rel}","templated":true}]}}