{"id":340596,"date":"2022-03-21T20:14:08","date_gmt":"2022-03-22T00:14:08","guid":{"rendered":"http:\/\/diariodominicano.com\/?p=340596"},"modified":"2022-03-21T20:14:08","modified_gmt":"2022-03-22T00:14:08","slug":"daran-inicio-a-la-reparacion-del-aire-acondicionado-de-la-gran-arena-del-cibao-doctor-oscar-gobaria","status":"publish","type":"post","link":"https:\/\/diariodominicano.com\/?p=340596","title":{"rendered":"Dar\u00e1n inicio a la reparaci\u00f3n del Aire Acondicionado de la Gran Arena del Cibao Doctor Oscar Gobaria"},"content":{"rendered":"\n<p><\/p>\n\n\n\n<p><\/p>\n\n\n\n<p><strong>Santiago.-<\/strong>El Administrador General de Banreservas, el licenciado Samuel Pereyra Rojas dio a conocer la ma\u00f1ana de este lunes que se iniciar\u00e1 de manera inmediata los trabajos a todo vapor para la reparaci\u00f3n del anhelado aire acondicionado de la Gran Arena del Cibao Doctor Oscar Gobaria de la Ciudad de Santiago de los Caballeros.<\/p>\n\n\n\n<p>La informaci\u00f3n fue suministrada por la m\u00e1xima figura de Banreservas a trav\u00e9s de una llamada realizada al presidente de la prestigiosa Asociaci\u00f3n de Baloncesto de Santiago de los Caballeros (ABASACA), donde les inform\u00f3 que ya ha sido autorizado el personal responsable para reparar lo m\u00e1s pronto posible la situaci\u00f3n que presenta el aire acondicionado de la mejor instalaci\u00f3n deportiva que tiene el Pa\u00eds, puntualiz\u00f3 \u201cSamuel Pereyra.<\/p>\n\n\n\n<p>La agradable noticia para los amantes del Baloncesto llega despu\u00e9s de una valiosa e importante promesa realizada p\u00fablicamente el pasado viernes en la apertura del Torneo 42 de Baloncesto Superior de Santiago de parte de Samuel Pereyra, quien en la actualidad es valorado como el mejor funcionario p\u00fablico que presenta el tren gubernamental que dignamente encabeza el honorable presidente Lu\u00eds Abinader.<\/p>\n\n\n\n<p>Pereyra tambi\u00e9n inform\u00f3 que previo a la terminaci\u00f3n de la reparaci\u00f3n de dicho aires se colocar\u00e1 varios gigantescos abanicos a los fines de climatizar el a\u00e9rea para que tanto los atletas como los fan\u00e1ticos se sientan satisfechos y aclimatados en un lugar de su agrado.<\/p>\n\n\n\n<p>Por su lado el presidente de ABASACA Jos\u00e9 Lu\u00eds Aracena aprovech\u00f3 la ocasi\u00f3n para agradecer p\u00fablicamente la valiosa gesti\u00f3n y la pronta respuesta obtenida por el licenciado Samuel Pereyra, quien adem\u00e1s de ser un excelente administrador econ\u00f3mico es un fiel doliente del deportes en sentido general y un gran aliados de las necesidades de la sociedad en todas sus ramas, por tal raz\u00f3n el Comit\u00e9 Ejecutivo de ABASACA no lo pens\u00f3 dos veces para dedicarle el presente Torneo a su persona, puntualiz\u00f3 \u201cJos\u00e9 Lu\u00eds Aracena.<\/p>\n\n\n\n<p>Ezequiel Sosa<a target=\"_blank\" href=\"mailto:explociondeportiva@gmail.com\" rel=\"noreferrer noopener\">explociondeportiva@gmail.com<\/a><\/p>\n\n\n\n<p> <strong>Prensa ABASACA<\/strong> <\/p>\n","protected":false},"excerpt":{"rendered":"<p>Santiago.-El Administrador General de Banreservas, el licenciado Samuel Pereyra Rojas dio a conocer la ma\u00f1ana de este lunes que se iniciar\u00e1 de manera inmediata los trabajos a todo vapor para la reparaci\u00f3n del anhelado aire acondicionado de la Gran Arena del Cibao Doctor Oscar Gobaria de la Ciudad de Santiago de los Caballeros. La informaci\u00f3n [&hellip;]<\/p>\n","protected":false},"author":28,"featured_media":340597,"comment_status":"closed","ping_status":"","sticky":true,"template":"","format":"standard","meta":{"footnotes":""},"categories":[17,27],"tags":[],"class_list":["post-340596","post","type-post","status-publish","format-standard","has-post-thumbnail","hentry","category-deportes","category-portada"],"_links":{"self":[{"href":"https:\/\/diariodominicano.com\/index.php?rest_route=\/wp\/v2\/posts\/340596","targetHints":{"allow":["GET"]}}],"collection":[{"href":"https:\/\/diariodominicano.com\/index.php?rest_route=\/wp\/v2\/posts"}],"about":[{"href":"https:\/\/diariodominicano.com\/index.php?rest_route=\/wp\/v2\/types\/post"}],"author":[{"embeddable":true,"href":"https:\/\/diariodominicano.com\/index.php?rest_route=\/wp\/v2\/users\/28"}],"replies":[{"embeddable":true,"href":"https:\/\/diariodominicano.com\/index.php?rest_route=%2Fwp%2Fv2%2Fcomments&post=340596"}],"version-history":[{"count":1,"href":"https:\/\/diariodominicano.com\/index.php?rest_route=\/wp\/v2\/posts\/340596\/revisions"}],"predecessor-version":[{"id":340598,"href":"https:\/\/diariodominicano.com\/index.php?rest_route=\/wp\/v2\/posts\/340596\/revisions\/340598"}],"wp:featuredmedia":[{"embeddable":true,"href":"https:\/\/diariodominicano.com\/index.php?rest_route=\/wp\/v2\/media\/340597"}],"wp:attachment":[{"href":"https:\/\/diariodominicano.com\/index.php?rest_route=%2Fwp%2Fv2%2Fmedia&parent=340596"}],"wp:term":[{"taxonomy":"category","embeddable":true,"href":"https:\/\/diariodominicano.com\/index.php?rest_route=%2Fwp%2Fv2%2Fcategories&post=340596"},{"taxonomy":"post_tag","embeddable":true,"href":"https:\/\/diariodominicano.com\/index.php?rest_route=%2Fwp%2Fv2%2Ftags&post=340596"}],"curies":[{"name":"wp","href":"https:\/\/api.w.org\/{rel}","templated":true}]}}