{"id":34059,"date":"2018-11-24T19:31:50","date_gmt":"2018-11-24T19:31:50","guid":{"rendered":"http:\/\/diariodominicano.ddns.net\/?p=34059"},"modified":"2018-11-24T19:31:50","modified_gmt":"2018-11-24T19:31:50","slug":"compartiendo-dialogos-conmigo-mismogloria-al-verso-que-nos-hizo-vida","status":"publish","type":"post","link":"https:\/\/diariodominicano.com\/?p=34059","title":{"rendered":"COMPARTIENDO DI\u00c1LOGOS CONMIGO MISMO&#13;&#13;&#13;GLORIA AL VERSO QUE NOS HIZO VIDA"},"content":{"rendered":"<p><body><\/p>\n<p>No te importe lo que el mundo prometa.<\/p>\n<p>Prom\u00e9tete a ti mismo observar para ser poeta.<\/p>\n<p>Poeta de cuerpo entero, siempre dispuesto a donarse y a quererse. <\/p>\n<p>A ofrecer perd\u00f3n y a perdonarse.<\/p>\n<\/p>\n<\/p>\n<p>Cuando la vida vuelva a ser vida eterna<\/p>\n<p>y el celeste no se anochezca jam\u00e1s, <\/p>\n<p>el verso volver\u00e1 a ser m\u00e1s verso en Jes\u00fas, <\/p>\n<p>y la esperanza por vivir en lo aut\u00e9ntico, <\/p>\n<p>nos llenar\u00e1 de gozo los labios del alma,<\/p>\n<p>una vez vaciadas las entretelas del vicio<\/p>\n<p>y armonizada la tierra con el nuevo cielo, <\/p>\n<p>entonces, s\u00f3lo entonces, ser\u00e1 la gloria.<\/p>\n<\/p>\n<p>Esta podredumbre mundana nos mata, <\/p>\n<p>nos degenera, decae y nos deshumaniza, <\/p>\n<p>nos contamina y nos mancha por dentro, <\/p>\n<p>nos envicia y nos envilece para la selva, <\/p>\n<p>nos perjudica y nos envenena en el todo, <\/p>\n<p>aunque seamos nada en la nada del ser, <\/p>\n<p>sin el soplo del Creador al levantarnos, <\/p>\n<p>sin la luz para orientarnos y poder andar.<\/p>\n<\/p>\n<p>Cuando la hipocres\u00eda nos gobierna, crece <\/p>\n<p>la soberbia y decrece el amor de cada d\u00eda;<\/p>\n<p>tambi\u00e9n cuando la maldad  nos encarna<\/p>\n<p>es necedad asentir, hay que salir del yo, <\/p>\n<p>antes de que el dolencia nos amortaje<\/p>\n<p>el esp\u00edritu, y no podamos poner a salvo <\/p>\n<p>la mente, para vernos en lo compasivo <\/p>\n<p>del amor que sabe perdonar y rehacerse.<\/p>\n<\/p>\n<p>El bien se percibe al amparo de la virtud <\/p>\n<p>del ser que soy, creado en el instante <\/p>\n<p>preciso y en el precioso momento exacto, <\/p>\n<p>para ser recreado en la humilde grandeza<\/p>\n<p>de la inspiraci\u00f3n po\u00e9tica, donde se funden <\/p>\n<p>los deseos y se forman guirnaldas de laurel,<\/p>\n<p>que abrazan la cruz y alcanzan a Dios, <\/p>\n<p>purgados los \u00e1nimos, vendadas las heridas.<\/p>\n<\/p>\n<p>V\u00edctor Corcoba Herrero<\/p>\n<p>corcoba@telefonica.net<\/p>\n<p>24 de noviembre de 2018 <\/p>\n<h6> 2018-11-24 19:31:50 <\/h6>\n<p><!--\n<link rel=\"stylesheet\" href=\"css\/bootstrap.min.css\">\n\n\n<ul class=\"pagination\">\n\t    \n\t\n\n<li >\n\t<a href='?page_no=1015'>Previous<\/a>\n\t<\/li>\n\n\n       \n    \n\n<li><a href='?page_no=1'>1<\/a><\/li>\n\n\n\n<li><a href='?page_no=2'>2<\/a><\/li>\n\n\n\n<li><a>...<\/a><\/li>\n\n\n\n<li><a href='?page_no=1014'>1014<\/a><\/li>\n\n\n\n<li><a href='?page_no=1015'>1015<\/a><\/li>\n\n\n\n<li class='active'><a>1016<\/a><\/li>\n\n\n\n<li><a href='?page_no=1017'>1017<\/a><\/li>\n\n\n\n<li><a href='?page_no=1018'>1018<\/a><\/li>\n\n\n\n<li><a>...<\/a><\/li>\n\n\n\n<li><a href='?page_no=13611'>13611<\/a><\/li>\n\n\n\n<li><a href='?page_no=13612'>13612<\/a><\/li>\n\n    \n\t\n\n<li >\n\t<a href='?page_no=1017'>Next<\/a>\n\t<\/li>\n\n\n    \n\n<li><a href='?page_no=13612'>Last &rsaquo;&rsaquo;<\/a><\/li>\n\n<\/ul>\n\n\n--><br \/>\n<\/body><\/p>\n","protected":false},"excerpt":{"rendered":"<p>No te importe lo que el mundo prometa. Prom\u00e9tete a ti mismo observar para ser poeta. Poeta de cuerpo entero, siempre dispuesto a donarse y a quererse. A ofrecer perd\u00f3n y a perdonarse. Cuando la vida vuelva a ser vida eterna y el celeste no se anochezca jam\u00e1s, el verso volver\u00e1 a ser m\u00e1s verso [&hellip;]<\/p>\n","protected":false},"author":3,"featured_media":0,"comment_status":"open","ping_status":"open","sticky":false,"template":"","format":"standard","meta":{"footnotes":""},"categories":[16],"tags":[],"class_list":["post-34059","post","type-post","status-publish","format-standard","hentry","category-opiniones"],"_links":{"self":[{"href":"https:\/\/diariodominicano.com\/index.php?rest_route=\/wp\/v2\/posts\/34059","targetHints":{"allow":["GET"]}}],"collection":[{"href":"https:\/\/diariodominicano.com\/index.php?rest_route=\/wp\/v2\/posts"}],"about":[{"href":"https:\/\/diariodominicano.com\/index.php?rest_route=\/wp\/v2\/types\/post"}],"author":[{"embeddable":true,"href":"https:\/\/diariodominicano.com\/index.php?rest_route=\/wp\/v2\/users\/3"}],"replies":[{"embeddable":true,"href":"https:\/\/diariodominicano.com\/index.php?rest_route=%2Fwp%2Fv2%2Fcomments&post=34059"}],"version-history":[{"count":0,"href":"https:\/\/diariodominicano.com\/index.php?rest_route=\/wp\/v2\/posts\/34059\/revisions"}],"wp:attachment":[{"href":"https:\/\/diariodominicano.com\/index.php?rest_route=%2Fwp%2Fv2%2Fmedia&parent=34059"}],"wp:term":[{"taxonomy":"category","embeddable":true,"href":"https:\/\/diariodominicano.com\/index.php?rest_route=%2Fwp%2Fv2%2Fcategories&post=34059"},{"taxonomy":"post_tag","embeddable":true,"href":"https:\/\/diariodominicano.com\/index.php?rest_route=%2Fwp%2Fv2%2Ftags&post=34059"}],"curies":[{"name":"wp","href":"https:\/\/api.w.org\/{rel}","templated":true}]}}