{"id":340587,"date":"2022-03-21T20:04:13","date_gmt":"2022-03-22T00:04:13","guid":{"rendered":"http:\/\/diariodominicano.com\/?p=340587"},"modified":"2022-03-21T20:09:04","modified_gmt":"2022-03-22T00:09:04","slug":"cdp-sale-este-martes-a-la-duela-con-el-objetivo-de-obtener-su-segunda-victoria-contando-con-el-debut-de-luis-almanza","status":"publish","type":"post","link":"https:\/\/diariodominicano.com\/?p=340587","title":{"rendered":"CDP sale este martes a la duela con el objetivo de obtener su segunda victoria contando con el Debut de Lu\u00eds Almanza"},"content":{"rendered":"\n<p> <\/p>\n\n\n\n<p><\/p>\n\n\n\n<figure class=\"wp-block-image size-full\"><img loading=\"lazy\" decoding=\"async\" width=\"554\" height=\"370\" src=\"https:\/\/diariodominicano.com\/wp-content\/uploads\/2022\/03\/26f08f6f-0bc6-4eeb-acb9-a73c6c766e65.jpg\" alt=\"\" class=\"wp-image-340592\" srcset=\"https:\/\/diariodominicano.com\/wp-content\/uploads\/2022\/03\/26f08f6f-0bc6-4eeb-acb9-a73c6c766e65.jpg 554w, https:\/\/diariodominicano.com\/wp-content\/uploads\/2022\/03\/26f08f6f-0bc6-4eeb-acb9-a73c6c766e65-300x200.jpg 300w\" sizes=\"auto, (max-width: 554px) 100vw, 554px\" \/><\/figure>\n\n\n\n<p> Los gerentes Homero Suarez y Melvin Rosario han anunciado la integraci\u00f3n del Dominico-Venezolano Lu\u00eds Almanza.<\/p>\n\n\n\n<p><strong>Santiago RD.-<\/strong>Los ocho veces campeones del Club Domingo Paulino (CDP) salen la noche de este martes a la duela de la Gran Arena del Cibao Doctor Oscar Gobaira con el objetivo principal de obtener su segunda victoria en la serie regular del reci\u00e9n iniciado Torneo 42 de Baloncesto Superior de Santiago, donde contar\u00e1n con el debut del dominicano no residente Lu\u00eds Almanza para fortalecer su estructura.<\/p>\n\n\n\n<p>El CDP, quien registra su r\u00e9cord en 1-0 se mide ante el representativo de los Pepines (Cupes) con 0-1, en el cierre de la jornada programada para este martes, teniendo como escenario la Gran Arena del Cibao Doctor Oscar Gobiara, el CDP logr\u00f3 un aventajado triunfo en su primer partido en la jornada de apertura el pasado viernes al derrotar 106-85 al GUG, del Ensanche Libertad, contando con una tremenda actuaci\u00f3n del armador y refuerzo U-25 Raimer Santana que mostr\u00f3 sus dotes de buen jugador en su segunda estad\u00eda en el \u201cMejor baloncesto del Pa\u00eds\u201d.<\/p>\n\n\n\n<figure class=\"wp-block-image size-full\"><img loading=\"lazy\" decoding=\"async\" width=\"644\" height=\"432\" src=\"https:\/\/diariodominicano.com\/wp-content\/uploads\/2022\/03\/8894aee1-2834-46cb-9d4f-e59e0b957cf7.jpg\" alt=\"\" class=\"wp-image-340593\" srcset=\"https:\/\/diariodominicano.com\/wp-content\/uploads\/2022\/03\/8894aee1-2834-46cb-9d4f-e59e0b957cf7.jpg 644w, https:\/\/diariodominicano.com\/wp-content\/uploads\/2022\/03\/8894aee1-2834-46cb-9d4f-e59e0b957cf7-300x201.jpg 300w\" sizes=\"auto, (max-width: 644px) 100vw, 644px\" \/><\/figure>\n\n\n\n<p>Para este compromiso los gerentes Homero Suarez y Melvin Rosario han anunciado la integraci\u00f3n del Dominico-Venezolano Lu\u00eds Almanza, quien se uni\u00f3 el pasado s\u00e1bado al conjunto para jugar en calidad de dominicano no residente, con la integraci\u00f3n de este jugador buscamos fortalecer a\u00fan m\u00e1s nuestras necesidad tanto a la ofensiva como a la defensiva para conquistar nuestro noveno t\u00edtulo de campe\u00f3n, puntualizan Suarez y Rosario a trav\u00e9s del departamento de prensa de la franquicia que representa el sector de los Jardines Metropolitanos de esta Ciudad.<\/p>\n\n\n\n<p>Almanza, es un jugador que&nbsp; mide 6\u20195\u201d de estatura, con 30 a\u00f1os, quien puede accionar en la posici\u00f3n de delantero peque\u00f1o (3) y en ocasiones se puede accionar en la posici\u00f3n de delantero de poder (4), en la Liga Profesional de Baloncesto de Colombia acciona con la franquicia de los Caribbean Storm, aunque es Dominico- Venezolano,&nbsp; juega con la Selecci\u00f3n Nacional de Colombia &nbsp;en el actual formato de ventanas clasificatorias donde promedi\u00f3 7.2 puntos por encuentro, 3.3 rebotes con un porcentaje de 52.2% desde el campo, 25% detr\u00e1s del arco de tres&nbsp; puntos y 80% desde la l\u00ednea de personales.<\/p>\n\n\n\n<figure class=\"wp-block-image size-full\"><img loading=\"lazy\" decoding=\"async\" width=\"554\" height=\"370\" src=\"https:\/\/diariodominicano.com\/wp-content\/uploads\/2022\/03\/7a424d6a-3152-46d1-b7d4-1e7a45427325-1.jpg\" alt=\"\" class=\"wp-image-340594\" srcset=\"https:\/\/diariodominicano.com\/wp-content\/uploads\/2022\/03\/7a424d6a-3152-46d1-b7d4-1e7a45427325-1.jpg 554w, https:\/\/diariodominicano.com\/wp-content\/uploads\/2022\/03\/7a424d6a-3152-46d1-b7d4-1e7a45427325-1-300x200.jpg 300w\" sizes=\"auto, (max-width: 554px) 100vw, 554px\" \/><\/figure>\n\n\n\n<p>Su carrera la empez\u00f3 en Gigantes de Guayana, de Venezuela, y en 2014 lleg\u00f3 a \u00c1guilas de Tunja, gracias al tambi\u00e9n baloncestista Fernando Lucena, a quien considera su hermano. Era un riesgo porque ac\u00e1 no lo conoc\u00edan y Lucena tuvo que poner el pecho por \u00e9l ante el entrenador del equipo, Guillermo Moreno. \u201c\u00c9l nos dijo: si a Almanza le va mal, se tienen que ir los dos\u201d. No obstante, eso nunca sucedi\u00f3 y, al contrario, el alero se afianz\u00f3 en el Baloncesto Colombiano a tal grado que fue el mismo Moreno, junto al estratega Tom\u00e1s D\u00edaz, quien le propuso que tramitar\u00e1 su doble nacionalidad para representar a la Selecci\u00f3n Nacional de Colombia.<\/p>\n\n\n\n<p>Este movimiento de la llegada de Almanza al CDP es uno de los muchos que est\u00e1n trabajando la oficina de operaci\u00f3n para cada d\u00eda m\u00e1s fortalecer la estructura Metropolitana, que tiene como principalmente regresar la corona a los Jardines, pero como su n\u00famero nueve en Baloncesto Superior de Santiago. <\/p>\n\n\n\n<p>Ezequiel Sosa<a target=\"_blank\" href=\"mailto:explociondeportiva@gmail.com\" rel=\"noreferrer noopener\">explociondeportiva@gmail.com<\/a><\/p>\n\n\n\n<p>\u00a0<\/p>\n\n\n\n<p> <strong>Prensa CDP<\/strong> <\/p>\n","protected":false},"excerpt":{"rendered":"<p>Los gerentes Homero Suarez y Melvin Rosario han anunciado la integraci\u00f3n del Dominico-Venezolano Lu\u00eds Almanza. Santiago RD.-Los ocho veces campeones del Club Domingo Paulino (CDP) salen la noche de este martes a la duela de la Gran Arena del Cibao Doctor Oscar Gobaira con el objetivo principal de obtener su segunda victoria en la serie [&hellip;]<\/p>\n","protected":false},"author":28,"featured_media":340588,"comment_status":"closed","ping_status":"","sticky":true,"template":"","format":"standard","meta":{"footnotes":""},"categories":[17,27],"tags":[],"class_list":["post-340587","post","type-post","status-publish","format-standard","has-post-thumbnail","hentry","category-deportes","category-portada"],"_links":{"self":[{"href":"https:\/\/diariodominicano.com\/index.php?rest_route=\/wp\/v2\/posts\/340587","targetHints":{"allow":["GET"]}}],"collection":[{"href":"https:\/\/diariodominicano.com\/index.php?rest_route=\/wp\/v2\/posts"}],"about":[{"href":"https:\/\/diariodominicano.com\/index.php?rest_route=\/wp\/v2\/types\/post"}],"author":[{"embeddable":true,"href":"https:\/\/diariodominicano.com\/index.php?rest_route=\/wp\/v2\/users\/28"}],"replies":[{"embeddable":true,"href":"https:\/\/diariodominicano.com\/index.php?rest_route=%2Fwp%2Fv2%2Fcomments&post=340587"}],"version-history":[{"count":4,"href":"https:\/\/diariodominicano.com\/index.php?rest_route=\/wp\/v2\/posts\/340587\/revisions"}],"predecessor-version":[{"id":340595,"href":"https:\/\/diariodominicano.com\/index.php?rest_route=\/wp\/v2\/posts\/340587\/revisions\/340595"}],"wp:featuredmedia":[{"embeddable":true,"href":"https:\/\/diariodominicano.com\/index.php?rest_route=\/wp\/v2\/media\/340588"}],"wp:attachment":[{"href":"https:\/\/diariodominicano.com\/index.php?rest_route=%2Fwp%2Fv2%2Fmedia&parent=340587"}],"wp:term":[{"taxonomy":"category","embeddable":true,"href":"https:\/\/diariodominicano.com\/index.php?rest_route=%2Fwp%2Fv2%2Fcategories&post=340587"},{"taxonomy":"post_tag","embeddable":true,"href":"https:\/\/diariodominicano.com\/index.php?rest_route=%2Fwp%2Fv2%2Ftags&post=340587"}],"curies":[{"name":"wp","href":"https:\/\/api.w.org\/{rel}","templated":true}]}}