{"id":340325,"date":"2022-03-20T22:09:30","date_gmt":"2022-03-21T02:09:30","guid":{"rendered":"http:\/\/diariodominicano.com\/?p=340325"},"modified":"2022-03-20T22:09:30","modified_gmt":"2022-03-21T02:09:30","slug":"sameji-retira-por-todo-lo-alto-el-numero-10-de-marlon-martinez","status":"publish","type":"post","link":"https:\/\/diariodominicano.com\/?p=340325","title":{"rendered":"Sameji retira por todo lo alto el n\u00famero 10 de Marlon Mart\u00ednez"},"content":{"rendered":"\n<p> Marlon Mart\u00ednez V\u00e1squez, naci\u00f3 en San Felipe de Puerto Plata el 17 de enero de 1979. \u201cEl Rey\u201d gan\u00f3 su seud\u00f3nimo por los resultados logrados dentro de la duela en una carrera prolifera en el deporte del aro y el bal\u00f3n. <\/p>\n\n\n\n<p><\/p>\n\n\n\n<figure class=\"wp-block-image size-large\"><img loading=\"lazy\" decoding=\"async\" width=\"1024\" height=\"681\" src=\"https:\/\/diariodominicano.com\/wp-content\/uploads\/2022\/03\/8bbda679-0824-44d8-af30-83d70ef1fdf5-1024x681.jpg\" alt=\"\" class=\"wp-image-340329\" srcset=\"https:\/\/diariodominicano.com\/wp-content\/uploads\/2022\/03\/8bbda679-0824-44d8-af30-83d70ef1fdf5-1024x681.jpg 1024w, https:\/\/diariodominicano.com\/wp-content\/uploads\/2022\/03\/8bbda679-0824-44d8-af30-83d70ef1fdf5-300x200.jpg 300w, https:\/\/diariodominicano.com\/wp-content\/uploads\/2022\/03\/8bbda679-0824-44d8-af30-83d70ef1fdf5-768x511.jpg 768w, https:\/\/diariodominicano.com\/wp-content\/uploads\/2022\/03\/8bbda679-0824-44d8-af30-83d70ef1fdf5-816x543.jpg 816w, https:\/\/diariodominicano.com\/wp-content\/uploads\/2022\/03\/8bbda679-0824-44d8-af30-83d70ef1fdf5.jpg 1040w\" sizes=\"auto, (max-width: 1024px) 100vw, 1024px\" \/><\/figure>\n\n\n\n<p> Marlon debuta en el Baloncesto Superior de Santiago en la temporada de 1998, dejando una huella jam\u00e1s borrada por refuerzo alguno y permaneci\u00f3 en el mismo hasta el 2013. <\/p>\n\n\n\n<p><\/p>\n\n\n\n<figure class=\"wp-block-image size-large\"><img loading=\"lazy\" decoding=\"async\" width=\"1024\" height=\"681\" src=\"https:\/\/diariodominicano.com\/wp-content\/uploads\/2022\/03\/64de71e4-9fde-4931-a998-4a51acc78c98-1024x681.jpg\" alt=\"\" class=\"wp-image-340330\" srcset=\"https:\/\/diariodominicano.com\/wp-content\/uploads\/2022\/03\/64de71e4-9fde-4931-a998-4a51acc78c98-1024x681.jpg 1024w, https:\/\/diariodominicano.com\/wp-content\/uploads\/2022\/03\/64de71e4-9fde-4931-a998-4a51acc78c98-300x200.jpg 300w, https:\/\/diariodominicano.com\/wp-content\/uploads\/2022\/03\/64de71e4-9fde-4931-a998-4a51acc78c98-768x511.jpg 768w, https:\/\/diariodominicano.com\/wp-content\/uploads\/2022\/03\/64de71e4-9fde-4931-a998-4a51acc78c98-816x543.jpg 816w, https:\/\/diariodominicano.com\/wp-content\/uploads\/2022\/03\/64de71e4-9fde-4931-a998-4a51acc78c98.jpg 1040w\" sizes=\"auto, (max-width: 1024px) 100vw, 1024px\" \/><\/figure>\n\n\n\n<p><strong>Santiago, RD.-<\/strong>\u00a0El club representativo de los tres barrios S\u00e1vica, Mejoramiento Social y el Ejido (SAMEJI) retiro el n\u00famero 10 del que es catalogado como uno de los mejores refuerzos del baloncesto Superior de Santiago que tiene 42 a\u00f1os,\u00a0 el \u201cRey\u201d Marlon Mart\u00ednez, quien form\u00f3 parte de cinco campeonatos de los nueve obtenido por ese conjunto.<\/p>\n\n\n\n<p>Marlon Mart\u00ednez V\u00e1squez, naci\u00f3 en San Felipe de Puerto Plata el 17 de enero de 1979. \u201cEl Rey\u201d gan\u00f3 su seud\u00f3nimo por los resultados logrados dentro de la duela en una carrera prolifera en el deporte del aro y el bal\u00f3n.<\/p>\n\n\n\n<p>Marlon debuta en el Baloncesto Superior de Santiago en la temporada de 1998, dejando una huella jam\u00e1s borrada por refuerzo alguno y permaneci\u00f3 en el mismo hasta el 2013.<\/p>\n\n\n\n<p>En 156 partidos de temporada regular, anot\u00f3 2,540 puntos, logrando encestar 1059 lances en 2031 intentos con un s\u00f3lido 52.1% desde el campo, Captur\u00f3 1,362 rebotes, 925 de ellos defensivos y 437 ofensivos, 310 bloqueos, 221 robos.<\/p>\n\n\n\n<figure class=\"wp-block-image size-large\"><img loading=\"lazy\" decoding=\"async\" width=\"1024\" height=\"681\" src=\"https:\/\/diariodominicano.com\/wp-content\/uploads\/2022\/03\/70da2ce2-22aa-41f7-8aa3-d64fba81453a-1024x681.jpg\" alt=\"\" class=\"wp-image-340331\" srcset=\"https:\/\/diariodominicano.com\/wp-content\/uploads\/2022\/03\/70da2ce2-22aa-41f7-8aa3-d64fba81453a-1024x681.jpg 1024w, https:\/\/diariodominicano.com\/wp-content\/uploads\/2022\/03\/70da2ce2-22aa-41f7-8aa3-d64fba81453a-300x200.jpg 300w, https:\/\/diariodominicano.com\/wp-content\/uploads\/2022\/03\/70da2ce2-22aa-41f7-8aa3-d64fba81453a-768x511.jpg 768w, https:\/\/diariodominicano.com\/wp-content\/uploads\/2022\/03\/70da2ce2-22aa-41f7-8aa3-d64fba81453a-816x543.jpg 816w, https:\/\/diariodominicano.com\/wp-content\/uploads\/2022\/03\/70da2ce2-22aa-41f7-8aa3-d64fba81453a.jpg 1040w\" sizes=\"auto, (max-width: 1024px) 100vw, 1024px\" \/><\/figure>\n\n\n\n<p>\u201cEl Rey\u201d&nbsp; o \u00bb F10&#8243; tubo 5 campa\u00f1as de 200 o m\u00e1s puntos, siendo la temporada 2001 la de mayor anotaci\u00f3n con 363 puntos en el baloncesto de Santiago, jugando con Los Marineros de Puerto Plata en una temporada in\u00e9dita con la participaci\u00f3n de los Puertoplate\u00f1os como Franquicia, en nuestro Baloncesto.<\/p>\n\n\n\n<p>Jug\u00f3 en Puerto Plata, San Francisco, Moca, La Romana, La Vega, Mao, Santiago Rodr\u00edguez, san Crist\u00f3bal, Rio San Juan, Distrito Nacional y dem\u00e1s torneos destacados de nuestro territorio. Fuera de nuestra tierra el Rey brill\u00f3 en Colombia, Uruguay, Chile, Puerto Rico, Venezuela, M\u00e9xico, Espa\u00f1a y Panam\u00e1.<\/p>\n\n\n\n<p>Un mural en el sector El Ejido distingue su trayectoria con el Club que lo abraz\u00f3 y con el cual reinscribi\u00f3 su jerarqu\u00eda mon\u00e1rquica\u2026 \u201cMarlon Mart\u00ednez\u201d.<\/p>\n\n\n\n<p>Marlon Mart\u00ednez expres\u00f3 el orgullo de portar la camiseta de uno de los clubes m\u00e1s exitoso del torneo, donde agradeci\u00f3 a Miguel Balaguer las oportunidades brindadas.<\/p>\n\n\n\n<figure class=\"wp-block-image size-large\"><img loading=\"lazy\" decoding=\"async\" width=\"1024\" height=\"682\" src=\"https:\/\/diariodominicano.com\/wp-content\/uploads\/2022\/03\/ae3b994d-ac75-4772-936b-aa1da23525b4-1024x682.jpg\" alt=\"\" class=\"wp-image-340332\" srcset=\"https:\/\/diariodominicano.com\/wp-content\/uploads\/2022\/03\/ae3b994d-ac75-4772-936b-aa1da23525b4-1024x682.jpg 1024w, https:\/\/diariodominicano.com\/wp-content\/uploads\/2022\/03\/ae3b994d-ac75-4772-936b-aa1da23525b4-300x200.jpg 300w, https:\/\/diariodominicano.com\/wp-content\/uploads\/2022\/03\/ae3b994d-ac75-4772-936b-aa1da23525b4-768x512.jpg 768w, https:\/\/diariodominicano.com\/wp-content\/uploads\/2022\/03\/ae3b994d-ac75-4772-936b-aa1da23525b4-1536x1023.jpg 1536w, https:\/\/diariodominicano.com\/wp-content\/uploads\/2022\/03\/ae3b994d-ac75-4772-936b-aa1da23525b4-816x544.jpg 816w, https:\/\/diariodominicano.com\/wp-content\/uploads\/2022\/03\/ae3b994d-ac75-4772-936b-aa1da23525b4.jpg 1600w\" sizes=\"auto, (max-width: 1024px) 100vw, 1024px\" \/><\/figure>\n\n\n\n<p>Marlon agradeci\u00f3 a su esposa, familia, fan\u00e1ticos de los tres barrios, a los fan\u00e1ticos de Puertoplata y ex compa\u00f1eros por el apoyo que le dieron durante su carrera.<\/p>\n\n\n\n<p>Mart\u00ednez resalt\u00f3 que cuando llego a Sameji quer\u00eda el n\u00famero 15, sin embargo estaba retirado ya que pertenec\u00eda a Jos\u00e9 Caba y que por eso opt\u00f3 por el n\u00famero 10 que hoy su camiseta estar\u00e1 acompa\u00f1ando a las grandes estrellas del club.<\/p>\n\n\n\n<p>Marlon fue despedido con un efusivo aplauso de los presentes en la Gran Arena del Cibao que este domingo tuvo una de las mejores asistencias de p\u00fablico en los \u00faltimos a\u00f1os.<\/p>\n\n\n\n<figure class=\"wp-block-image size-large\"><img loading=\"lazy\" decoding=\"async\" width=\"1024\" height=\"681\" src=\"https:\/\/diariodominicano.com\/wp-content\/uploads\/2022\/03\/1843ddab-344c-4a93-bcc8-eb5e1e031bff-1024x681.jpg\" alt=\"\" class=\"wp-image-340333\" srcset=\"https:\/\/diariodominicano.com\/wp-content\/uploads\/2022\/03\/1843ddab-344c-4a93-bcc8-eb5e1e031bff-1024x681.jpg 1024w, https:\/\/diariodominicano.com\/wp-content\/uploads\/2022\/03\/1843ddab-344c-4a93-bcc8-eb5e1e031bff-300x200.jpg 300w, https:\/\/diariodominicano.com\/wp-content\/uploads\/2022\/03\/1843ddab-344c-4a93-bcc8-eb5e1e031bff-768x511.jpg 768w, https:\/\/diariodominicano.com\/wp-content\/uploads\/2022\/03\/1843ddab-344c-4a93-bcc8-eb5e1e031bff-816x543.jpg 816w, https:\/\/diariodominicano.com\/wp-content\/uploads\/2022\/03\/1843ddab-344c-4a93-bcc8-eb5e1e031bff.jpg 1040w\" sizes=\"auto, (max-width: 1024px) 100vw, 1024px\" \/><\/figure>\n\n\n\n<p>Ezequiel Sosa<a target=\"_blank\" href=\"mailto:explociondeportiva@gmail.com\" rel=\"noreferrer noopener\">explociondeportiva@gmail.com<\/a><\/p>\n\n\n\n<p> <strong>Prensa ABASACA<\/strong> <\/p>\n\n\n\n<p><\/p>\n","protected":false},"excerpt":{"rendered":"<p>Marlon Mart\u00ednez V\u00e1squez, naci\u00f3 en San Felipe de Puerto Plata el 17 de enero de 1979. \u201cEl Rey\u201d gan\u00f3 su seud\u00f3nimo por los resultados logrados dentro de la duela en una carrera prolifera en el deporte del aro y el bal\u00f3n. Marlon debuta en el Baloncesto Superior de Santiago en la temporada de 1998, dejando [&hellip;]<\/p>\n","protected":false},"author":28,"featured_media":340328,"comment_status":"closed","ping_status":"","sticky":true,"template":"","format":"standard","meta":{"footnotes":""},"categories":[17,27],"tags":[],"class_list":["post-340325","post","type-post","status-publish","format-standard","has-post-thumbnail","hentry","category-deportes","category-portada"],"_links":{"self":[{"href":"https:\/\/diariodominicano.com\/index.php?rest_route=\/wp\/v2\/posts\/340325","targetHints":{"allow":["GET"]}}],"collection":[{"href":"https:\/\/diariodominicano.com\/index.php?rest_route=\/wp\/v2\/posts"}],"about":[{"href":"https:\/\/diariodominicano.com\/index.php?rest_route=\/wp\/v2\/types\/post"}],"author":[{"embeddable":true,"href":"https:\/\/diariodominicano.com\/index.php?rest_route=\/wp\/v2\/users\/28"}],"replies":[{"embeddable":true,"href":"https:\/\/diariodominicano.com\/index.php?rest_route=%2Fwp%2Fv2%2Fcomments&post=340325"}],"version-history":[{"count":1,"href":"https:\/\/diariodominicano.com\/index.php?rest_route=\/wp\/v2\/posts\/340325\/revisions"}],"predecessor-version":[{"id":340334,"href":"https:\/\/diariodominicano.com\/index.php?rest_route=\/wp\/v2\/posts\/340325\/revisions\/340334"}],"wp:featuredmedia":[{"embeddable":true,"href":"https:\/\/diariodominicano.com\/index.php?rest_route=\/wp\/v2\/media\/340328"}],"wp:attachment":[{"href":"https:\/\/diariodominicano.com\/index.php?rest_route=%2Fwp%2Fv2%2Fmedia&parent=340325"}],"wp:term":[{"taxonomy":"category","embeddable":true,"href":"https:\/\/diariodominicano.com\/index.php?rest_route=%2Fwp%2Fv2%2Fcategories&post=340325"},{"taxonomy":"post_tag","embeddable":true,"href":"https:\/\/diariodominicano.com\/index.php?rest_route=%2Fwp%2Fv2%2Ftags&post=340325"}],"curies":[{"name":"wp","href":"https:\/\/api.w.org\/{rel}","templated":true}]}}