{"id":340250,"date":"2022-03-20T17:36:23","date_gmt":"2022-03-20T21:36:23","guid":{"rendered":"http:\/\/diariodominicano.com\/?p=340250"},"modified":"2022-03-20T17:36:23","modified_gmt":"2022-03-20T21:36:23","slug":"clausuran-campamento-panamericano-de-taekwondo-en-la-categoria-poomsae","status":"publish","type":"post","link":"https:\/\/diariodominicano.com\/?p=340250","title":{"rendered":"Clausuran Campamento Panamericano de Taekwondo en la categor\u00eda Poomsae"},"content":{"rendered":"\n<p>diariodominicano.com<\/p>\n\n\n\n<p><br>Es parte de las actividades previas al Campeonato Panamericano y el Abierto de Taekwondo que se celebrar\u00e1 en mayo en el pa\u00eds\u00a0\u00a0<\/p>\n\n\n\n<p>Santo Domingo, R. D.,  20 de marzo, 2022.- El ministro de Deportes y Recreaci\u00f3n, Francisco Camacho, dej\u00f3 clausurado el Primer Campamento Panamericano de Taekwondo en la categor\u00eda de Poomsae (formas), en el que participaron m\u00e1s de 150 atletas representando a una decena de pa\u00edses, y que se realiz\u00f3 en el Club de Aduanas en Santo Domingo Este.<\/p>\n\n\n\n<p><br>El campamento procur\u00f3 elevar la capacitaci\u00f3n de los atletas de esta modalidad y forma parte del cronograma de actividades que promueve la Uni\u00f3n Panamericana de Taekwondo (PATU), conjuntamente con la Federaci\u00f3n Dominicana de ese deporte, en ruta al Campeonato Panamericano y el Abierto de Taekwondo, a celebrarse del 3 al 7 de mayo pr\u00f3ximo en Punta Cana.<\/p>\n\n\n\n<p>Rafael Grull\u00f3n, director t\u00e9cnico del campamento, destac\u00f3 que su celebraci\u00f3n permiti\u00f3 potenciar a los atletas dominicanos para que adquieran mayor experiencia en esta pujante modalidad.<\/p>\n\n\n\n<p>\u201cFortalecer a los equipos dominicanos es nuestra principal prioridad, que ellos adquieran un mayor nivel t\u00e9cnico, a fin de que compitan con mayor gallard\u00eda en los pr\u00f3ximos Juegos Centroamericanos\u201d, se\u00f1al\u00f3 Grull\u00f3n sobre el campamento en el que tambi\u00e9n participaron atletas de otras naciones del continente.<\/p>\n\n\n\n<p>El campamento, que se desarroll\u00f3 durante cuatro d\u00edas, permiti\u00f3 a los atletas ponerse a toni con las \u00faltimas actualizaciones que ha adquirido esta modalidad y que los dominicanos se capaciten en c\u00f3mo aplicar las diferentes t\u00e9cnicas.\u00a0La clausura del campamento tambi\u00e9n con la presencia del chileno Mario Mandel, secretario general de la PATU, quien destac\u00f3 el progreso que se aprecia en poomsae, que consiste en las habilidades que muestran los atletas al ejecutar los movimientos fundamentales del taekwondo.<\/p>\n\n\n\n<p>El campamento fue impartido por los reputados expositores Young Gi Jenn, de Per\u00fa; Raymond Hoz, de Estados Unidos; Seoung Mia Rim; de Canad\u00e1, y Sanj Jong Moom, de M\u00e9xico, entre otros.\u00a0Mientras que entre los dominicanos participaron los maestros Milton P\u00e9rez y Pablo Mora.<\/p>\n\n\n\n<p> Las ense\u00f1anzas se impartieron desde las 7:00 de la ma\u00f1ana hasta las 6:00 de la tarde.\u00a0En el campamento participaron algunos de los m\u00e1s laureados atletas de taekwondo del pa\u00eds, como el medallista ol\u00edmpico Luisito Pie, Mois\u00e9s Hern\u00e1ndez, Bernardo Pie, Katherine y Madeline Rodr\u00edguez, Pedro Luis Mart\u00ednez, Edward Espinosa y Ana Patricia P\u00e9rez, quien recientemente conquist\u00f3 medalla en el Campeonato Panamericano de Poomsae.\u00a0<\/p>\n\n\n\n<p>En el campamento estuvieron taekwondoistas de Brasil, Argentina, Nicaragua, Cuba, El Salvador, Canad\u00e1, Estados Unidos, Guatemala, mientras que entre los dominicanos hubo representaciones del Distrito Nacional, provincia Santo Domingo, Puerto Plata, Santiago, El Seibo, La Romana, entre otros.\u00a0\u00a0 <\/p>\n\n\n\n<p>\u00a0\u00a0PIE DE FOTO\u00a0\u00a0El ministro de Deportes, Francisco Camacho, encabez\u00f3 la clausura del campamento en el Club de Aduanas, Santo Domingo Este. A su derecha, Mario Mandel, secretario general de la Uni\u00f3n Panamericana de Taekwondo (PATU). Junto a ellos varios de los maestros que impartieron las t\u00e9cnicas.<\/p>\n\n\n\n<figure class=\"wp-block-table\"><table><tbody><tr><td>Fuente:  <strong>Comunicaciones MIDEREC 20-24<\/strong>\u00a0<\/td><\/tr><\/tbody><\/table><\/figure>\n","protected":false},"excerpt":{"rendered":"<p>diariodominicano.com Es parte de las actividades previas al Campeonato Panamericano y el Abierto de Taekwondo que se celebrar\u00e1 en mayo en el pa\u00eds\u00a0\u00a0 Santo Domingo, R. D., 20 de marzo, 2022.- El ministro de Deportes y Recreaci\u00f3n, Francisco Camacho, dej\u00f3 clausurado el Primer Campamento Panamericano de Taekwondo en la categor\u00eda de Poomsae (formas), en el [&hellip;]<\/p>\n","protected":false},"author":5,"featured_media":340251,"comment_status":"closed","ping_status":"","sticky":true,"template":"","format":"standard","meta":{"footnotes":""},"categories":[17,27],"tags":[],"class_list":["post-340250","post","type-post","status-publish","format-standard","has-post-thumbnail","hentry","category-deportes","category-portada"],"_links":{"self":[{"href":"https:\/\/diariodominicano.com\/index.php?rest_route=\/wp\/v2\/posts\/340250","targetHints":{"allow":["GET"]}}],"collection":[{"href":"https:\/\/diariodominicano.com\/index.php?rest_route=\/wp\/v2\/posts"}],"about":[{"href":"https:\/\/diariodominicano.com\/index.php?rest_route=\/wp\/v2\/types\/post"}],"author":[{"embeddable":true,"href":"https:\/\/diariodominicano.com\/index.php?rest_route=\/wp\/v2\/users\/5"}],"replies":[{"embeddable":true,"href":"https:\/\/diariodominicano.com\/index.php?rest_route=%2Fwp%2Fv2%2Fcomments&post=340250"}],"version-history":[{"count":1,"href":"https:\/\/diariodominicano.com\/index.php?rest_route=\/wp\/v2\/posts\/340250\/revisions"}],"predecessor-version":[{"id":340252,"href":"https:\/\/diariodominicano.com\/index.php?rest_route=\/wp\/v2\/posts\/340250\/revisions\/340252"}],"wp:featuredmedia":[{"embeddable":true,"href":"https:\/\/diariodominicano.com\/index.php?rest_route=\/wp\/v2\/media\/340251"}],"wp:attachment":[{"href":"https:\/\/diariodominicano.com\/index.php?rest_route=%2Fwp%2Fv2%2Fmedia&parent=340250"}],"wp:term":[{"taxonomy":"category","embeddable":true,"href":"https:\/\/diariodominicano.com\/index.php?rest_route=%2Fwp%2Fv2%2Fcategories&post=340250"},{"taxonomy":"post_tag","embeddable":true,"href":"https:\/\/diariodominicano.com\/index.php?rest_route=%2Fwp%2Fv2%2Ftags&post=340250"}],"curies":[{"name":"wp","href":"https:\/\/api.w.org\/{rel}","templated":true}]}}