{"id":340188,"date":"2022-03-20T10:40:32","date_gmt":"2022-03-20T14:40:32","guid":{"rendered":"http:\/\/diariodominicano.com\/?p=340188"},"modified":"2022-03-20T10:40:32","modified_gmt":"2022-03-20T14:40:32","slug":"seleccion-de-futbol-de-guatemala-espera-a-cuba-para-amistoso","status":"publish","type":"post","link":"https:\/\/diariodominicano.com\/?p=340188","title":{"rendered":"Selecci\u00f3n de f\u00fatbol de Guatemala espera a Cuba para amistoso"},"content":{"rendered":"\n<h1 class=\"wp-block-heading\"><\/h1>\n\n\n\n<p>Guatemala, 20 mar (Prensa Latina) La selecci\u00f3n nacional de f\u00fatbol de Guatemala tiene hoy la vista puesta en los partidos amistosos contra Cuba y Hait\u00ed, la semana pr\u00f3xima, en sus primeros duelos internacionales de 2022.<\/p>\n\n\n\n<ul class=\"wp-block-list\"><li>marzo 20, 2022<\/li><li>CDT08:46 (GMT) -0400<\/li><\/ul>\n\n\n\n<p>Los d\u00edas 24 y 27 pondr\u00e1n a prueba, adem\u00e1s, al t\u00e9cnico mexicano Luis Fernando Tena, quien en su debut con la Azul y Blanco anunci\u00f3 22 jugadores frente al cuadro del pa\u00eds caribe\u00f1o.<\/p>\n\n\n\n<p>En la lista aparecen los porteros Ricardo Jerez (CSD Municipal), Kenderson Navarro (Santa Luc\u00eda Cotzumalguapa) y Nicholas Hagen (Hamkam, de Noruega).<\/p>\n\n\n\n<p>Como defensas estar\u00e1n Cristian Jim\u00e9nez y Oscar Castellanos (Antigua GFC), Jos\u00e9 Morales y Mois\u00e9s Hern\u00e1ndez (CSD Municipal), Jos\u00e9 Carlos Pinto (Tacuary, de Paraguay) y Gerardo Gordillo (Gualaceo, de Ecuador).<\/p>\n\n\n\n<p>En el mediocampo aparecen Carlos Mej\u00eda (Antigua GFC), Alejandro Galindo (Cob\u00e1n Imperial), Jos\u00e9 Ochoa (Deportivo Malacateco), Jorge Aparicio y Rodrigo Saravia (Comunicaciones), Pedro Alt\u00e1n (CSD Municipal), Marco Dom\u00ednguez (Al Yarmouk, de Kuwait), Jes\u00fas L\u00f3pez (Necaxa, de M\u00e9xico) y Marvin Ceballos (Leones Negros UDG, de M\u00e9xico).<\/p>\n\n\n\n<p>En la plantilla de delanteros figuran Robin Betancourth (Cob\u00e1n Imperial), Jos\u00e9 Mart\u00ednez (CSD Municipal) y \u00d3scar Santis y Andr\u00e9s Lezcano (Comunicaciones).<\/p>\n\n\n\n<p>Entre las novedades de este llamado, expertos se\u00f1alan el regreso de seis legionarios, Hagen, quien milita en Europa; Pinto y Gordillo, en Sudam\u00e9rica; Dom\u00ednguez en Asia, y Ceballos y L\u00f3pez, en M\u00e9xico.<\/p>\n\n\n\n<p>El encuentro con la selecci\u00f3n de Cuba tendr\u00e1 lugar en la cancha del estadio Pensativo, en la ciudad colonial de Antigua Guatemala, a las 18:00 \u00abhora local\u00bb y los muchachos de Tena aspiran a repetir el 1-0 conseguido el 24 de marzo de 2021 en el Doroteo Guamuch Flores por el Grupo C de la eliminatoria mundialista de Concacaf hacia Catar 2022.<\/p>\n\n\n\n<p>Aunque ahora, el camino parece m\u00e1s dif\u00edcil, porque el t\u00e9cnico cubano Pablo Elier S\u00e1nchez convoc\u00f3 tambi\u00e9n a sus mejores fichajes en el extranjero, con la novedad de la inclusi\u00f3n de Marcel Hern\u00e1ndez, el estelar delantero del Cartagin\u00e9s de Costa Rica.<\/p>\n\n\n\n<p>La Bicolor entren\u00f3 la pasada semana en el Centro de Alto Rendimiento, en esta capital, donde continuar\u00e1n hasta el mi\u00e9rcoles 25, cuando viajar\u00e1n a Antigua.<\/p>\n\n\n\n<p>El otro juego ser\u00e1 ante Hait\u00ed, el venidero s\u00e1bado, en el DRV PNK Stadium, Fort Lauderldale, Florida, Estados Unidos, como parte de los fogueos de preparaci\u00f3n camino a la Liga de Naciones de Concacaf 2022-2023.<\/p>\n\n\n\n<p>Ya para el 27 de abril, un tercer compromiso ser\u00e1 ante la selecci\u00f3n mexicana en el reci\u00e9n renovado Camping World Stadium de Orlando, Florida, seg\u00fan el calendario divulgado por la Federaci\u00f3n de F\u00fatbol de Guatemala.<\/p>\n\n\n\n<p>oda\/mmc<\/p>\n","protected":false},"excerpt":{"rendered":"<p>Guatemala, 20 mar (Prensa Latina) La selecci\u00f3n nacional de f\u00fatbol de Guatemala tiene hoy la vista puesta en los partidos amistosos contra Cuba y Hait\u00ed, la semana pr\u00f3xima, en sus primeros duelos internacionales de 2022. marzo 20, 2022 CDT08:46 (GMT) -0400 Los d\u00edas 24 y 27 pondr\u00e1n a prueba, adem\u00e1s, al t\u00e9cnico mexicano Luis Fernando [&hellip;]<\/p>\n","protected":false},"author":28,"featured_media":340189,"comment_status":"closed","ping_status":"","sticky":false,"template":"","format":"standard","meta":{"footnotes":""},"categories":[17],"tags":[],"class_list":["post-340188","post","type-post","status-publish","format-standard","has-post-thumbnail","hentry","category-deportes"],"_links":{"self":[{"href":"https:\/\/diariodominicano.com\/index.php?rest_route=\/wp\/v2\/posts\/340188","targetHints":{"allow":["GET"]}}],"collection":[{"href":"https:\/\/diariodominicano.com\/index.php?rest_route=\/wp\/v2\/posts"}],"about":[{"href":"https:\/\/diariodominicano.com\/index.php?rest_route=\/wp\/v2\/types\/post"}],"author":[{"embeddable":true,"href":"https:\/\/diariodominicano.com\/index.php?rest_route=\/wp\/v2\/users\/28"}],"replies":[{"embeddable":true,"href":"https:\/\/diariodominicano.com\/index.php?rest_route=%2Fwp%2Fv2%2Fcomments&post=340188"}],"version-history":[{"count":1,"href":"https:\/\/diariodominicano.com\/index.php?rest_route=\/wp\/v2\/posts\/340188\/revisions"}],"predecessor-version":[{"id":340190,"href":"https:\/\/diariodominicano.com\/index.php?rest_route=\/wp\/v2\/posts\/340188\/revisions\/340190"}],"wp:featuredmedia":[{"embeddable":true,"href":"https:\/\/diariodominicano.com\/index.php?rest_route=\/wp\/v2\/media\/340189"}],"wp:attachment":[{"href":"https:\/\/diariodominicano.com\/index.php?rest_route=%2Fwp%2Fv2%2Fmedia&parent=340188"}],"wp:term":[{"taxonomy":"category","embeddable":true,"href":"https:\/\/diariodominicano.com\/index.php?rest_route=%2Fwp%2Fv2%2Fcategories&post=340188"},{"taxonomy":"post_tag","embeddable":true,"href":"https:\/\/diariodominicano.com\/index.php?rest_route=%2Fwp%2Fv2%2Ftags&post=340188"}],"curies":[{"name":"wp","href":"https:\/\/api.w.org\/{rel}","templated":true}]}}