{"id":339982,"date":"2022-03-19T15:45:01","date_gmt":"2022-03-19T19:45:01","guid":{"rendered":"http:\/\/diariodominicano.com\/?p=339982"},"modified":"2022-03-19T15:45:01","modified_gmt":"2022-03-19T19:45:01","slug":"policia-apresa-7-personas-por-diferentes-hechos-delictivos","status":"publish","type":"post","link":"https:\/\/diariodominicano.com\/?p=339982","title":{"rendered":"Polic\u00eda apresa 7 personas por diferentes hechos delictivos"},"content":{"rendered":"\n<p>La Polic\u00eda Nacional apres\u00f3 a siete personas acusadas de cometer distintos hechos delictivos, durante operativos realizados en el accionar desplegado en las \u00faltimas 24 horas en diferentes sectores del Gran Santo Domingo y en el municipio de Cotu\u00ed, provincia S\u00e1nchez Ram\u00edrez.<\/p>\n\n\n\n<p>Entre los detenidos se encuentra&nbsp;<strong>Evelyn Hilario de Le\u00f3n<\/strong>, quien fue sorprendida en una empresa de env\u00edo de remesas en Cotu\u00ed, cuando pretend\u00eda retirar la suma de 10,000 pesos, producto de una extorsi\u00f3n contra un ciudadano, quien era amenazado con que publicar\u00edan im\u00e1genes \u00edntimas suyas en las redes sociales, si no enviaba la citada suma de dinero.<\/p>\n\n\n\n<p>De igual forma los agentes policiales apresaron al nacional haitiano&nbsp;<strong>Silbano Jefrei (a) Team Mafia, de 18 a\u00f1os<\/strong>, indocumentado, quien, el pasado 14 de marzo, despoj\u00f3 de un celular, la suma de 2,000 pesos y otras pertenencias personales a un miembro militar.<\/p>\n\n\n\n<p>El detenido cometi\u00f3 el hecho en compa\u00f1\u00eda de su compatriota Walky Pie (a) El Gordo, de 19 a\u00f1os, quien fue previamente arrestado y sometido a la justicia. Por ese hecho se contin\u00faa la b\u00fasqueda de los pr\u00f3fugos \u201cKelvin\u201d y \u201cEl Guardia\u201d.<\/p>\n\n\n\n<p>En otro hecho, fue apresado&nbsp;<strong>Yordano Brasoban L\u00f3pez<\/strong>, por el despojo de una cartera de una ciudadana, en cuyo interior hab\u00eda 4,000 pesos en efectivo, varios cosm\u00e9ticos y una tarjeta bancaria, en un hecho ocurrido en el sector Los Guandules, del Distrito Nacional, el pasado 15 de octubre del 2021.<\/p>\n\n\n\n<p>En otra acci\u00f3n realizada en el sector Los Frailes, en Santo Domingo Este, agentes policiales arrestaron a&nbsp;<strong>Anthony Jaquez B\u00e1ez<\/strong>&nbsp;y&nbsp;<strong>Ram\u00f3n Miguel Jaquez,&nbsp;<\/strong>quienes transitaban con perfil sospechoso en un carro marca Honda Civic, color blanco, placa No. A165731, en la calle Tropical del Este, pr\u00f3ximo al \u201cplay de Los Corales\u201d, donde \u00e9ste \u00faltimoten\u00eda en su poder una pistola marca Taurus, PT 24-7, No. TAP74839, con un cargador y dos c\u00e1psulas, que portaba de manera ilegal.<\/p>\n\n\n\n<p>El arma, al ser depurada, figura como robada, el pasado mi\u00e9rcoles 9 de marzo, a un ciudadano en su residencia en el sector Evaristo Morales, del Distrito Nacional. De igual forma, a los detenidos se les ocup\u00f3 un chaleco antibalas, una c\u00e1mara fotogr\u00e1fica con su tr\u00edpode, dos celulares y una mochila.<\/p>\n\n\n\n<p>Asimismo, en Los Frailes, fue detenido&nbsp;<strong>Noel Peralta Ceballos (a) El Mono, de 34 a\u00f1os<\/strong>, quien portaba una pistola tipo b\u00e9lico de juguete en la cintura; tambi\u00e9n fue arrestado&nbsp;<strong>David Antonio Sabi\u00f1\u00f3n Yerrero (a) El Bebo, de 20 a\u00f1os<\/strong>, por despojar a un nacional haitiano de su celular, hecho cometido en complicidad con otras dos personas que est\u00e1n siendo activamente buscadas.<\/p>\n\n\n\n<p>Los detenidos y lo ocupado fueron puestos a disposici\u00f3n del Ministerio P\u00fablico para los fines legales correspondientes.<\/p>\n\n\n\n<figure class=\"wp-block-image\"><img decoding=\"async\" src=\"https:\/\/ci5.googleusercontent.com\/proxy\/4Z-hGhBOJPWpQmE1X3_NBHBAoKdlXPe7HsDl2mqzfLqNX78TveqiwssERtFb3mG1hiIm9tnFt0PhefYln7O0zBAc9eUN_KTyrpU2mRpx0mDcximrt-gMmxyAXCJiaQjOrhX0yiNABXEQYH45ESBE4ss_8ogSpgI19pLS8fpGzAi2xxkVlhQXXpx0VWrx0q-cBYDH1nIi3a8=s0-d-e1-ft#https:\/\/docs.google.com\/uc?export=download&amp;id=0B-hUxyMNH2VeempvZFN5OXJyWm8&amp;revid=0B-hUxyMNH2VeNklzQ0dzU1NOTCtEd3d6czRWQjBzUitZT28wPQ\" alt=\"\"\/><\/figure>\n\n\n\n<p>Departamento de PrensaDirecci\u00f3n&nbsp;de Comunicaciones&nbsp;Estrat\u00e9gicasPolic\u00eda Nacional Rep\u00fablica Dominicana.<\/p>\n","protected":false},"excerpt":{"rendered":"<p>La Polic\u00eda Nacional apres\u00f3 a siete personas acusadas de cometer distintos hechos delictivos, durante operativos realizados en el accionar desplegado en las \u00faltimas 24 horas en diferentes sectores del Gran Santo Domingo y en el municipio de Cotu\u00ed, provincia S\u00e1nchez Ram\u00edrez. Entre los detenidos se encuentra&nbsp;Evelyn Hilario de Le\u00f3n, quien fue sorprendida en una empresa [&hellip;]<\/p>\n","protected":false},"author":7,"featured_media":320203,"comment_status":"closed","ping_status":"","sticky":true,"template":"","format":"standard","meta":{"footnotes":""},"categories":[29,27],"tags":[],"class_list":["post-339982","post","type-post","status-publish","format-standard","has-post-thumbnail","hentry","category-policiasucesos","category-portada"],"_links":{"self":[{"href":"https:\/\/diariodominicano.com\/index.php?rest_route=\/wp\/v2\/posts\/339982","targetHints":{"allow":["GET"]}}],"collection":[{"href":"https:\/\/diariodominicano.com\/index.php?rest_route=\/wp\/v2\/posts"}],"about":[{"href":"https:\/\/diariodominicano.com\/index.php?rest_route=\/wp\/v2\/types\/post"}],"author":[{"embeddable":true,"href":"https:\/\/diariodominicano.com\/index.php?rest_route=\/wp\/v2\/users\/7"}],"replies":[{"embeddable":true,"href":"https:\/\/diariodominicano.com\/index.php?rest_route=%2Fwp%2Fv2%2Fcomments&post=339982"}],"version-history":[{"count":2,"href":"https:\/\/diariodominicano.com\/index.php?rest_route=\/wp\/v2\/posts\/339982\/revisions"}],"predecessor-version":[{"id":339993,"href":"https:\/\/diariodominicano.com\/index.php?rest_route=\/wp\/v2\/posts\/339982\/revisions\/339993"}],"wp:featuredmedia":[{"embeddable":true,"href":"https:\/\/diariodominicano.com\/index.php?rest_route=\/wp\/v2\/media\/320203"}],"wp:attachment":[{"href":"https:\/\/diariodominicano.com\/index.php?rest_route=%2Fwp%2Fv2%2Fmedia&parent=339982"}],"wp:term":[{"taxonomy":"category","embeddable":true,"href":"https:\/\/diariodominicano.com\/index.php?rest_route=%2Fwp%2Fv2%2Fcategories&post=339982"},{"taxonomy":"post_tag","embeddable":true,"href":"https:\/\/diariodominicano.com\/index.php?rest_route=%2Fwp%2Fv2%2Ftags&post=339982"}],"curies":[{"name":"wp","href":"https:\/\/api.w.org\/{rel}","templated":true}]}}