{"id":339962,"date":"2022-03-19T01:27:54","date_gmt":"2022-03-19T05:27:54","guid":{"rendered":"http:\/\/diariodominicano.com\/?p=339962"},"modified":"2022-03-19T01:27:54","modified_gmt":"2022-03-19T05:27:54","slug":"de-rumba-el-beisbol-cubano-con-show-de-estrellas-en-matanzas","status":"publish","type":"post","link":"https:\/\/diariodominicano.com\/?p=339962","title":{"rendered":"De rumba el b\u00e9isbol cubano con show de estrellas en Matanzas"},"content":{"rendered":"\n<h1 class=\"wp-block-heading\"><\/h1>\n\n\n\n<p>Matanzas, Cuba, 19 mar (Prensa Latina) El montaje esc\u00e9nico est\u00e1 listo hoy aqu\u00ed para la trigesimoquinta edici\u00f3n del Juego de las Estrellas en Cuba, momento so\u00f1ado que agolpa a los mejores exponentes casi siempre a mitad de las temporadas beisboleras.<\/p>\n\n\n\n<ul class=\"wp-block-list\"><li>marzo 19, 2022<\/li><li>CDT01:02 (GMT) -0400<\/li><\/ul>\n\n\n\n<p>La 61 Serie Nacional no ser\u00e1 la excepci\u00f3n, y la ciudad de Matanzas tiene a su cargo convertir en fiesta un programa que surgi\u00f3 el 15 de marzo de 1963 y persiste en el tiempo entre aciertos y tropiezos en cada una de sus d\u00e9cadas de historias.<\/p>\n\n\n\n<p>Por tercera vez (anteriormente fue sede en 2012 y 2016), el estadio Victoria de Gir\u00f3n acoger\u00e1 este 19 y 20 de marzo el fin de semana de las luminarias, cuya principal atracci\u00f3n ser\u00e1 el choque entre Occidentales y Orientales, aunque tambi\u00e9n prev\u00e9 otros acontecimientos pintorescos.<\/p>\n\n\n\n<p>Sin dudas, el m\u00e1s llamativo es el tope infantil entre Granma y Matanzas de las Peque\u00f1as Ligas, con peloteritos de la categor\u00eda 11-12 a\u00f1os, que seguramente dar\u00e1n ese toque alegre propio de la ni\u00f1ez.<\/p>\n\n\n\n<p>Como resulta habitual, las pruebas de habilidades tambi\u00e9n pondr\u00e1n este s\u00e1bado sabor a la carta de actividades, con la carrera de home a primera, la ejecuci\u00f3n del doble play contra reloj, el tiro de los receptores a segunda base y los lanzamientos desde los jardines.<\/p>\n\n\n\n<p>Empero, el derby de jonrones aparece como el plato fuerte del festival de destrezas, con varios hombres due\u00f1os de dinamita en sus mu\u00f1ecas y dispuestos a hacer volar la TeamMate.<\/p>\n\n\n\n<p>Los protagonistas, seg\u00fan los organizadores, ser\u00e1n Yasiel Santoya (Industriales), Yasel Julio Gonz\u00e1lez (Pinar del R\u00edo), Andr\u00e9s Hern\u00e1ndez (Industriales), Yasniel Gonz\u00e1lez (Mayabeque), Alfredo Fadraga (Ciego de \u00c1vila), Rafael Vi\u00f1ales (Las Tunas), Over Cremet (Guant\u00e1namo) y Pedro Pablo Revilla (Guant\u00e1namo).<\/p>\n\n\n\n<p>El \u00faltimo Juego de las Estrellas tuvo lugar en la provincia de Santiago de Cuba, aunque se decidi\u00f3 dejar atr\u00e1s el tradicional choque entre Occidente y Oriente para darle paso al enfrentamiento de un combinado con jugadores menores de 25 a\u00f1os versus otro con edades superiores.<\/p>\n\n\n\n<p>msm\/jdg<\/p>\n","protected":false},"excerpt":{"rendered":"<p>Matanzas, Cuba, 19 mar (Prensa Latina) El montaje esc\u00e9nico est\u00e1 listo hoy aqu\u00ed para la trigesimoquinta edici\u00f3n del Juego de las Estrellas en Cuba, momento so\u00f1ado que agolpa a los mejores exponentes casi siempre a mitad de las temporadas beisboleras. marzo 19, 2022 CDT01:02 (GMT) -0400 La 61 Serie Nacional no ser\u00e1 la excepci\u00f3n, y [&hellip;]<\/p>\n","protected":false},"author":28,"featured_media":339963,"comment_status":"closed","ping_status":"","sticky":false,"template":"","format":"standard","meta":{"footnotes":""},"categories":[17],"tags":[],"class_list":["post-339962","post","type-post","status-publish","format-standard","has-post-thumbnail","hentry","category-deportes"],"_links":{"self":[{"href":"https:\/\/diariodominicano.com\/index.php?rest_route=\/wp\/v2\/posts\/339962","targetHints":{"allow":["GET"]}}],"collection":[{"href":"https:\/\/diariodominicano.com\/index.php?rest_route=\/wp\/v2\/posts"}],"about":[{"href":"https:\/\/diariodominicano.com\/index.php?rest_route=\/wp\/v2\/types\/post"}],"author":[{"embeddable":true,"href":"https:\/\/diariodominicano.com\/index.php?rest_route=\/wp\/v2\/users\/28"}],"replies":[{"embeddable":true,"href":"https:\/\/diariodominicano.com\/index.php?rest_route=%2Fwp%2Fv2%2Fcomments&post=339962"}],"version-history":[{"count":1,"href":"https:\/\/diariodominicano.com\/index.php?rest_route=\/wp\/v2\/posts\/339962\/revisions"}],"predecessor-version":[{"id":339964,"href":"https:\/\/diariodominicano.com\/index.php?rest_route=\/wp\/v2\/posts\/339962\/revisions\/339964"}],"wp:featuredmedia":[{"embeddable":true,"href":"https:\/\/diariodominicano.com\/index.php?rest_route=\/wp\/v2\/media\/339963"}],"wp:attachment":[{"href":"https:\/\/diariodominicano.com\/index.php?rest_route=%2Fwp%2Fv2%2Fmedia&parent=339962"}],"wp:term":[{"taxonomy":"category","embeddable":true,"href":"https:\/\/diariodominicano.com\/index.php?rest_route=%2Fwp%2Fv2%2Fcategories&post=339962"},{"taxonomy":"post_tag","embeddable":true,"href":"https:\/\/diariodominicano.com\/index.php?rest_route=%2Fwp%2Fv2%2Ftags&post=339962"}],"curies":[{"name":"wp","href":"https:\/\/api.w.org\/{rel}","templated":true}]}}