{"id":33993,"date":"2018-11-28T23:49:08","date_gmt":"2018-11-28T23:49:08","guid":{"rendered":"http:\/\/diariodominicano.ddns.net\/?p=33993"},"modified":"2018-11-28T23:49:08","modified_gmt":"2018-11-28T23:49:08","slug":"algo-mas-que-palabras-de-combate-en-combate","status":"publish","type":"post","link":"https:\/\/diariodominicano.com\/?p=33993","title":{"rendered":"ALGO M\u00c1S QUE PALABRAS&#13;&#13; DE COMBATE EN COMBATE"},"content":{"rendered":"<p><body><\/p>\n<p><strong>\u00abCada conflicto es una decadencia del alma humana\u00bb.<\/strong><\/p>\n<\/p>\n<p>========================<\/p>\n<p>V\u00edctor Corcoba Herrero\/ Escritor<\/p>\n<p>corcoba@telefonica.net<\/p>\n<p>=========================<\/p>\n<\/p>\n<p>\t No hemos salido de un combate, nos metemos en otro, \u00a1cu\u00e1ntas in\u00fatiles contiendas!, en este mundo crecido por lenguajes que nos enfrentan unos contra otros, por pr\u00e1cticas racistas y xen\u00f3fobas, que lo \u00fanico que hacen es dividirnos y alimentar envidias y celos. Para desgracia de la humanidad, a\u00fan no hemos aprendido a respetarnos, a considerar al an\u00e1logo como parte nuestra, a observar que no se pueden imponer las propias ideas a costa de cualquier cosa, cuando en realidad lo m\u00e1s hermoso es ofrecer propuestas, reflexionar unidos, pues todo ha de defenderse con la raz\u00f3n y no con las armas. Mal que nos pese, cada conflicto es una decadencia del alma humana, un sinsentido que nos destruye por dentro y por fuera. Ojal\u00e1 aprendamos a evitar estas tragedias, con comprensi\u00f3n, con el abrazo permanente, con la sonrisa a pie de obra constantemente. Por una vez y para siempre, digamos no a las batallas, conciliemos los \u00e1nimos, para llevar a buen t\u00e9rmino esa revoluci\u00f3n de la mano tendida, del auxilio permanente, de la ternura. Quiz\u00e1s entonces el enemigo se doblegue sin luchar y, contenida la hostilidad, ser\u00e1 m\u00e1s f\u00e1cil convivir.<\/p>\n<\/p>\n<p>\tEn consecuencia, cese la violencia entre nosotros, comiencen los exploradores del bien a ejercitar sus brazos, reinvent\u00e9monos cambios significativos en nuestro modo de actuar, pong\u00e1monos en faena de servicio, aliment\u00e9monos de lenguajes fraternos y de miradas que nos acaricien. Al fin y al cabo, con un coraz\u00f3n entregado es f\u00e1cil entrar en di\u00e1logo y cambiar modos de vida. Estimo, por ende, que ha de ser prioritario educar a las pr\u00f3ximas generaciones sobre la gravedad de este contexto. Sin duda, hemos de crear conciencia, con convicci\u00f3n y entrega, con generosidad y firmeza en suma.<\/p>\n<\/p>\n<p>Esta manera presente de no vivir, de no dejar vivir, es la mayor crueldad de este siglo, puesto que provoca sufrimientos penetrantes que nos dejan sin esperanza alguna. La triste realidad habla por s\u00ed misma. Todo se ha deshumanizado con la dictadura del inter\u00e9s, de las finanzas y la econom\u00eda, donde nadie conoce a nadie, en esa ambici\u00f3n de acrecentar beneficios como sea, no importa pisar al d\u00e9bil o declararle la ofensiva, lo importante es ganar poder y endiosarse cada d\u00eda m\u00e1s. Y as\u00ed, mientras las ganancias de unos pocos privilegiados crecen sin cesar, otras gentes se hunden en la miseria y nadie las rescata. \u00bfD\u00f3nde est\u00e1 el coraz\u00f3n humano? A veces, me da la sensaci\u00f3n de haber divinizado el af\u00e1n de poseer, en lugar de donarse, con una solidaridad desinteresada en favor de una decente vida que todos nos merecemos como ciudadanos de un mundo global, al que a\u00fan le falta ser pi\u00f1a. Esa ausencia de amor en el esp\u00edritu es lo que frena el entenderse, la pasi\u00f3n m\u00e1s natural del hombre. <\/p>\n<\/p>\n<p>\tSea como fuere, hay que decir \u00a1basta! a esta necedad de combates in\u00fatiles. Creo que ha llegado el momento de que cada cual pueda vivir con dignidad, su paso por el mundo, es cuesti\u00f3n de tener sensibilidad. Por eso, es fundamental que los Estados, con sus l\u00edderes a la cabeza, tomen las medidas necesarias para garantizar otras atm\u00f3sferas m\u00e1s pacifistas, al menos garantizando en doquier lugar del planeta, la plena protecci\u00f3n de los derechos humanos. Con frecuencia especialistas de la ONU expresan su preocupaci\u00f3n a trav\u00e9s de una serie de llamadas  o misivas enviadas a gobiernos diversos, sobre esa falta de consideraci\u00f3n hacia los m\u00e1s d\u00e9biles y de respeto al derecho internacional. L\u00e1stima que estos escenarios de violaciones extremas a los derechos humanos nos dejen indiferentes. Deber\u00edamos acatarlos como algo innato a nuestra propia existencia, a fin de fomentar una cultura de concurrencia, y no de rivalidad como tantas veces sucede. La responsabilidad es nuestra. S\u00ed de cada cual, consigo mismo y los dem\u00e1s. Efectivamente, una buena disposici\u00f3n hacia los semejantes contribuye a superar los ego\u00edsmos que impiden ese ambiente arm\u00f3nico del que andamos tan necesitados todos. S\u00e1lvese el que pueda.  <\/p>\n<\/p>\n<p>V\u00edctor Corcoba Herrero\/ Escritor<\/p>\n<p>corcoba@telefonica.net<\/p>\n<p>28 de noviembre de 2018.-<\/p>\n<h6> 2018-11-28 23:49:08 <\/h6>\n<p><!--\n<link rel=\"stylesheet\" href=\"css\/bootstrap.min.css\">\n\n\n<ul class=\"pagination\">\n\t    \n\t\n\n<li >\n\t<a href='?page_no=1009'>Previous<\/a>\n\t<\/li>\n\n\n       \n    \n\n<li><a href='?page_no=1'>1<\/a><\/li>\n\n\n\n<li><a href='?page_no=2'>2<\/a><\/li>\n\n\n\n<li><a>...<\/a><\/li>\n\n\n\n<li><a href='?page_no=1008'>1008<\/a><\/li>\n\n\n\n<li><a href='?page_no=1009'>1009<\/a><\/li>\n\n\n\n<li class='active'><a>1010<\/a><\/li>\n\n\n\n<li><a href='?page_no=1011'>1011<\/a><\/li>\n\n\n\n<li><a href='?page_no=1012'>1012<\/a><\/li>\n\n\n\n<li><a>...<\/a><\/li>\n\n\n\n<li><a href='?page_no=13611'>13611<\/a><\/li>\n\n\n\n<li><a href='?page_no=13612'>13612<\/a><\/li>\n\n    \n\t\n\n<li >\n\t<a href='?page_no=1011'>Next<\/a>\n\t<\/li>\n\n\n    \n\n<li><a href='?page_no=13612'>Last &rsaquo;&rsaquo;<\/a><\/li>\n\n<\/ul>\n\n\n--><br \/>\n<\/body><\/p>\n","protected":false},"excerpt":{"rendered":"<p>\u00abCada conflicto es una decadencia del alma humana\u00bb. ======================== V\u00edctor Corcoba Herrero\/ Escritor corcoba@telefonica.net ========================= No hemos salido de un combate, nos metemos en otro, \u00a1cu\u00e1ntas in\u00fatiles contiendas!, en este mundo crecido por lenguajes que nos enfrentan unos contra otros, por pr\u00e1cticas racistas y xen\u00f3fobas, que lo \u00fanico que hacen es dividirnos y alimentar envidias [&hellip;]<\/p>\n","protected":false},"author":3,"featured_media":0,"comment_status":"open","ping_status":"open","sticky":false,"template":"","format":"standard","meta":{"footnotes":""},"categories":[16],"tags":[],"class_list":["post-33993","post","type-post","status-publish","format-standard","hentry","category-opiniones"],"_links":{"self":[{"href":"https:\/\/diariodominicano.com\/index.php?rest_route=\/wp\/v2\/posts\/33993","targetHints":{"allow":["GET"]}}],"collection":[{"href":"https:\/\/diariodominicano.com\/index.php?rest_route=\/wp\/v2\/posts"}],"about":[{"href":"https:\/\/diariodominicano.com\/index.php?rest_route=\/wp\/v2\/types\/post"}],"author":[{"embeddable":true,"href":"https:\/\/diariodominicano.com\/index.php?rest_route=\/wp\/v2\/users\/3"}],"replies":[{"embeddable":true,"href":"https:\/\/diariodominicano.com\/index.php?rest_route=%2Fwp%2Fv2%2Fcomments&post=33993"}],"version-history":[{"count":0,"href":"https:\/\/diariodominicano.com\/index.php?rest_route=\/wp\/v2\/posts\/33993\/revisions"}],"wp:attachment":[{"href":"https:\/\/diariodominicano.com\/index.php?rest_route=%2Fwp%2Fv2%2Fmedia&parent=33993"}],"wp:term":[{"taxonomy":"category","embeddable":true,"href":"https:\/\/diariodominicano.com\/index.php?rest_route=%2Fwp%2Fv2%2Fcategories&post=33993"},{"taxonomy":"post_tag","embeddable":true,"href":"https:\/\/diariodominicano.com\/index.php?rest_route=%2Fwp%2Fv2%2Ftags&post=33993"}],"curies":[{"name":"wp","href":"https:\/\/api.w.org\/{rel}","templated":true}]}}