{"id":33992,"date":"2020-08-23T19:26:30","date_gmt":"2020-08-23T19:26:30","guid":{"rendered":"http:\/\/diariodominicano.ddns.net\/?p=33992"},"modified":"2020-08-23T19:26:30","modified_gmt":"2020-08-23T19:26:30","slug":"ausencia-de-lideres-que-tiendan-puentes","status":"publish","type":"post","link":"https:\/\/diariodominicano.com\/?p=33992","title":{"rendered":"AUSENCIA DE L\u00cdDERES QUE TIENDAN PUENTES"},"content":{"rendered":"<p><body><\/p>\n<p>ALGO M\u00c1S QUE PALABRAS<\/p>\n<\/p>\n<p>AUSENCIA DE L\u00cdDERES QUE TIENDAN PUENTES<\/p>\n<p>\u00abNo hay viaducto mejor que ese lazo solidario que implica por s\u00ed mismo respeto mutuo\u00bb<\/p>\n<\/p>\n<p>=============================<\/p>\n<p>V\u00edctor CORCOBA HERRERO\/ Escritor<\/p>\n<p>corcoba@telefonica.net\t<\/p>\n<p>============================= <\/p>\n<\/p>\n<p>\tAl  mundo le faltan liderazgos ejemplarizantes, vidas humildes entregadas a tender puentes entre an\u00e1logos, gu\u00edas coherentes entre lo que dicen y hacen, dirigentes claros dispuestos a servir, no a servirse de su posici\u00f3n de privilegio, puesto que la diversidad de opiniones, siempre nos ayuda a ver m\u00e1s all\u00e1 de nuestros propios ojos, m\u00e1xime en una \u00e9poca con tantas dificultades, pues junto a la pandemia, hay un crecimiento violento que nos desborda, un discurso racista que discrimina, con un impacto tremendo que repele por su abecedario de odios y venganzas. Esta dram\u00e1tica situaci\u00f3n, cuestiona muchas certezas y pone muchos interrogantes, en nuestro hacer viviente. Quiz\u00e1s, lo prioritario, sea orientar nuestra propia vida de otro modo, gestionando las cosas mejor, ayudados por gobernantes verdaderamente comprometidos, que es lo correcto, con ese bien colectivo, al que todos tenemos el deber de cooperar y el derecho tambi\u00e9n a poder disfrutarlo. <\/p>\n<p>La tarea no es f\u00e1cil, puesto que para contrarrestar esta discriminaci\u00f3n y abordar las causas profundas de la intolerancia, hemos de propiciar m\u00e1s acciones contundentes. De nada sirven los discursos de concienciaci\u00f3n por la diversidad y promoci\u00f3n de la inclusi\u00f3n, si luego no los hacemos realidad en nuestro acontecer diario de vida. Por eso, es fundamental que la humanidad busque otros talentos de mayor conexi\u00f3n con la situaci\u00f3n y la rectitud, y abandonen aquellos que no est\u00e1n dispuestos a sacrificarlo todo por la fraternidad del mundo y la realizaci\u00f3n libre de su pueblo. <\/p>\n<p>\tIndudablemente, la ausencia de l\u00edderes aut\u00e9nticos entregados a un esfuerzo convergente para relanzar ese esp\u00edritu que nos fraternice, hace que tampoco avancemos para despojarnos de esta atm\u00f3sfera mundana que no sabe escuchar el grito de los que sufren, ya sea por la pobreza, falta de empleo decente o miserias humanas vertidas, ni ver con el coraz\u00f3n que nuestro planeta est\u00e1 gravemente enfermo. Nos hemos convertido en piedras que nos tiramos unos a otros sin consideraci\u00f3n alguna. Puede que tengamos que propiciar la gran revoluci\u00f3n del donarse, ante tantas dictaduras de poder que se apoderan hasta del aire que respiramos, adue\u00f1\u00e1ndose de nuestro destino. La solidaridad ha de ser ese v\u00ednculo que nos fraternice a las personas de todas las naciones y todas lenguas. No hay viaducto mejor que ese lazo solidario que implica por s\u00ed mismo respeto mutuo. <\/p>\n<p>Los gobiernos, con sus cabecillas al frente, deber\u00edan saber que para que haya uni\u00f3n debe haber consideraci\u00f3n hacia todo ser humano, y que ellos son los primeros que tienen que convertirse en promotores de concordia, sabiendo consensuar posturas, escuchando a todos sin excepci\u00f3n alguna. Los liderazgos pol\u00edticos no pueden convertirse en el mayor negocio para s\u00ed y los suyos, en un para\u00edso de charlatanes, que nada resuelven, en parte porque se ha llegado a convertir en muchos pa\u00edses, por no decir en todos, en el campo laboral para ciertas mentes mediocres. De ah\u00ed, lo necesario que es tomar en serio la pol\u00edtica como una opci\u00f3n de servicio a un pueblo, a una naci\u00f3n o a la humanidad en su conjunto. Tal vez sea el mayor acto solidario de unidad. Cuidado con los que dividen. Son, precisamente, estos vicios los que quebrantan el ideal de una democracia aut\u00e9ntica.<\/p>\n<p>\tEn consecuencia, resulta inaceptable aquellos falsos discursos pol\u00edticos, econ\u00f3micos y sociales, en los que proliferan abecedarios hirientes, en los que se culpabiliza del duro momento a los que menos culpa tienen, pongamos por caso a esos migrantes que aparte de jugarse la vida son los due\u00f1os de todos los males; y, por eso, el l\u00edder de turno no escatima en privarles de esperanza. A prop\u00f3sito, tengo que reconocer que me ha gustado el hecho de que la Comisi\u00f3n Europea haya adoptado la decisi\u00f3n de registrar una iniciativa ciudadana europe\u00edsta, denominada \u00abderecho a una cura\u00bb, instando de este modo a la Uni\u00f3n a anteponer la salud p\u00fablica a los beneficios privados y a hacer que las vacunas y los tratamientos, para hacer frente a las pandemias, se conviertan en un bien p\u00fablico mundial, de libre acceso para todos. Esto s\u00ed que ser\u00e1 un gran avance de llevarlo a buen t\u00e9rmino. Verdaderamente, son estas realidades universalistas responsables las que nos hacen crecer hacia ese soplo arm\u00f3nico, de f\u00e1cil reconocimiento por su quietud interna en cada cual y, a la vez, comunitaria. <\/p>\n<p>Ahora bien, por si solos jam\u00e1s llegaremos a ning\u00fan sitio, tampoco la multitud por s\u00ed misma, requiere de un referente que le guie, ya que no hay mejor capital humano que trabajar fusionados, en id\u00e9ntica direcci\u00f3n y con equivalente tes\u00f3n, hacia un talante combativo. En efecto, ning\u00fan ser humano puede bajar la guardia en vida, necesitamos batallar por un mundo m\u00e1s habitable, perseguir la deforestaci\u00f3n de nuestro entorno; y, hasta nosotros mismos, tener un envejecimiento saludable. Ojal\u00e1 surjan nuevos liderazgos, con otro \u00e1nimo, m\u00e1s de entrega a los d\u00e9biles. Los vamos a necesitar m\u00e1s que nunca. El mundo del trabajo se ve muy afectado por la pandemia mundial del virus, sus perturbaciones a nivel econ\u00f3mico y social est\u00e1n poniendo en peligro los medios de vida dignos, as\u00ed como el bienestar de millones de personas. Ojal\u00e1 surjan nuevos ejecutores m\u00e1s equitativos, capaces de perseverar en la lucha, rebel\u00e1ndose contra poderes corruptos y sepan interpretar la realidad con mesura y libertad, pues ese es el punto que necesitamos para proseguir el andar como linaje.     <\/p>\n<\/p>\n<p>V\u00edctor CORCOBA HERRERO \/ Escritor<\/p>\n<p>corcoba@telefonica.net<\/p>\n<p>23 de agosto de 2020<\/p>\n<h6> 2020-08-23 19:26:30 <\/h6>\n<p><!--\n<link rel=\"stylesheet\" href=\"css\/bootstrap.min.css\">\n\n\n<ul class=\"pagination\">\n\t    \n\t\n\n<li >\n\t<a href='?page_no=100'>Previous<\/a>\n\t<\/li>\n\n\n       \n    \n\n<li><a href='?page_no=1'>1<\/a><\/li>\n\n\n\n<li><a href='?page_no=2'>2<\/a><\/li>\n\n\n\n<li><a>...<\/a><\/li>\n\n\n\n<li><a href='?page_no=99'>99<\/a><\/li>\n\n\n\n<li><a href='?page_no=100'>100<\/a><\/li>\n\n\n\n<li class='active'><a>101<\/a><\/li>\n\n\n\n<li><a href='?page_no=102'>102<\/a><\/li>\n\n\n\n<li><a href='?page_no=103'>103<\/a><\/li>\n\n\n\n<li><a>...<\/a><\/li>\n\n\n\n<li><a href='?page_no=13611'>13611<\/a><\/li>\n\n\n\n<li><a href='?page_no=13612'>13612<\/a><\/li>\n\n    \n\t\n\n<li >\n\t<a href='?page_no=102'>Next<\/a>\n\t<\/li>\n\n\n    \n\n<li><a href='?page_no=13612'>Last &rsaquo;&rsaquo;<\/a><\/li>\n\n<\/ul>\n\n\n--><br \/>\n<\/body><\/p>\n","protected":false},"excerpt":{"rendered":"<p>ALGO M\u00c1S QUE PALABRAS AUSENCIA DE L\u00cdDERES QUE TIENDAN PUENTES \u00abNo hay viaducto mejor que ese lazo solidario que implica por s\u00ed mismo respeto mutuo\u00bb ============================= V\u00edctor CORCOBA HERRERO\/ Escritor corcoba@telefonica.net ============================= Al mundo le faltan liderazgos ejemplarizantes, vidas humildes entregadas a tender puentes entre an\u00e1logos, gu\u00edas coherentes entre lo que dicen y hacen, dirigentes [&hellip;]<\/p>\n","protected":false},"author":3,"featured_media":0,"comment_status":"open","ping_status":"open","sticky":false,"template":"","format":"standard","meta":{"footnotes":""},"categories":[16],"tags":[],"class_list":["post-33992","post","type-post","status-publish","format-standard","hentry","category-opiniones"],"_links":{"self":[{"href":"https:\/\/diariodominicano.com\/index.php?rest_route=\/wp\/v2\/posts\/33992","targetHints":{"allow":["GET"]}}],"collection":[{"href":"https:\/\/diariodominicano.com\/index.php?rest_route=\/wp\/v2\/posts"}],"about":[{"href":"https:\/\/diariodominicano.com\/index.php?rest_route=\/wp\/v2\/types\/post"}],"author":[{"embeddable":true,"href":"https:\/\/diariodominicano.com\/index.php?rest_route=\/wp\/v2\/users\/3"}],"replies":[{"embeddable":true,"href":"https:\/\/diariodominicano.com\/index.php?rest_route=%2Fwp%2Fv2%2Fcomments&post=33992"}],"version-history":[{"count":0,"href":"https:\/\/diariodominicano.com\/index.php?rest_route=\/wp\/v2\/posts\/33992\/revisions"}],"wp:attachment":[{"href":"https:\/\/diariodominicano.com\/index.php?rest_route=%2Fwp%2Fv2%2Fmedia&parent=33992"}],"wp:term":[{"taxonomy":"category","embeddable":true,"href":"https:\/\/diariodominicano.com\/index.php?rest_route=%2Fwp%2Fv2%2Fcategories&post=33992"},{"taxonomy":"post_tag","embeddable":true,"href":"https:\/\/diariodominicano.com\/index.php?rest_route=%2Fwp%2Fv2%2Ftags&post=33992"}],"curies":[{"name":"wp","href":"https:\/\/api.w.org\/{rel}","templated":true}]}}