{"id":33981,"date":"2018-11-28T23:54:57","date_gmt":"2018-11-28T23:54:57","guid":{"rendered":"http:\/\/diariodominicano.ddns.net\/?p=33981"},"modified":"2018-11-28T23:54:57","modified_gmt":"2018-11-28T23:54:57","slug":"ni-de-gobierno-ni-de-oposicion","status":"publish","type":"post","link":"https:\/\/diariodominicano.com\/?p=33981","title":{"rendered":"&#13;NI DE GOBIERNO NI DE OPOSICION"},"content":{"rendered":"<p><body><\/p>\n<p>EL TIRO RAPIDO<\/p>\n<\/p>\n<\/p>\n<\/p>\n<p>La le\u00edda columna A. M. del Diario Libre que firma su director Adriano Miguel Tejada no tiene punto de desperdicio en tanto define con n\u00edtida claridad el ejercicio de una prensa independiente.<\/p>\n<\/p>\n<\/p>\n<p>Ciertamente como se\u00f1ala Adriano Miguel en un medio tan polarizado como el nuestro, donde todo se define como blanco y negro, gobierno u oposici\u00f3n, ejercer ese tipo de periodismo que el define como \u00abjusto medio\u00bb comporta un  continuo riesgo de arbitrarios etiquetados.<\/p>\n<\/p>\n<\/p>\n<p>Basta que uno exalte como un logro positivo, pongamos por caso el servicio de asistencia 9-1-1, para que no falten necios que con una penosa cortedad de criterio le endilguen la denigrante etiqueta de \u00abvendido al gobierno\u00bb y de inmediato lo haga formar filas en el pelot\u00f3n de las llamadas \u00abbocinas oficiales\u00bb.<\/p>\n<\/p>\n<\/p>\n<p>De igual modo, en sentido contrario, desde que se esbozan cr\u00edticas al r\u00e9gimen, ya sea por no actuar con la debida energ\u00eda en los casos de corrupci\u00f3n, por citar como ejemplo, tampoco escasear\u00e1n en las alturas del poder funcionarios que estiman equivocadamente que el periodismo es un ejercicio de sumisa aceptaci\u00f3n, que lo cataloguen de inmediato como un enemigo al servicio de la oposici\u00f3n.<\/p>\n<\/p>\n<\/p>\n<p>Si bien es cierto que existen comunicadores han tomado partido, ya sea en uno u otro sentido, trocando su papel por el de voceros, la verdadera misi\u00f3n de la prensa se asienta en tres elementos b\u00e1sicos: objetividad, responsabilidad y \u00e9tica.  Lo primero para presentar los hechos con la mayor aproximaci\u00f3n posible a la realidad sin recortes, subterfugios ni adornos; lo segundo, para no lanzar informaciones a vuelo  sin  estar debidamente confirmadas,  sobre todo si coloca en entredicho la moral de una persona o la imagen una empresa o instituci\u00f3n; y finalmente, la \u00e9tica para no quedar sujeto a ning\u00fan inter\u00e9s que no sea el de informar sin torceduras ni complacencias y opinar con criterio propio.<\/p>\n<\/p>\n<\/p>\n<p>La propia columna que comentamos se\u00f1ala que en ocasiones hay quienes equivocadamente pretenden exigir de la prensa dar acogida y divulgaci\u00f3n a simples rumores o chismes sobre determinados hechos, por lo general casos de corrupci\u00f3n. Tal es propio y frecuente en las redes sociales donde cada quien hace uso de las mismas en la forma que mejor le parece, que no siempre es la mejor ni la mas justa. Pero tal no puede ser el de un medio de comunicaci\u00f3n, que ya no solo por imperativos legales, sino por sentido de responsabilidad y \u00e9tica profesional, respeto a si mismo y respeto a sus seguidores est\u00e1 obligado a informar y orientar sobre hechos  debidamente sustentados.<\/p>\n<\/p>\n<\/p>\n<p>Ese es el papel de una prensa realmente objetiva y orientadora.  Ni al servicio del gobierno, ni al de la oposici\u00f3n, ni por extensi\u00f3n de ning\u00fan inter\u00e9s espurio.  Ni bocina de nadie en particular.  Siempre en el justo medio con el m\u00e1s estricto apego a la verdad.<\/p>\n<\/p>\n<h6> 2018-11-28 23:54:57 <\/h6>\n<p><!--\n<link rel=\"stylesheet\" href=\"css\/bootstrap.min.css\">\n\n\n<ul class=\"pagination\">\n\t    \n\t\n\n<li >\n\t<a href='?page_no=1008'>Previous<\/a>\n\t<\/li>\n\n\n       \n    \n\n<li><a href='?page_no=1'>1<\/a><\/li>\n\n\n\n<li><a href='?page_no=2'>2<\/a><\/li>\n\n\n\n<li><a>...<\/a><\/li>\n\n\n\n<li><a href='?page_no=1007'>1007<\/a><\/li>\n\n\n\n<li><a href='?page_no=1008'>1008<\/a><\/li>\n\n\n\n<li class='active'><a>1009<\/a><\/li>\n\n\n\n<li><a href='?page_no=1010'>1010<\/a><\/li>\n\n\n\n<li><a href='?page_no=1011'>1011<\/a><\/li>\n\n\n\n<li><a>...<\/a><\/li>\n\n\n\n<li><a href='?page_no=13611'>13611<\/a><\/li>\n\n\n\n<li><a href='?page_no=13612'>13612<\/a><\/li>\n\n    \n\t\n\n<li >\n\t<a href='?page_no=1010'>Next<\/a>\n\t<\/li>\n\n\n    \n\n<li><a href='?page_no=13612'>Last &rsaquo;&rsaquo;<\/a><\/li>\n\n<\/ul>\n\n\n--><br \/>\n<\/body><\/p>\n","protected":false},"excerpt":{"rendered":"<p>EL TIRO RAPIDO La le\u00edda columna A. M. del Diario Libre que firma su director Adriano Miguel Tejada no tiene punto de desperdicio en tanto define con n\u00edtida claridad el ejercicio de una prensa independiente. Ciertamente como se\u00f1ala Adriano Miguel en un medio tan polarizado como el nuestro, donde todo se define como blanco y [&hellip;]<\/p>\n","protected":false},"author":3,"featured_media":0,"comment_status":"open","ping_status":"open","sticky":false,"template":"","format":"standard","meta":{"footnotes":""},"categories":[16],"tags":[],"class_list":["post-33981","post","type-post","status-publish","format-standard","hentry","category-opiniones"],"_links":{"self":[{"href":"https:\/\/diariodominicano.com\/index.php?rest_route=\/wp\/v2\/posts\/33981","targetHints":{"allow":["GET"]}}],"collection":[{"href":"https:\/\/diariodominicano.com\/index.php?rest_route=\/wp\/v2\/posts"}],"about":[{"href":"https:\/\/diariodominicano.com\/index.php?rest_route=\/wp\/v2\/types\/post"}],"author":[{"embeddable":true,"href":"https:\/\/diariodominicano.com\/index.php?rest_route=\/wp\/v2\/users\/3"}],"replies":[{"embeddable":true,"href":"https:\/\/diariodominicano.com\/index.php?rest_route=%2Fwp%2Fv2%2Fcomments&post=33981"}],"version-history":[{"count":0,"href":"https:\/\/diariodominicano.com\/index.php?rest_route=\/wp\/v2\/posts\/33981\/revisions"}],"wp:attachment":[{"href":"https:\/\/diariodominicano.com\/index.php?rest_route=%2Fwp%2Fv2%2Fmedia&parent=33981"}],"wp:term":[{"taxonomy":"category","embeddable":true,"href":"https:\/\/diariodominicano.com\/index.php?rest_route=%2Fwp%2Fv2%2Fcategories&post=33981"},{"taxonomy":"post_tag","embeddable":true,"href":"https:\/\/diariodominicano.com\/index.php?rest_route=%2Fwp%2Fv2%2Ftags&post=33981"}],"curies":[{"name":"wp","href":"https:\/\/api.w.org\/{rel}","templated":true}]}}