{"id":33970,"date":"2018-11-29T09:19:14","date_gmt":"2018-11-29T09:19:14","guid":{"rendered":"http:\/\/diariodominicano.ddns.net\/?p=33970"},"modified":"2018-11-29T09:19:14","modified_gmt":"2018-11-29T09:19:14","slug":"erraron-el-tiro","status":"publish","type":"post","link":"https:\/\/diariodominicano.com\/?p=33970","title":{"rendered":"&#13;ERRARON EL TIRO"},"content":{"rendered":"<p><body><\/p>\n<p>EL TIRO RAPIDO<\/p>\n<\/p>\n<\/p>\n<p>Por mas que se empe\u00f1en en presentarlo como exitoso, el llamado a huelga general de este mi\u00e9rcoles califica como  un rotundo fracaso.  No solo se cumpli\u00f3 de manera muy parcial, y en muchos casos bajo presi\u00f3n, sino que ya a media ma\u00f1ana la capital hab\u00eda pr\u00e1cticamente recobrado su ritmo normal. <\/p>\n<\/p>\n<\/p>\n<p>Hay una serie de factores adversos que permit\u00edan anticipar el fallo del intento huelgu\u00edstico y que sus organizadores no tomaron en cuenta.<\/p>\n<\/p>\n<\/p>\n<p>Lo primero fue el papel protag\u00f3nico asignado a Juan Hubieres.   El hecho de tratarse de un aspirante ya declarado a la presidencia de la Rep\u00fablica le restaba contenido c\u00edvico a la protesta para darle una connotaci\u00f3n claramente pol\u00edtica.<\/p>\n<\/p>\n<\/p>\n<p>Por otro lado, la pr\u00e1ctica de los llamados paros sorpresa no es precisamente un elemento que contribuye a generarle simpat\u00edas y apoyo popular, que en este caso no son solo los choferes de FENATRANO que siguen sus orientaciones.  El mismo hecho de haber protagonizado el d\u00eda antes de la convocatoria a huelga general uno de dichos paros dejando a miles de personas varadas, teniendo que llegar a sus trabajos y diligencias en muchos casos pagando un sobrecosto de taxis y motoconchos, fue un grave error que en vez de generarle respaldo a la huelga tuvo el efecto contrario.<\/p>\n<\/p>\n<\/p>\n<p>No result\u00f3 tampoco propicio el momento escogido en la antesala de diciembre, mes de festejos con el atractivo del pago de la regal\u00eda pascual que volcar\u00e1 decenas de miles de millones de pesos en las calles y el comercio y con seis semanas consecutivas de rebaja de los combustibles.<\/p>\n<\/p>\n<\/p>\n<p>Algo que tampoco tomaron en cuenta los promotores del fallido prop\u00f3sito es que no resulta igual participar en una de las manifestaciones de La Marcha Verde en reclamo de enfrentar la corrupci\u00f3n y someter a los funcionarios venales, que sumarse a una huelga general para la cual obviamente no estaban dadas condiciones objetivas ni subjetivas.<\/p>\n<\/p>\n<\/p>\n<p>Para mas de un 55 por ciento de trabajadores informales donde un alto porcentaje vive de la chiripa diaria, sacrificar un d\u00eda de ingresos en una demostraci\u00f3n con escasa o ninguna posibilidad de obtener logros tangibles, no resultaba una propuesta atractiva el llamado al paro.<\/p>\n<\/p>\n<\/p>\n<p>Empecinados en llevar a cabo la huelga, sus organizadores no tomaron en cuenta que las circunstancias no eran las mismas de cuando la programaron, olvidando la antigua y sabia sentencia de que \u00abrectificar es de sabios y una retirada a tiempo equivale a una victoria\u00bb.<\/p>\n<\/p>\n<\/p>\n<p>Un punto positivo a resaltar es que la jornada se desenvolvi\u00f3 sin incidentes que lamentar, salvo el d\u00eda previo cuando en los alrededores de la UASD se revivieron las consabidas escenas de protestas de algunos grupos estudiantiles y enfrentamientos con la polic\u00eda, donde por suerte la sangre no lleg\u00f3 al r\u00edo y la \u00fanica v\u00edctima que lamentar la suspensi\u00f3n de clases en la Primada, colocando contra la pared y dejando en evidencia a la rectora, la profesora Emma Polanco, quien hab\u00eda advertido que no tolerar\u00eda des\u00f3rdenes que interrumpieran la docencia.<\/p>\n<\/p>\n<\/p>\n<p>A todas luces La Marcha Verde que  surgi\u00f3 con gran respaldo popular como movimiento apartidista y el pasado a\u00f1o movi\u00f3 grandes contingentes de ciudadanos enarbolando un s\u00f3lido manojo de reclamos c\u00edvicos, ha ido derivando y est\u00e1 siendo suplantada por elementos y consignas de car\u00e1cter pol\u00edtico.<\/p>\n<\/p>\n<\/p>\n<p>Como para que no queden dudas de que el movimiento de protesta tiene poco o nada de c\u00edvico y si resulta de naturaleza y fines pol\u00edticos, el vocero de la Coordinadora que anuncia nuevos paros es un connotado dirigente de la extrema izquierda, quien inclusive figur\u00f3 como candidato a senador por la misma en unas pasadas elecciones.<\/p>\n<\/p>\n<\/p>\n<p>Y para hacer pol\u00edtica es que existen los partidos, de los cuales tenemos de sobra,  y es a trav\u00e9s de ellos que hay que canalizar esas actividades.<\/p>\n<\/p>\n<\/p>\n<\/p>\n<h6> 2018-11-29 09:19:14 <\/h6>\n<p><!--\n<link rel=\"stylesheet\" href=\"css\/bootstrap.min.css\">\n\n\n<ul class=\"pagination\">\n\t    \n\t\n\n<li >\n\t<a href='?page_no=1007'>Previous<\/a>\n\t<\/li>\n\n\n       \n    \n\n<li><a href='?page_no=1'>1<\/a><\/li>\n\n\n\n<li><a href='?page_no=2'>2<\/a><\/li>\n\n\n\n<li><a>...<\/a><\/li>\n\n\n\n<li><a href='?page_no=1006'>1006<\/a><\/li>\n\n\n\n<li><a href='?page_no=1007'>1007<\/a><\/li>\n\n\n\n<li class='active'><a>1008<\/a><\/li>\n\n\n\n<li><a href='?page_no=1009'>1009<\/a><\/li>\n\n\n\n<li><a href='?page_no=1010'>1010<\/a><\/li>\n\n\n\n<li><a>...<\/a><\/li>\n\n\n\n<li><a href='?page_no=13611'>13611<\/a><\/li>\n\n\n\n<li><a href='?page_no=13612'>13612<\/a><\/li>\n\n    \n\t\n\n<li >\n\t<a href='?page_no=1009'>Next<\/a>\n\t<\/li>\n\n\n    \n\n<li><a href='?page_no=13612'>Last &rsaquo;&rsaquo;<\/a><\/li>\n\n<\/ul>\n\n\n--><br \/>\n<\/body><\/p>\n","protected":false},"excerpt":{"rendered":"<p>EL TIRO RAPIDO Por mas que se empe\u00f1en en presentarlo como exitoso, el llamado a huelga general de este mi\u00e9rcoles califica como un rotundo fracaso. No solo se cumpli\u00f3 de manera muy parcial, y en muchos casos bajo presi\u00f3n, sino que ya a media ma\u00f1ana la capital hab\u00eda pr\u00e1cticamente recobrado su ritmo normal. Hay una [&hellip;]<\/p>\n","protected":false},"author":3,"featured_media":0,"comment_status":"open","ping_status":"open","sticky":false,"template":"","format":"standard","meta":{"footnotes":""},"categories":[16],"tags":[],"class_list":["post-33970","post","type-post","status-publish","format-standard","hentry","category-opiniones"],"_links":{"self":[{"href":"https:\/\/diariodominicano.com\/index.php?rest_route=\/wp\/v2\/posts\/33970","targetHints":{"allow":["GET"]}}],"collection":[{"href":"https:\/\/diariodominicano.com\/index.php?rest_route=\/wp\/v2\/posts"}],"about":[{"href":"https:\/\/diariodominicano.com\/index.php?rest_route=\/wp\/v2\/types\/post"}],"author":[{"embeddable":true,"href":"https:\/\/diariodominicano.com\/index.php?rest_route=\/wp\/v2\/users\/3"}],"replies":[{"embeddable":true,"href":"https:\/\/diariodominicano.com\/index.php?rest_route=%2Fwp%2Fv2%2Fcomments&post=33970"}],"version-history":[{"count":0,"href":"https:\/\/diariodominicano.com\/index.php?rest_route=\/wp\/v2\/posts\/33970\/revisions"}],"wp:attachment":[{"href":"https:\/\/diariodominicano.com\/index.php?rest_route=%2Fwp%2Fv2%2Fmedia&parent=33970"}],"wp:term":[{"taxonomy":"category","embeddable":true,"href":"https:\/\/diariodominicano.com\/index.php?rest_route=%2Fwp%2Fv2%2Fcategories&post=33970"},{"taxonomy":"post_tag","embeddable":true,"href":"https:\/\/diariodominicano.com\/index.php?rest_route=%2Fwp%2Fv2%2Ftags&post=33970"}],"curies":[{"name":"wp","href":"https:\/\/api.w.org\/{rel}","templated":true}]}}