{"id":33959,"date":"2018-11-29T22:16:15","date_gmt":"2018-11-29T22:16:15","guid":{"rendered":"http:\/\/diariodominicano.ddns.net\/?p=33959"},"modified":"2018-11-29T22:16:15","modified_gmt":"2018-11-29T22:16:15","slug":"a-pleno-solcampo-y-marginalidad","status":"publish","type":"post","link":"https:\/\/diariodominicano.com\/?p=33959","title":{"rendered":"A Pleno Sol&#13;&#13;Campo y marginalidad"},"content":{"rendered":"<p><body><\/p>\n<p><strong>Por Manuel Hern\u00e1ndez Villeta<\/strong><\/p>\n<\/p>\n<\/p>\n<p>Los barrios marginados de las tres principales ciudades del pa\u00eds,  se han fortalecido por el abandono de   las \u00e1reas rurales. La juventud de origen rural, no piensa en criar vacas y caballos, sino en ser motoconchista, guardia, polic\u00eda o buscador de ilusiones.<\/p>\n<\/p>\n<p>Por ello abandon\u00f3 un  \u00e1rea rural donde el conuquismo y la producci\u00f3n de coa y machete han ca\u00eddo en total abandono. Un simple conuco no es hoy suficiente para que se produzca lo necesario para mantener una familia.<\/p>\n<\/p>\n<p>El campesino est\u00e1 pr\u00e1cticamente abandonado a su suerte. Los programas de la reforma agraria entregaron en el pasado un pedazo de tierra, pero no formularon como necesario el financiamiento y la ayuda t\u00e9cnica. Hoy la mayor parte de las parcelas de la reforma agraria fueron vendidas a terratenientes, o abandonadas.<\/p>\n<\/p>\n<p>La agro-industria se ha levantado como la gran productora del campo. Absorbe a todo lo que se le acerca. Es dif\u00edcil que pueda prosperar un simple campesino, sin tecnolog\u00eda a mano, y con recursos que nunca llegan. Los viejos pueden dejar el pellejo cultivando un \u00e1rido predio, pero ese no es el caso de la juventud.<\/p>\n<\/p>\n<p>Los tugurios de miseria del Gran Santo Domingo tienen el tufillo del campo. La mayor\u00eda de esas familias salieron de la zona rural y se establecieron en la Capital pensando que milagrosamente satisficieran sus necesidades m\u00e1s perentorias.<\/p>\n<\/p>\n<p>Pero no ha sido as\u00ed. Han tenido que vivir en medio del abandono total, marginados, sin trabajo, sin educaci\u00f3n, sin asistencia m\u00e9dica y sin futuro. En la lista de prioridades de los gobiernos no est\u00e1 mejorar las condiciones de vida de los marginados.<\/p>\n<\/p>\n<p>Ese abandono se convierte en algo tangible que son los hechos de violencia callejera que a todos atormentan. Los soldados del crimen, los sicarios, los vendedores de drogas, en su mayor parte provienen de ese detritus social.<\/p>\n<\/p>\n<p>En la marginalidad hay desesperanza y cualquier vendedor de ilusiones encuentra all\u00ed carne de ca\u00f1\u00f3n que busca un mejor presente, y sue\u00f1os de fantas\u00edas. Por lo tanto hay que poner el mayor esfuerzo para corregir esta distorsi\u00f3n.<\/p>\n<\/p>\n<p>Una primera parte   es dar nuevas fuerzas al campo. No ayuda total a los agro-industriales, sino ver la situaci\u00f3n de los que todav\u00eda hacen conuquismo. Mejores condiciones en el campo, har\u00e1n que los j\u00f3venes se queden  en su tierra, y no vengan a pasar trabajo en los barrios marginados de las ciudades.<\/p>\n<\/p>\n<p>Una segunda parte es la de mejorar la situaci\u00f3n en todos los barrios marginados, que al mismo tiempo son los m\u00e1s levantiscos. En esos barrios hay problemas generales, y si se le hace frente,  podr\u00edan ser controladas las estad\u00edsticas de la violencia. \u00a1Ay!, se me acab\u00f3 la tinta.<\/p>\n<h6> 2018-11-29 22:16:15 <\/h6>\n<p><!--\n<link rel=\"stylesheet\" href=\"css\/bootstrap.min.css\">\n\n\n<ul class=\"pagination\">\n\t    \n\t\n\n<li >\n\t<a href='?page_no=1006'>Previous<\/a>\n\t<\/li>\n\n\n       \n    \n\n<li><a href='?page_no=1'>1<\/a><\/li>\n\n\n\n<li><a href='?page_no=2'>2<\/a><\/li>\n\n\n\n<li><a>...<\/a><\/li>\n\n\n\n<li><a href='?page_no=1005'>1005<\/a><\/li>\n\n\n\n<li><a href='?page_no=1006'>1006<\/a><\/li>\n\n\n\n<li class='active'><a>1007<\/a><\/li>\n\n\n\n<li><a href='?page_no=1008'>1008<\/a><\/li>\n\n\n\n<li><a href='?page_no=1009'>1009<\/a><\/li>\n\n\n\n<li><a>...<\/a><\/li>\n\n\n\n<li><a href='?page_no=13611'>13611<\/a><\/li>\n\n\n\n<li><a href='?page_no=13612'>13612<\/a><\/li>\n\n    \n\t\n\n<li >\n\t<a href='?page_no=1008'>Next<\/a>\n\t<\/li>\n\n\n    \n\n<li><a href='?page_no=13612'>Last &rsaquo;&rsaquo;<\/a><\/li>\n\n<\/ul>\n\n\n--><br \/>\n<\/body><\/p>\n","protected":false},"excerpt":{"rendered":"<p>Por Manuel Hern\u00e1ndez Villeta Los barrios marginados de las tres principales ciudades del pa\u00eds, se han fortalecido por el abandono de las \u00e1reas rurales. La juventud de origen rural, no piensa en criar vacas y caballos, sino en ser motoconchista, guardia, polic\u00eda o buscador de ilusiones. Por ello abandon\u00f3 un \u00e1rea rural donde el conuquismo [&hellip;]<\/p>\n","protected":false},"author":3,"featured_media":0,"comment_status":"open","ping_status":"open","sticky":false,"template":"","format":"standard","meta":{"footnotes":""},"categories":[16],"tags":[],"class_list":["post-33959","post","type-post","status-publish","format-standard","hentry","category-opiniones"],"_links":{"self":[{"href":"https:\/\/diariodominicano.com\/index.php?rest_route=\/wp\/v2\/posts\/33959","targetHints":{"allow":["GET"]}}],"collection":[{"href":"https:\/\/diariodominicano.com\/index.php?rest_route=\/wp\/v2\/posts"}],"about":[{"href":"https:\/\/diariodominicano.com\/index.php?rest_route=\/wp\/v2\/types\/post"}],"author":[{"embeddable":true,"href":"https:\/\/diariodominicano.com\/index.php?rest_route=\/wp\/v2\/users\/3"}],"replies":[{"embeddable":true,"href":"https:\/\/diariodominicano.com\/index.php?rest_route=%2Fwp%2Fv2%2Fcomments&post=33959"}],"version-history":[{"count":0,"href":"https:\/\/diariodominicano.com\/index.php?rest_route=\/wp\/v2\/posts\/33959\/revisions"}],"wp:attachment":[{"href":"https:\/\/diariodominicano.com\/index.php?rest_route=%2Fwp%2Fv2%2Fmedia&parent=33959"}],"wp:term":[{"taxonomy":"category","embeddable":true,"href":"https:\/\/diariodominicano.com\/index.php?rest_route=%2Fwp%2Fv2%2Fcategories&post=33959"},{"taxonomy":"post_tag","embeddable":true,"href":"https:\/\/diariodominicano.com\/index.php?rest_route=%2Fwp%2Fv2%2Ftags&post=33959"}],"curies":[{"name":"wp","href":"https:\/\/api.w.org\/{rel}","templated":true}]}}