{"id":33893,"date":"2018-12-02T21:32:48","date_gmt":"2018-12-02T21:32:48","guid":{"rendered":"http:\/\/diariodominicano.ddns.net\/?p=33893"},"modified":"2018-12-02T21:32:48","modified_gmt":"2018-12-02T21:32:48","slug":"a-pleno-solpobres-instituciones","status":"publish","type":"post","link":"https:\/\/diariodominicano.com\/?p=33893","title":{"rendered":"&#13;A Pleno Sol&#13;&#13;Pobres instituciones"},"content":{"rendered":"<p><body><\/p>\n<p><strong>Por Manuel Hern\u00e1ndez Villeta<\/strong><\/p>\n<\/p>\n<\/p>\n<p>La solidez de la institucionalidad no existe en el pa\u00eds. Cada paso que se da pone de manifiestas las debilidades del sistema. Los gobiernos son d\u00e9biles ante las presiones de las grandes potencias. Aceptan sin poner peros, a  todo lo que se les ordena.<\/p>\n<\/p>\n<p>El caso m\u00e1s reciente es la llegada al pa\u00eds del capo y condenado asesino Willie Falcon. De repente se establece  en la Rep\u00fablica Dominicana con protecci\u00f3n oficial, y nadie da una respuesta clara de por qu\u00e9 vino aqu\u00ed, y que se busca con esa acci\u00f3n.<\/p>\n<\/p>\n<p>En los corrillos pol\u00edticos y sociales se dice que hay  un deseo manifiesto de los Estados Unidos, o alguno de sus organismos de seguridad, de sacar a ese capo de norteamericana, y de ah\u00ed que se escogiera a la Rep\u00fablica Dominicana para que se tome un descanso, luego de dejar las prisiones norteamericanas.<\/p>\n<\/p>\n<p>Este oscuro personaje, por lo menos en lo visible, nunca se hab\u00eda relacionado con el pa\u00eds. Estuvo 20 a\u00f1os presos, y de repente desembarca en territorio nacional. Lo que llama la atenci\u00f3n  es que se le permitiera la estad\u00eda en dominicana.<\/p>\n<\/p>\n<p>En medio de ese descontrol institucional, el ministro de Interior y Polic\u00eda dice que la entrada y permanencia de este se\u00f1or en el pa\u00eds, viola las leyes de migraci\u00f3n. Parece un sainete o una comedia barata, que un funcionario de tanto poder diga que se viola la ley al permitir permanecer a ese capo en territorio nacional, y que el que debe exudar autoridad se tenga que cruzar de brazos.<\/p>\n<\/p>\n<p>\u00bfQu\u00e9 poderes reales inciden para que este se\u00f1or se encuentre en el pa\u00eds?. Por dem\u00e1s hay un secreto total en torno al mismo. No hay fotos recientes, ni se sabe el sitio donde espec\u00edficamente se encuentra. Si su estad\u00eda viola la ley, lo primero es montarlo en un avi\u00f3n y sacarlo del territorio nacional.<\/p>\n<\/p>\n<p>En el pa\u00eds hay que fortalecer las instituciones, y a la justicia darle todo el apoyo posible, y con acciones de esta naturaleza se pone en arena resbaladiza el mantenimiento de la convivencia institucional. Falcon debe ser sacado de territorio nacional. No es un problema nuestro, y no tiene por qu\u00e9 quedarse aqu\u00ed.<\/p>\n<\/p>\n<p>Casos como el de Falcon pone en peligro a todas las instituciones, porque demuestra que son de cart\u00f3n. Y como se trata de un caso ligado a la justicia, es bueno recordar todos los esfuerzos que se hacen para fortalecer a ese poder del Estado, que por muchos a\u00f1os estuvo de rodillas.<\/p>\n<\/p>\n<p>La justicia es uno de los poderes nacionales m\u00e1s zarandeados. Un juez puede ser serio y responsable, pero el sistema es d\u00e9bil. Hay jueces prevaricadores y hasta cobradores de sentencia, pero deben ser los menos.<\/p>\n<\/p>\n<p>Tanto en las fiscal\u00edas como en la judicatura hay una nueva camada de j\u00f3venes que se les debe dar todo el apoyo y respaldo. Los que violan los reglamentos y ensucian las leyes que deben defender, tienen que ser expulsados del sistema. El pueblo tiene que tener confianza total en el sistema judicial. !Ay!, se me acabo\u00f3la tinta.<\/p>\n<\/p>\n<h6> 2018-12-02 21:32:48 <\/h6>\n<p><!--\n<link rel=\"stylesheet\" href=\"css\/bootstrap.min.css\">\n\n\n<ul class=\"pagination\">\n\t    \n\t\n\n<li >\n\t<a href='?page_no=1000'>Previous<\/a>\n\t<\/li>\n\n\n       \n    \n\n<li><a href='?page_no=1'>1<\/a><\/li>\n\n\n\n<li><a href='?page_no=2'>2<\/a><\/li>\n\n\n\n<li><a>...<\/a><\/li>\n\n\n\n<li><a href='?page_no=999'>999<\/a><\/li>\n\n\n\n<li><a href='?page_no=1000'>1000<\/a><\/li>\n\n\n\n<li class='active'><a>1001<\/a><\/li>\n\n\n\n<li><a href='?page_no=1002'>1002<\/a><\/li>\n\n\n\n<li><a href='?page_no=1003'>1003<\/a><\/li>\n\n\n\n<li><a>...<\/a><\/li>\n\n\n\n<li><a href='?page_no=13611'>13611<\/a><\/li>\n\n\n\n<li><a href='?page_no=13612'>13612<\/a><\/li>\n\n    \n\t\n\n<li >\n\t<a href='?page_no=1002'>Next<\/a>\n\t<\/li>\n\n\n    \n\n<li><a href='?page_no=13612'>Last &rsaquo;&rsaquo;<\/a><\/li>\n\n<\/ul>\n\n\n--><br \/>\n<\/body><\/p>\n","protected":false},"excerpt":{"rendered":"<p>Por Manuel Hern\u00e1ndez Villeta La solidez de la institucionalidad no existe en el pa\u00eds. Cada paso que se da pone de manifiestas las debilidades del sistema. Los gobiernos son d\u00e9biles ante las presiones de las grandes potencias. Aceptan sin poner peros, a todo lo que se les ordena. El caso m\u00e1s reciente es la llegada [&hellip;]<\/p>\n","protected":false},"author":3,"featured_media":0,"comment_status":"open","ping_status":"open","sticky":false,"template":"","format":"standard","meta":{"footnotes":""},"categories":[16],"tags":[],"class_list":["post-33893","post","type-post","status-publish","format-standard","hentry","category-opiniones"],"_links":{"self":[{"href":"https:\/\/diariodominicano.com\/index.php?rest_route=\/wp\/v2\/posts\/33893","targetHints":{"allow":["GET"]}}],"collection":[{"href":"https:\/\/diariodominicano.com\/index.php?rest_route=\/wp\/v2\/posts"}],"about":[{"href":"https:\/\/diariodominicano.com\/index.php?rest_route=\/wp\/v2\/types\/post"}],"author":[{"embeddable":true,"href":"https:\/\/diariodominicano.com\/index.php?rest_route=\/wp\/v2\/users\/3"}],"replies":[{"embeddable":true,"href":"https:\/\/diariodominicano.com\/index.php?rest_route=%2Fwp%2Fv2%2Fcomments&post=33893"}],"version-history":[{"count":0,"href":"https:\/\/diariodominicano.com\/index.php?rest_route=\/wp\/v2\/posts\/33893\/revisions"}],"wp:attachment":[{"href":"https:\/\/diariodominicano.com\/index.php?rest_route=%2Fwp%2Fv2%2Fmedia&parent=33893"}],"wp:term":[{"taxonomy":"category","embeddable":true,"href":"https:\/\/diariodominicano.com\/index.php?rest_route=%2Fwp%2Fv2%2Fcategories&post=33893"},{"taxonomy":"post_tag","embeddable":true,"href":"https:\/\/diariodominicano.com\/index.php?rest_route=%2Fwp%2Fv2%2Ftags&post=33893"}],"curies":[{"name":"wp","href":"https:\/\/api.w.org\/{rel}","templated":true}]}}