{"id":338565,"date":"2022-03-14T13:26:41","date_gmt":"2022-03-14T17:26:41","guid":{"rendered":"http:\/\/diariodominicano.com\/?p=338565"},"modified":"2022-03-14T13:26:41","modified_gmt":"2022-03-14T17:26:41","slug":"pn-reporta-investiga-muertes-de-dos-presuntos-delincuentes-en-santiago","status":"publish","type":"post","link":"https:\/\/diariodominicano.com\/?p=338565","title":{"rendered":"PN reporta investiga muertes de dos presuntos delincuentes en Santiago"},"content":{"rendered":"\n<p><strong>Santiago de los Caballeros, R.D., 14 marzo 2022.-<\/strong> La Polic\u00eda Nacional investiga la muerte de dos hombres, con antecedentes penales, ocurridas en los sectores El Ejido y La Mina, de Santiago.<\/p>\n\n\n\n<p>La PN identific\u00f3 a las dos personas como Dioben Leonel Fern\u00e1ndez y Jos\u00e9 Miguel Torres S\u00e1nchez, de 36 y 19 a\u00f1os de edad, respectivamente, el primero figuraba con cuatro fichas por robo de veh\u00edculos y atraco, y el segundo, con un registro policial\u00a0 por robo, inform\u00f3 este lunes en nota de prensa la  Direcci\u00f3n Regional Cibao Central, Polic\u00eda Nacional.<\/p>\n\n\n\n<p>Dioben falleci\u00f3 por herida de proyectil de arma de fuego ocasionada por personas desconocidas, mientras que Torres S\u00e1nchez sufri\u00f3 m\u00faltiples heridas de bala de parte de dos encapuchados, uno de los cuales ya est\u00e1 identificado y cuya persecuci\u00f3n ha sido activada, se\u00f1ala la nota de la PN.<\/p>\n\n\n\n<p>policia nacional<a target=\"_blank\" href=\"mailto:npolicia14@gmail.com\" rel=\"noreferrer noopener\">npolicia14@gmail.com<\/a><\/p>\n\n\n\n<p>OFICINA DE INFORMACION Y COMUNICACIONES ESTRAT\u00c9GICAS DE LA DIRECCION REGIONAL CIBAO CENTRAL, P.N.<\/p>\n","protected":false},"excerpt":{"rendered":"<p>Santiago de los Caballeros, R.D., 14 marzo 2022.- La Polic\u00eda Nacional investiga la muerte de dos hombres, con antecedentes penales, ocurridas en los sectores El Ejido y La Mina, de Santiago. La PN identific\u00f3 a las dos personas como Dioben Leonel Fern\u00e1ndez y Jos\u00e9 Miguel Torres S\u00e1nchez, de 36 y 19 a\u00f1os de edad, respectivamente, [&hellip;]<\/p>\n","protected":false},"author":2,"featured_media":338566,"comment_status":"closed","ping_status":"","sticky":true,"template":"","format":"standard","meta":{"footnotes":""},"categories":[29,27],"tags":[],"class_list":["post-338565","post","type-post","status-publish","format-standard","has-post-thumbnail","hentry","category-policiasucesos","category-portada"],"_links":{"self":[{"href":"https:\/\/diariodominicano.com\/index.php?rest_route=\/wp\/v2\/posts\/338565","targetHints":{"allow":["GET"]}}],"collection":[{"href":"https:\/\/diariodominicano.com\/index.php?rest_route=\/wp\/v2\/posts"}],"about":[{"href":"https:\/\/diariodominicano.com\/index.php?rest_route=\/wp\/v2\/types\/post"}],"author":[{"embeddable":true,"href":"https:\/\/diariodominicano.com\/index.php?rest_route=\/wp\/v2\/users\/2"}],"replies":[{"embeddable":true,"href":"https:\/\/diariodominicano.com\/index.php?rest_route=%2Fwp%2Fv2%2Fcomments&post=338565"}],"version-history":[{"count":1,"href":"https:\/\/diariodominicano.com\/index.php?rest_route=\/wp\/v2\/posts\/338565\/revisions"}],"predecessor-version":[{"id":338567,"href":"https:\/\/diariodominicano.com\/index.php?rest_route=\/wp\/v2\/posts\/338565\/revisions\/338567"}],"wp:featuredmedia":[{"embeddable":true,"href":"https:\/\/diariodominicano.com\/index.php?rest_route=\/wp\/v2\/media\/338566"}],"wp:attachment":[{"href":"https:\/\/diariodominicano.com\/index.php?rest_route=%2Fwp%2Fv2%2Fmedia&parent=338565"}],"wp:term":[{"taxonomy":"category","embeddable":true,"href":"https:\/\/diariodominicano.com\/index.php?rest_route=%2Fwp%2Fv2%2Fcategories&post=338565"},{"taxonomy":"post_tag","embeddable":true,"href":"https:\/\/diariodominicano.com\/index.php?rest_route=%2Fwp%2Fv2%2Ftags&post=338565"}],"curies":[{"name":"wp","href":"https:\/\/api.w.org\/{rel}","templated":true}]}}