{"id":338274,"date":"2022-03-13T12:20:10","date_gmt":"2022-03-13T16:20:10","guid":{"rendered":"http:\/\/diariodominicano.com\/?p=338274"},"modified":"2022-03-13T12:20:10","modified_gmt":"2022-03-13T16:20:10","slug":"investigan-la-muerte-por-herida-de-bala-de-un-hombre-en-santiago","status":"publish","type":"post","link":"https:\/\/diariodominicano.com\/?p=338274","title":{"rendered":"Investigan la muerte por herida de bala de un hombre en Santiago"},"content":{"rendered":"\n<p><\/p>\n\n\n\n<p>Santiago de los Caballeros, 13 de marzo, 2022.-\u00a0 La Polic\u00eda Nacional investiga las circunstancias en que result\u00f3 muerto, la  madrugada de este domingo, un hombre en el sector Yaguita de El Ejido, a consecuencia de herida de proyectil de arma de fuego, inform\u00f3 en una nota de prensa la  Direcci\u00f3n Regional Cibao Central,\u00a0Polic\u00eda\u00a0Nacional. <\/p>\n\n\n\n<p>El cad\u00e1ver de Dioben Leonel Fern\u00e1ndez fue levantado por el m\u00e9dico legisla, y ser\u00e1 enviado al Instituto Nacional de Ciencias Forenses para fines de autopsia.<\/p>\n\n\n\n<p>Los informes preliminares revelan que la v\u00edctima sufri\u00f3 la herida mortal de parte  de varios elementos hasta el momento sin identificar.<\/p>\n\n\n\n<p>Oficina de Informaci\u00f3n y Comunicaciones Estrat\u00e9gicas, Direcci\u00f3n Regional Cibao Central.&nbsp;<\/p>\n","protected":false},"excerpt":{"rendered":"<p>Santiago de los Caballeros, 13 de marzo, 2022.-\u00a0 La Polic\u00eda Nacional investiga las circunstancias en que result\u00f3 muerto, la madrugada de este domingo, un hombre en el sector Yaguita de El Ejido, a consecuencia de herida de proyectil de arma de fuego, inform\u00f3 en una nota de prensa la Direcci\u00f3n Regional Cibao Central,\u00a0Polic\u00eda\u00a0Nacional. El cad\u00e1ver [&hellip;]<\/p>\n","protected":false},"author":28,"featured_media":338275,"comment_status":"closed","ping_status":"","sticky":true,"template":"","format":"standard","meta":{"footnotes":""},"categories":[29,27],"tags":[],"class_list":["post-338274","post","type-post","status-publish","format-standard","has-post-thumbnail","hentry","category-policiasucesos","category-portada"],"_links":{"self":[{"href":"https:\/\/diariodominicano.com\/index.php?rest_route=\/wp\/v2\/posts\/338274","targetHints":{"allow":["GET"]}}],"collection":[{"href":"https:\/\/diariodominicano.com\/index.php?rest_route=\/wp\/v2\/posts"}],"about":[{"href":"https:\/\/diariodominicano.com\/index.php?rest_route=\/wp\/v2\/types\/post"}],"author":[{"embeddable":true,"href":"https:\/\/diariodominicano.com\/index.php?rest_route=\/wp\/v2\/users\/28"}],"replies":[{"embeddable":true,"href":"https:\/\/diariodominicano.com\/index.php?rest_route=%2Fwp%2Fv2%2Fcomments&post=338274"}],"version-history":[{"count":1,"href":"https:\/\/diariodominicano.com\/index.php?rest_route=\/wp\/v2\/posts\/338274\/revisions"}],"predecessor-version":[{"id":338276,"href":"https:\/\/diariodominicano.com\/index.php?rest_route=\/wp\/v2\/posts\/338274\/revisions\/338276"}],"wp:featuredmedia":[{"embeddable":true,"href":"https:\/\/diariodominicano.com\/index.php?rest_route=\/wp\/v2\/media\/338275"}],"wp:attachment":[{"href":"https:\/\/diariodominicano.com\/index.php?rest_route=%2Fwp%2Fv2%2Fmedia&parent=338274"}],"wp:term":[{"taxonomy":"category","embeddable":true,"href":"https:\/\/diariodominicano.com\/index.php?rest_route=%2Fwp%2Fv2%2Fcategories&post=338274"},{"taxonomy":"post_tag","embeddable":true,"href":"https:\/\/diariodominicano.com\/index.php?rest_route=%2Fwp%2Fv2%2Ftags&post=338274"}],"curies":[{"name":"wp","href":"https:\/\/api.w.org\/{rel}","templated":true}]}}