{"id":338088,"date":"2022-03-12T15:37:56","date_gmt":"2022-03-12T19:37:56","guid":{"rendered":"http:\/\/diariodominicano.com\/?p=338088"},"modified":"2022-03-12T15:45:38","modified_gmt":"2022-03-12T19:45:38","slug":"ministro-de-interior-y-director-general-pn-anuncian-envio-de-camionetas-motocicletas-y-personal-policial-a-salcedo","status":"publish","type":"post","link":"https:\/\/diariodominicano.com\/?p=338088","title":{"rendered":"Ministro de Interior y Director general PN anuncian env\u00edo de camionetas, motocicletas y personal policial a Salcedo"},"content":{"rendered":"\n<p>Ministro de Interior  informa  m<strong>un\u00edcipes de Salcedo tendr\u00e1n reforzamiento de seguridad y unidad de prevenci\u00f3n de violencia de g\u00e9nero<\/strong><\/p>\n\n\n\n<p><\/p>\n\n\n\n<figure class=\"wp-block-image size-full\"><img loading=\"lazy\" decoding=\"async\" width=\"1024\" height=\"683\" src=\"https:\/\/diariodominicano.com\/wp-content\/uploads\/2022\/03\/MIP-y-PN-anuncian-reforzamiento-de-seguridad-en-Salcedo.jpg\" alt=\"\" class=\"wp-image-338091\" srcset=\"https:\/\/diariodominicano.com\/wp-content\/uploads\/2022\/03\/MIP-y-PN-anuncian-reforzamiento-de-seguridad-en-Salcedo.jpg 1024w, https:\/\/diariodominicano.com\/wp-content\/uploads\/2022\/03\/MIP-y-PN-anuncian-reforzamiento-de-seguridad-en-Salcedo-300x200.jpg 300w, https:\/\/diariodominicano.com\/wp-content\/uploads\/2022\/03\/MIP-y-PN-anuncian-reforzamiento-de-seguridad-en-Salcedo-768x512.jpg 768w, https:\/\/diariodominicano.com\/wp-content\/uploads\/2022\/03\/MIP-y-PN-anuncian-reforzamiento-de-seguridad-en-Salcedo-816x544.jpg 816w\" sizes=\"auto, (max-width: 1024px) 100vw, 1024px\" \/><\/figure>\n\n\n\n<p> <strong>El anuncio fue realizado por el ministro de Interior y Polic\u00eda, Jes\u00fas V\u00e1zquez Mart\u00ednez y el director general de la Polic\u00eda Nacional, mayor general Eduardo Alberto Then, durante un acto en el que el ayuntamiento present\u00f3 un informe que arroja que Salcedo tiene la menor tasa de feminicidios del pa\u00eds.<\/strong> <\/p>\n\n\n\n<p>La seguridad y la tranquilidad de los habitantes del municipio de Salcedo estar\u00e1 reforzada con el env\u00edo de dos camionetas, cinco motocicletas y 15 agentes policiales que estar\u00e1n d\u00eda por d\u00eda al servicio del patrullaje preventivo de esa demarcaci\u00f3n de la provincia Hermanas Mirabal. &nbsp;<\/p>\n\n\n\n<p><strong>El anuncio fue realizado por el ministro de Interior y Polic\u00eda, Jes\u00fas V\u00e1zquez Mart\u00ednez y el director general de la Polic\u00eda Nacional, mayor general Eduardo Alberto Then, durante un acto en el que el ayuntamiento present\u00f3 un informe que arroja que Salcedo tiene la menor tasa de feminicidios del pa\u00eds.<\/strong><\/p>\n\n\n\n<p>Durante el acto, la alcaldesa Mar\u00eda Mercedes Ortiz esboz\u00f3 los logros alcanzados, entre esos una tasa de arresto de 79-80% y pidi\u00f3 una unidad de violencia de g\u00e9nero para combatir los casos de maltrato contra la mujer y as\u00ed llegar a tasa cero.<\/p>\n\n\n\n<figure class=\"wp-block-image size-full\"><img loading=\"lazy\" decoding=\"async\" width=\"1024\" height=\"683\" src=\"https:\/\/diariodominicano.com\/wp-content\/uploads\/2022\/03\/MIP-y-PN-anuncian-reforzamiento-de-seguridad-en-Salcedo-3.jpg\" alt=\"\" class=\"wp-image-338094\" srcset=\"https:\/\/diariodominicano.com\/wp-content\/uploads\/2022\/03\/MIP-y-PN-anuncian-reforzamiento-de-seguridad-en-Salcedo-3.jpg 1024w, https:\/\/diariodominicano.com\/wp-content\/uploads\/2022\/03\/MIP-y-PN-anuncian-reforzamiento-de-seguridad-en-Salcedo-3-300x200.jpg 300w, https:\/\/diariodominicano.com\/wp-content\/uploads\/2022\/03\/MIP-y-PN-anuncian-reforzamiento-de-seguridad-en-Salcedo-3-768x512.jpg 768w, https:\/\/diariodominicano.com\/wp-content\/uploads\/2022\/03\/MIP-y-PN-anuncian-reforzamiento-de-seguridad-en-Salcedo-3-816x544.jpg 816w\" sizes=\"auto, (max-width: 1024px) 100vw, 1024px\" \/><\/figure>\n\n\n\n<p>A esta petici\u00f3n, el mayor general Alberto Then anunci\u00f3 que la tendr\u00e1n, record\u00f3 que la seguridad es un derecho de todos y la defini\u00f3 fundamental en el desarrollo de los pueblos.<\/p>\n\n\n\n<p>La funcionaria municipal manifest\u00f3 que tienen \u00e9xitos en el tema del tr\u00e1nsito, la viabilidad y la se\u00f1alizaci\u00f3n, cit\u00f3 el compromiso con la educaci\u00f3n de los mun\u00edcipes, para evitar que m\u00e1s personas pierdan la vida a diario en accidentes y abog\u00f3 por mayor capacitaci\u00f3n para impulsar el progreso del municipio.&nbsp;&nbsp;<\/p>\n\n\n\n<p>Mientras que la gobernadora provincial, Lisette&nbsp;Nicasio de Adames Bautista G\u00f3mez,&nbsp;expres\u00f3 su compromiso con la mejor\u00eda de los mecanismos de buen actuar en la provincia, al tiempo de destacar que las acciones de la Polic\u00eda han sido de gran satisfacci\u00f3n, respeto y entrega y que el compromiso de su gesti\u00f3n es reducir a cero la violencia en la provincia.<\/p>\n\n\n\n<p>Adames Bautista G\u00f3mez&nbsp;solicit\u00f3 mayor personal policial y un destacamento para el distrito municipal de Jamao, y al Ministerio P\u00fablico enfrentar el problema de los ruidos.<\/p>\n\n\n\n<figure class=\"wp-block-image size-full\"><img loading=\"lazy\" decoding=\"async\" width=\"1024\" height=\"731\" src=\"https:\/\/diariodominicano.com\/wp-content\/uploads\/2022\/03\/MIP-y-PN-anuncian-reforzamiento-de-seguridad-en-Salcedo-2.jpg\" alt=\"\" class=\"wp-image-338095\" srcset=\"https:\/\/diariodominicano.com\/wp-content\/uploads\/2022\/03\/MIP-y-PN-anuncian-reforzamiento-de-seguridad-en-Salcedo-2.jpg 1024w, https:\/\/diariodominicano.com\/wp-content\/uploads\/2022\/03\/MIP-y-PN-anuncian-reforzamiento-de-seguridad-en-Salcedo-2-300x214.jpg 300w, https:\/\/diariodominicano.com\/wp-content\/uploads\/2022\/03\/MIP-y-PN-anuncian-reforzamiento-de-seguridad-en-Salcedo-2-768x548.jpg 768w, https:\/\/diariodominicano.com\/wp-content\/uploads\/2022\/03\/MIP-y-PN-anuncian-reforzamiento-de-seguridad-en-Salcedo-2-816x583.jpg 816w\" sizes=\"auto, (max-width: 1024px) 100vw, 1024px\" \/><\/figure>\n\n\n\n<p><strong>Efectividad Plan Mi Pa\u00eds Seguro<\/strong><\/p>\n\n\n\n<p>En la actividad organizada por la mesa de Di\u00e1logo, Ciudadan\u00eda y G\u00e9nero, el ministro V\u00e1squez Mart\u00ednez llam\u00f3 a la creaci\u00f3n de nuevos paradigmas \u00e9ticos y morales para la sociedad y a las familias a velar por sus hijos y por la sana convivencia.<\/p>\n\n\n\n<p>Manifest\u00f3 que toman medidas para fortalecer la \u201cEstrategia de Seguridad Ciudadana Mi Pa\u00eds Seguro\u201d, al tiempo de recordar que \u00e9sta ser\u00e1 instalada en esa zona y que luminarias del deporte como Pedro Mart\u00ednez, F\u00e9lix S\u00e1nchez y Martha Ruiz, apoyan esta iniciativa.<\/p>\n\n\n\n<p>De su lado, la viceministra \u00c1ngela J\u00e1quez, para la Seguridad Preventiva en Gobiernos Provinciales y Ciudadan\u00eda, destac\u00f3 los bajos niveles de violencia que registra Salcedo y dijo que la mesa es para dialogar, resolver los problemas de las comunidades y promover el desarrollo humano.<\/p>\n\n\n\n<p><strong>Reconocimiento<\/strong><\/p>\n\n\n\n<p>La alcald\u00eda le entreg\u00f3 al ministro un reconocimiento por su excelente pol\u00edtica de desarrollo a favor de la comunidad.<\/p>\n\n\n\n<p>Prensa Policia Nacional<a target=\"_blank\" href=\"mailto:prensadigitalpn@gmail.com\" rel=\"noreferrer noopener\">prensadigitalpn@gmail.com<\/a><\/p>\n","protected":false},"excerpt":{"rendered":"<p>Ministro de Interior informa mun\u00edcipes de Salcedo tendr\u00e1n reforzamiento de seguridad y unidad de prevenci\u00f3n de violencia de g\u00e9nero El anuncio fue realizado por el ministro de Interior y Polic\u00eda, Jes\u00fas V\u00e1zquez Mart\u00ednez y el director general de la Polic\u00eda Nacional, mayor general Eduardo Alberto Then, durante un acto en el que el ayuntamiento present\u00f3 [&hellip;]<\/p>\n","protected":false},"author":28,"featured_media":338089,"comment_status":"closed","ping_status":"","sticky":true,"template":"","format":"standard","meta":{"footnotes":""},"categories":[29,27],"tags":[],"class_list":["post-338088","post","type-post","status-publish","format-standard","has-post-thumbnail","hentry","category-policiasucesos","category-portada"],"_links":{"self":[{"href":"https:\/\/diariodominicano.com\/index.php?rest_route=\/wp\/v2\/posts\/338088","targetHints":{"allow":["GET"]}}],"collection":[{"href":"https:\/\/diariodominicano.com\/index.php?rest_route=\/wp\/v2\/posts"}],"about":[{"href":"https:\/\/diariodominicano.com\/index.php?rest_route=\/wp\/v2\/types\/post"}],"author":[{"embeddable":true,"href":"https:\/\/diariodominicano.com\/index.php?rest_route=\/wp\/v2\/users\/28"}],"replies":[{"embeddable":true,"href":"https:\/\/diariodominicano.com\/index.php?rest_route=%2Fwp%2Fv2%2Fcomments&post=338088"}],"version-history":[{"count":4,"href":"https:\/\/diariodominicano.com\/index.php?rest_route=\/wp\/v2\/posts\/338088\/revisions"}],"predecessor-version":[{"id":338098,"href":"https:\/\/diariodominicano.com\/index.php?rest_route=\/wp\/v2\/posts\/338088\/revisions\/338098"}],"wp:featuredmedia":[{"embeddable":true,"href":"https:\/\/diariodominicano.com\/index.php?rest_route=\/wp\/v2\/media\/338089"}],"wp:attachment":[{"href":"https:\/\/diariodominicano.com\/index.php?rest_route=%2Fwp%2Fv2%2Fmedia&parent=338088"}],"wp:term":[{"taxonomy":"category","embeddable":true,"href":"https:\/\/diariodominicano.com\/index.php?rest_route=%2Fwp%2Fv2%2Fcategories&post=338088"},{"taxonomy":"post_tag","embeddable":true,"href":"https:\/\/diariodominicano.com\/index.php?rest_route=%2Fwp%2Fv2%2Ftags&post=338088"}],"curies":[{"name":"wp","href":"https:\/\/api.w.org\/{rel}","templated":true}]}}