{"id":338067,"date":"2022-03-12T11:36:43","date_gmt":"2022-03-12T15:36:43","guid":{"rendered":"http:\/\/diariodominicano.com\/?p=338067"},"modified":"2022-03-12T11:50:20","modified_gmt":"2022-03-12T15:50:20","slug":"interior-y-policia-dispone-instalacion-de-unidad-anticuatreros-en-san-francisco-de-macoris","status":"publish","type":"post","link":"https:\/\/diariodominicano.com\/?p=338067","title":{"rendered":"Interior y Polic\u00eda dispone instalaci\u00f3n de Unidad Anticuatreros en San Francisco de Macor\u00eds"},"content":{"rendered":"\n<p><\/p>\n\n\n\n<figure class=\"wp-block-image size-full\"><img loading=\"lazy\" decoding=\"async\" width=\"1024\" height=\"683\" src=\"https:\/\/diariodominicano.com\/wp-content\/uploads\/2022\/03\/Unidad-Anticuatreros-SFM-4.jpg\" alt=\"\" class=\"wp-image-338070\" srcset=\"https:\/\/diariodominicano.com\/wp-content\/uploads\/2022\/03\/Unidad-Anticuatreros-SFM-4.jpg 1024w, https:\/\/diariodominicano.com\/wp-content\/uploads\/2022\/03\/Unidad-Anticuatreros-SFM-4-300x200.jpg 300w, https:\/\/diariodominicano.com\/wp-content\/uploads\/2022\/03\/Unidad-Anticuatreros-SFM-4-768x512.jpg 768w, https:\/\/diariodominicano.com\/wp-content\/uploads\/2022\/03\/Unidad-Anticuatreros-SFM-4-816x544.jpg 816w\" sizes=\"auto, (max-width: 1024px) 100vw, 1024px\" \/><\/figure>\n\n\n\n<p>El Ministro de Interior y director PN dicen no escatimar\u00e1n esfuerzos en procura de preservar la propiedad privada y erradicar el robo de ganado.<\/p>\n\n\n\n<p><strong>San Francisco de Macor\u00eds<\/strong>&#8211; Las acciones para prevenir el robo de ganado en la provincia Duarte fueron incrementadas por instrucciones del ministro de Interior, Jes\u00fas V\u00e1zquez Mart\u00ednez y el director general de la Polic\u00eda Nacional, mayor general Eduardo Alberto Then, al encabezar una reuni\u00f3n con ganaderos de esa jurisdicci\u00f3n, quienes mostraron preocupaci\u00f3n por la p\u00e9rdida de reses a manos de antisociales.<\/p>\n\n\n\n<p>V\u00e1zquez Mart\u00ednez y Alberto Then anunciaron que, para materializar la efectividad de la medida, se dispuso la creaci\u00f3n de una Unidad Anticuatreros en San Francisco de Macor\u00eds, tras alertar que no escatimar\u00e1n esfuerzos en procura de preservar la propiedad privada y erradicar el robo de ganado.<\/p>\n\n\n\n<figure class=\"wp-block-image size-full\"><img loading=\"lazy\" decoding=\"async\" width=\"1024\" height=\"683\" src=\"https:\/\/diariodominicano.com\/wp-content\/uploads\/2022\/03\/Unidad-Anticuatreros-SFM-3.jpg\" alt=\"\" class=\"wp-image-338073\" srcset=\"https:\/\/diariodominicano.com\/wp-content\/uploads\/2022\/03\/Unidad-Anticuatreros-SFM-3.jpg 1024w, https:\/\/diariodominicano.com\/wp-content\/uploads\/2022\/03\/Unidad-Anticuatreros-SFM-3-300x200.jpg 300w, https:\/\/diariodominicano.com\/wp-content\/uploads\/2022\/03\/Unidad-Anticuatreros-SFM-3-768x512.jpg 768w, https:\/\/diariodominicano.com\/wp-content\/uploads\/2022\/03\/Unidad-Anticuatreros-SFM-3-816x544.jpg 816w\" sizes=\"auto, (max-width: 1024px) 100vw, 1024px\" \/><\/figure>\n\n\n\n<p>Ambos funcionarios precisaron que la creaci\u00f3n de esa unidad es parte de las acciones conjuntas en la provincia Duarte, a fin de evitar el robo de ganado, invasi\u00f3n de terrenos y dem\u00e1s acciones delictivas contra la propiedad privada.<\/p>\n\n\n\n<p>Dicha unidad, adem\u00e1s del personal operativo, ser\u00e1 dotada de camionetas y motocicletas nuevas para el combate del robo de reses, cerdos, productos agr\u00edcolas y alambres el\u00e9ctricos.<\/p>\n\n\n\n<p>Las medidas dispuestas por el ministro V\u00e1squez Mart\u00ednez y el mayor general Alberto Then, fueron dadas a conocer durante una reuni\u00f3n en San Francisco de Macor\u00eds, donde autoridades locales destacaron que en 72 horas han sido arrestados cuatro cuatreros y han recuperado 20 cabezas de ganado, luego de escuchar los problemas que afronta el sector agropecuario.<\/p>\n\n\n\n<p>V\u00e1squez Mart\u00ednez advirti\u00f3 que continuar\u00e1n adoptando medidas contundentes para enfrentar a los invasores de terrenos y cuatreros del Nordeste, como ya las autoridades han hecho en el Este, y llam\u00f3 a los productores agropecuarios a denunciar cualquier acto delictivo, porque no tolerar\u00e1 a los corruptos ni a quienes corrompen, porque siempre hay c\u00f3mplices en las aristas del delito.<\/p>\n\n\n\n<p>En tanto, el mayor general Alberto Then prometi\u00f3 sacar a los ocupantes de tierras ajenas, siempre apegado al debido proceso, a la ley e inform\u00f3 que viajar\u00e1 a la zona de forma continua hasta ver preso a cada uno de esos delincuentes.<\/p>\n\n\n\n<p>\u201cTan culpables son los corruptos como los corruptores. Esto es un problema que viene de los propios encargados y allegados a los terrenos de los afectados\u201d, declar\u00f3.&nbsp;<\/p>\n\n\n\n<p>El presidente de la Asociaci\u00f3n de Ganaderos, Diego Pilarte, defini\u00f3 como un abuso may\u00fasculo los robos a gente que gana el sustento por medio de sus animales y cosechas, y aprovech\u00f3 para agradecer el gesto del ministro que escuch\u00f3 el llamado. Pidi\u00f3 un plan de seguridad adicional para las comunidades rurales.<\/p>\n\n\n\n<p>Al respecto, \u00c1ngela J\u00e1quez, viceministra de Seguridad Preventiva de los Gobiernos Provinciales, respondi\u00f3 que no escatimar\u00e1n esfuerzos para llevar a los responsables a la c\u00e1rcel.<\/p>\n\n\n\n<p>\u201cDesde el Ministerio de Interior y Polic\u00eda evaluaremos los casos la tercera semana de cada mes junto al equipo del Ministerio P\u00fablico y la Polic\u00eda Nacional\u201d, indic\u00f3.<\/p>\n\n\n\n<p>Mientras que la fiscal Esmeilyn Rodr\u00edguez enfatiz\u00f3 que la prevenci\u00f3n del conflicto es una de la razones para la paz social y&nbsp; que un t\u00edtulo de propiedad presentado a las autoridades es garant\u00eda de seguridad al denunciar un intento de invasi\u00f3n.<\/p>\n\n\n\n<p>En representaci\u00f3n de los ganaderos de Mar\u00eda Trinidad S\u00e1nchez, Ernesto Pou inst\u00f3 a sus colegas a que conf\u00eden en el cuerpo del orden y puso como ejemplo sus esfuerzos para recuperar las reses que le robaron. Adem\u00e1s, critic\u00f3 las fianzas p\u00edrricas a ladrones agarrados in fraganti.<\/p>\n\n\n\n<p>En la actividad tambi\u00e9n participaron el senador Franklin Roberto Morillo y el presidente del Patronato de Ganaderos, Franklin Negr\u00edn.<\/p>\n\n\n\n<p>Prensa Policia Nacional<a target=\"_blank\" href=\"mailto:prensadigitalpn@gmail.com\" rel=\"noreferrer noopener\">prensadigitalpn@gmail.com<\/a><\/p>\n","protected":false},"excerpt":{"rendered":"<p>El Ministro de Interior y director PN dicen no escatimar\u00e1n esfuerzos en procura de preservar la propiedad privada y erradicar el robo de ganado. San Francisco de Macor\u00eds&#8211; Las acciones para prevenir el robo de ganado en la provincia Duarte fueron incrementadas por instrucciones del ministro de Interior, Jes\u00fas V\u00e1zquez Mart\u00ednez y el director general [&hellip;]<\/p>\n","protected":false},"author":28,"featured_media":338068,"comment_status":"closed","ping_status":"","sticky":true,"template":"","format":"standard","meta":{"footnotes":""},"categories":[29,27],"tags":[],"class_list":["post-338067","post","type-post","status-publish","format-standard","has-post-thumbnail","hentry","category-policiasucesos","category-portada"],"_links":{"self":[{"href":"https:\/\/diariodominicano.com\/index.php?rest_route=\/wp\/v2\/posts\/338067","targetHints":{"allow":["GET"]}}],"collection":[{"href":"https:\/\/diariodominicano.com\/index.php?rest_route=\/wp\/v2\/posts"}],"about":[{"href":"https:\/\/diariodominicano.com\/index.php?rest_route=\/wp\/v2\/types\/post"}],"author":[{"embeddable":true,"href":"https:\/\/diariodominicano.com\/index.php?rest_route=\/wp\/v2\/users\/28"}],"replies":[{"embeddable":true,"href":"https:\/\/diariodominicano.com\/index.php?rest_route=%2Fwp%2Fv2%2Fcomments&post=338067"}],"version-history":[{"count":4,"href":"https:\/\/diariodominicano.com\/index.php?rest_route=\/wp\/v2\/posts\/338067\/revisions"}],"predecessor-version":[{"id":338075,"href":"https:\/\/diariodominicano.com\/index.php?rest_route=\/wp\/v2\/posts\/338067\/revisions\/338075"}],"wp:featuredmedia":[{"embeddable":true,"href":"https:\/\/diariodominicano.com\/index.php?rest_route=\/wp\/v2\/media\/338068"}],"wp:attachment":[{"href":"https:\/\/diariodominicano.com\/index.php?rest_route=%2Fwp%2Fv2%2Fmedia&parent=338067"}],"wp:term":[{"taxonomy":"category","embeddable":true,"href":"https:\/\/diariodominicano.com\/index.php?rest_route=%2Fwp%2Fv2%2Fcategories&post=338067"},{"taxonomy":"post_tag","embeddable":true,"href":"https:\/\/diariodominicano.com\/index.php?rest_route=%2Fwp%2Fv2%2Ftags&post=338067"}],"curies":[{"name":"wp","href":"https:\/\/api.w.org\/{rel}","templated":true}]}}