{"id":338045,"date":"2022-03-12T09:29:00","date_gmt":"2022-03-12T13:29:00","guid":{"rendered":"http:\/\/diariodominicano.com\/?p=338045"},"modified":"2022-03-12T09:29:35","modified_gmt":"2022-03-12T13:29:35","slug":"pn-apresa-13-personas-en-negocios-violaban-horario-expendio-bebidas-alcoholicas-en-santiago-ocupan-seis-motocicletas","status":"publish","type":"post","link":"https:\/\/diariodominicano.com\/?p=338045","title":{"rendered":"PN apresa 13 personas en negocios violaban horario expendio bebidas alcoh\u00f3licas en Santiago; ocupan seis motocicletas"},"content":{"rendered":"\n<figure class=\"wp-block-table\"><table><tbody><tr><td>Motocicletas de los detenidos.<\/td><td><\/td><td><\/td><td><img decoding=\"async\" src=\"https:\/\/mail.google.com\/mail\/u\/1\/images\/cleardot.gif\" alt=\"\"><img decoding=\"async\" src=\"https:\/\/mail.google.com\/mail\/u\/1\/images\/cleardot.gif\" alt=\"\"><\/td><\/tr><tr><td><\/td><\/tr><\/tbody><\/table><\/figure>\n\n\n\n<p><strong>Santiago de los Caballeros, R.D., 12 marzo 2022.-<\/strong>Trece personas fueron apresadas esta madrugada en dos establecimientos de expendio de bebidas alcoh\u00f3licas, ubicados en la comunidad Monte Adentro, de esta ciudad, donde se violaba el horario de cierre establecido por el decreto 308-6, inform\u00f3  este s\u00e1bado en una  nota de prensa la  <strong>Direcci\u00f3n Regional Cibao Central, Polic\u00eda Nacional<\/strong>.<\/p>\n\n\n\n<p>Los detenidos inger\u00edan \u201ctragos\u201d en los negocios \u201cEl Pr\u00edncipe\u201d y \u201cMamao S\u00faper Fr\u00eda\u201d, en donde fueron ocupadas seis motocicletas para fines de depuraci\u00f3n, as\u00ed como una hookah, en franca violaci\u00f3n tambi\u00e9n a la Ley 16-09.&nbsp;<\/p>\n\n\n\n<p>Entre los apresados figura  Nelson Garc\u00eda, apodado \u201cMamao\u201d, propietario del segundo de los negocios intervenidos durante el operativo preventivo realizado la madrugada de este s\u00e1bado, en la  comunidad Monte Adentro.\u00a0<\/p>\n\n\n\n<p>Tanto los detenidos como las motocicletas ocupadas, ser\u00e1n puestos a disposici\u00f3n del Ministerio P\u00fablico, para los fines legales correspondientes.&nbsp;<\/p>\n\n\n\n<p><strong>OFICINA DE INFORMACION Y COMUNICACIONES ESTRAT\u00c9GICAS DE LA DIRECCION REGIONAL CIBAO CENTRAL, P.N.<\/strong><\/p>\n","protected":false},"excerpt":{"rendered":"<p>Motocicletas de los detenidos. Santiago de los Caballeros, R.D., 12 marzo 2022.-Trece personas fueron apresadas esta madrugada en dos establecimientos de expendio de bebidas alcoh\u00f3licas, ubicados en la comunidad Monte Adentro, de esta ciudad, donde se violaba el horario de cierre establecido por el decreto 308-6, inform\u00f3 este s\u00e1bado en una nota de prensa la [&hellip;]<\/p>\n","protected":false},"author":28,"featured_media":338046,"comment_status":"closed","ping_status":"","sticky":true,"template":"","format":"standard","meta":{"footnotes":""},"categories":[29,27],"tags":[],"class_list":["post-338045","post","type-post","status-publish","format-standard","has-post-thumbnail","hentry","category-policiasucesos","category-portada"],"_links":{"self":[{"href":"https:\/\/diariodominicano.com\/index.php?rest_route=\/wp\/v2\/posts\/338045","targetHints":{"allow":["GET"]}}],"collection":[{"href":"https:\/\/diariodominicano.com\/index.php?rest_route=\/wp\/v2\/posts"}],"about":[{"href":"https:\/\/diariodominicano.com\/index.php?rest_route=\/wp\/v2\/types\/post"}],"author":[{"embeddable":true,"href":"https:\/\/diariodominicano.com\/index.php?rest_route=\/wp\/v2\/users\/28"}],"replies":[{"embeddable":true,"href":"https:\/\/diariodominicano.com\/index.php?rest_route=%2Fwp%2Fv2%2Fcomments&post=338045"}],"version-history":[{"count":2,"href":"https:\/\/diariodominicano.com\/index.php?rest_route=\/wp\/v2\/posts\/338045\/revisions"}],"predecessor-version":[{"id":338048,"href":"https:\/\/diariodominicano.com\/index.php?rest_route=\/wp\/v2\/posts\/338045\/revisions\/338048"}],"wp:featuredmedia":[{"embeddable":true,"href":"https:\/\/diariodominicano.com\/index.php?rest_route=\/wp\/v2\/media\/338046"}],"wp:attachment":[{"href":"https:\/\/diariodominicano.com\/index.php?rest_route=%2Fwp%2Fv2%2Fmedia&parent=338045"}],"wp:term":[{"taxonomy":"category","embeddable":true,"href":"https:\/\/diariodominicano.com\/index.php?rest_route=%2Fwp%2Fv2%2Fcategories&post=338045"},{"taxonomy":"post_tag","embeddable":true,"href":"https:\/\/diariodominicano.com\/index.php?rest_route=%2Fwp%2Fv2%2Ftags&post=338045"}],"curies":[{"name":"wp","href":"https:\/\/api.w.org\/{rel}","templated":true}]}}