{"id":33795,"date":"2006-09-25T11:20:56","date_gmt":"2006-09-25T11:20:56","guid":{"rendered":"http:\/\/diariodominicano.ddns.net\/?p=33795"},"modified":"2006-09-25T11:20:56","modified_gmt":"2006-09-25T11:20:56","slug":"el-golpe-de-1963-3","status":"publish","type":"post","link":"https:\/\/diariodominicano.com\/?p=33795","title":{"rendered":"El Golpe de 1963"},"content":{"rendered":"<p><body><\/p>\n<h1 align=\"justify\" class=\"titulogrande1\">El Golpe de 1963<\/h1>\n<p>&#13;<\/p>\n<p align=\"justify\" class=\"text1noticias\">En\u00a0 la Rep\u00fablica Dominicana  hoy se conmemora el 43 aniversario de la interrupci\u00f3n por las fuerzas de la  intolerancia del\u00a0 Gobierno constitucional  del presidente Juan Bosch.<\/p>\n<p>&#13;<\/p>\n<p align=\"justify\" class=\"text1noticias\">La efem\u00e9ride debe ser recordada como una lecci\u00f3n  permanente. Ense\u00f1\u00f3 las consecuencias que origina un atentado contra la voluntad  popular expresada en las urnas. Lo que viene despu\u00e9s rompe el orden constitucional.<\/p>\n<p>&#13;<\/p>\n<p align=\"justify\" class=\"text1noticias\">El profesor Juan Bosch, y el doctor Segundo  Armando Gonz\u00e1lez Tamayo, candidatos presidencial y vicepresidencial del Partido  Revolucionario Dominicano (PRD), ganaron las elecciones del 20 de diciembre de  1962, las primeras democr\u00e1ticas despu\u00e9s de la ca\u00edda de la dictadura de  Trujillo, con\u00a0 619 mil 491, el 59.83 por  ciento de los votos, de un mill\u00f3n 54 mil 944 dominicanos y dominicanas que  participaron en los comicios. <\/p>\n<p>&#13;<\/p>\n<p align=\"justify\" class=\"text1noticias\">Sin embargo, las fuerzas de la  intolerancia atentaron contra\u00a0 la Constituci\u00f3n de la Rep\u00fablica.<\/p>\n<p>&#13;<\/p>\n<p align=\"justify\" class=\"text1noticias\">La madrugada del 25 de septiembre de 1963,  derrocaron el primer Gobierno democr\u00e1tico que escogi\u00f3 el pueblo luego que  termin\u00f3 la dictadura de Trujillo. Con ese hecho la Rep\u00fablica Dominicana\u00a0 sufri\u00f3 el resurgir de la represi\u00f3n, y el  reparto de la   Hacienda P\u00fablica. <\/p>\n<p>&#13;<\/p>\n<p align=\"justify\" class=\"text1noticias\">Como consecuencia del\u00a0 golpe cayeron los m\u00e1rtires de la guerrilla de  1963. Por el golpe de Estado de 1963, se produjo un hecho doloroso y traum\u00e1tico  como la \u00abGuerra de Abril de 1965\u00bb, y la intervenci\u00f3n militar de  Estados Unidos. Fue una etapa tr\u00e1gica en la vida dominicana.<\/p>\n<p>&#13;<\/p>\n<p align=\"justify\" class=\"text1noticias\">Es el acontecimiento m\u00e1s funesto que ha sufrido  el pa\u00eds despu\u00e9s de la ca\u00edda de la dictadura de Trujillo. Tiene que constituir  una lecci\u00f3n permanente.<\/p>\n<p>&#13;<\/p>\n<p align=\"justify\" class=\"text1noticias\">La lucha fratricida tuvo  su origen en el\u00a0 atentado a la democracia  el 25 de septiembre de 1963. \u00a0El hecho desat\u00f3 una lucha por la  democracia. <\/p>\n<p>&#13;<\/p>\n<p align=\"justify\" class=\"text1noticias\">\u00a0La sangre derramada en abril\u00a0 es parte de la memoria nacional. La ocasi\u00f3n  es propicia para honrar a los hombres y mujeres que dieron lo m\u00e1s preciado de  la vida para restaurar el proceso democr\u00e1tico. <\/p>\n<p>&#13;<\/p>\n<p align=\"justify\" class=\"text1noticias\">La mejor manera de honrar su  memoria es impulsar una reforma constitucional que cree los mecanismos  institucionales que hagan posible las transformaciones que requiere la Rep\u00fablica\u00a0 Dominicana, para impedir  que jam\u00e1s la voluntad o los caprichos de aventureros como los de 1963 puedan  imponerse a la voluntad popular, para frustrar un proceso que ten\u00eda el  prop\u00f3sito de construir bases democr\u00e1ticas\u00a0  s\u00f3lidas que permitieran convertir en una etapa superada la sociedad de  las desigualdades y de la intolerancia.<\/p>\n<p>&#13;<\/p>\n<p align=\"justify\" class=\"text1noticias\">Los dominicanos y dominicanas  decentes, \u00a0que quieren\u00a0 una Naci\u00f3n fundamentada en\u00a0 instituciones democr\u00e1ticas, piensan que de  nuevo el liderazgo del pa\u00eds vive otra prueba. Es la hora del pacto de Naci\u00f3n  que haga posible el proceso de\u00a0 las reformas  pol\u00edticas, econ\u00f3micas y sociales que demanda el pa\u00eds. Si no cambiamos \u00a0la sociedad de las desigualdades por una que  propenda a la equidad social, no hay espacio para pensar que ma\u00f1ana la vida  ser\u00e1 diferente.<\/p>\n<p>&#13;<\/p>\n<p align=\"justify\" class=\"text1noticias\">Impulsar el proceso de reforma  constitucional, como lo hace ahora el presidente Leonel Fern\u00e1ndez, es la mejor  manera de honrar al ex presidente Juan Bosch y a los hombres y mujeres que como  \u00e9l enfrentaron la corrupci\u00f3n y la intolerancia en 1963. <\/p>\n<p>&#13;<\/p>\n<p align=\"justify\" class=\"text1noticias\">Tenemos que terminar con un  sistema excluyente para dar paso a\u00a0 otro  incluyente.<\/p>\n<h6> 2006-09-25 11:20:56 <\/h6>\n<p><!--\n<link rel=\"stylesheet\" href=\"css\/bootstrap.min.css\">\n\n\n<ul class=\"pagination\">\n\t    \n\t\n\n<li >\n\t<a href='?page_no=241'>Previous<\/a>\n\t<\/li>\n\n\n       \n    \n\n<li><a href='?page_no=1'>1<\/a><\/li>\n\n\n\n<li><a href='?page_no=2'>2<\/a><\/li>\n\n\n\n<li><a>...<\/a><\/li>\n\n\n\n<li><a href='?page_no=237'>237<\/a><\/li>\n\n\n\n<li><a href='?page_no=238'>238<\/a><\/li>\n\n\n\n<li><a href='?page_no=239'>239<\/a><\/li>\n\n\n\n<li><a href='?page_no=240'>240<\/a><\/li>\n\n\n\n<li><a href='?page_no=241'>241<\/a><\/li>\n\n\n\n<li class='active'><a>242<\/a><\/li>\n\n\n\n<li><a href='?page_no=243'>243<\/a><\/li>\n\n    \n\t\n\n<li >\n\t<a href='?page_no=243'>Next<\/a>\n\t<\/li>\n\n\n    \n\n<li><a href='?page_no=243'>Last &rsaquo;&rsaquo;<\/a><\/li>\n\n<\/ul>\n\n\n--><br \/>\n<\/body><\/p>\n","protected":false},"excerpt":{"rendered":"<p>El Golpe de 1963 &#13; En\u00a0 la Rep\u00fablica Dominicana hoy se conmemora el 43 aniversario de la interrupci\u00f3n por las fuerzas de la intolerancia del\u00a0 Gobierno constitucional del presidente Juan Bosch. &#13; La efem\u00e9ride debe ser recordada como una lecci\u00f3n permanente. Ense\u00f1\u00f3 las consecuencias que origina un atentado contra la voluntad popular expresada en las [&hellip;]<\/p>\n","protected":false},"author":3,"featured_media":0,"comment_status":"open","ping_status":"open","sticky":false,"template":"","format":"standard","meta":{"footnotes":""},"categories":[1],"tags":[],"class_list":["post-33795","post","type-post","status-publish","format-standard","hentry","category-editorial"],"_links":{"self":[{"href":"https:\/\/diariodominicano.com\/index.php?rest_route=\/wp\/v2\/posts\/33795","targetHints":{"allow":["GET"]}}],"collection":[{"href":"https:\/\/diariodominicano.com\/index.php?rest_route=\/wp\/v2\/posts"}],"about":[{"href":"https:\/\/diariodominicano.com\/index.php?rest_route=\/wp\/v2\/types\/post"}],"author":[{"embeddable":true,"href":"https:\/\/diariodominicano.com\/index.php?rest_route=\/wp\/v2\/users\/3"}],"replies":[{"embeddable":true,"href":"https:\/\/diariodominicano.com\/index.php?rest_route=%2Fwp%2Fv2%2Fcomments&post=33795"}],"version-history":[{"count":0,"href":"https:\/\/diariodominicano.com\/index.php?rest_route=\/wp\/v2\/posts\/33795\/revisions"}],"wp:attachment":[{"href":"https:\/\/diariodominicano.com\/index.php?rest_route=%2Fwp%2Fv2%2Fmedia&parent=33795"}],"wp:term":[{"taxonomy":"category","embeddable":true,"href":"https:\/\/diariodominicano.com\/index.php?rest_route=%2Fwp%2Fv2%2Fcategories&post=33795"},{"taxonomy":"post_tag","embeddable":true,"href":"https:\/\/diariodominicano.com\/index.php?rest_route=%2Fwp%2Fv2%2Ftags&post=33795"}],"curies":[{"name":"wp","href":"https:\/\/api.w.org\/{rel}","templated":true}]}}