{"id":33791,"date":"2007-01-01T22:22:14","date_gmt":"2007-01-01T22:22:14","guid":{"rendered":"http:\/\/diariodominicano.ddns.net\/?p=33791"},"modified":"2007-01-01T22:22:14","modified_gmt":"2007-01-01T22:22:14","slug":"ni-siquiera-sadam-merecia-la-horca","status":"publish","type":"post","link":"https:\/\/diariodominicano.com\/?p=33791","title":{"rendered":"NI SIQUIERA SADAM MEREC\u00cdA LA HORCA"},"content":{"rendered":"<p><body><\/p>\n<p><strong>ABC<br \/>&#13;<br \/>\n<\/strong><br \/>&#13;<br \/>\n  <strong class=\"textopq\">Opini\u00f3n<\/strong><br \/>&#13;<br \/>\n  <br \/>&#13;<br \/>\n  <strong class=\"textogrande\">Editorial<\/strong><\/p>\n<p>&#13;<\/p>\n<h1 class=\"titulogrande1\">NI SIQUIERA SADAM <strong>MEREC\u00cdA LA HORCA<\/strong><\/h1>\n<p>&#13;<\/p>\n<p align=\"justify\" class=\"text1noticias\">SUS  cr\u00edmenes son tan graves que es imposible defenderle. Pero ni el peor de los  criminales merece la pena de muerte, que es un recurso indigno de las  sociedades civilizadas. Sadam Husein ha sido ejecutado en cumplimiento de una  sentencia leg\u00edtima que sin embargo cargar\u00e1 con el estigma de haberse consumado  de una forma que resulta inaceptable para una gran parte de la humanidad. <br \/>&#13;<br \/>\n  <br \/>&#13;<br \/>\n  Como  ya se ha dicho reiteradamente en estas p\u00e1ginas, la pena de muerte es  intr\u00ednsecamente un fracaso para la civilizaci\u00f3n, in\u00fatil desde el punto de vista  de la protecci\u00f3n de los intereses de las v\u00edctimas y \u00e9ticamente intolerable. No  cabe m\u00e1s que lamentar profundamente que todos los llamamientos hechos en este  caso desde el mundo entero no hayan sido escuchados.<br \/>&#13;<br \/>\n  <br \/>&#13;<br \/>\n  La  sociedad iraqu\u00ed est\u00e1 demasiado habituada a la violencia. Cuando no ha estado  sometida a la tiran\u00eda propia fue porque estaba siendo aplastada por un poder  colonial. Este es el primer intento que al menos sobre el papel tiene por  objetivo construir un pa\u00eds libre basado en las reglas de la democracia y la  ley. Y en este sentido los ciudadanos han dado un ejemplo encomiable en las  tres ocasiones en las que han acudido a votar a pesar de las amenazas directas  de los terroristas. Nadie puede negar que los iraqu\u00edes est\u00e1n interesados en  construir esa sociedad nueva basada en valores superiores a la violencia y las  tradiciones de la venganza apasionada. Que sea dif\u00edcil no significa que sea  imposible y en todo caso lo mejor que pod\u00eda haberse hecho era empezar poniendo  en pr\u00e1ctica esos principios humanistas que sostienen con toda claridad que  matando al criminal no se lograr\u00e1 nunca recuperar las vidas de sus v\u00edctimas. No  hay razones religiosas ni morales que puedan probar en estos momentos de la  evoluci\u00f3n humana que la pena de muerte pueda llegar a ser un acto aceptable.<br \/>&#13;<br \/>\n  <br \/>&#13;<br \/>\n  Es  cierto que Sadam ha tenido un juicio justo y que la gravedad de sus cr\u00edmenes ha  quedado fuera de toda duda. Tal vez el presidente iraqu\u00ed y sus vicepresidentes  han pensado m\u00e1s en la sensibilidad de los norteamericanos, que  inexplicablemente aceptan sin muchos remordimientos el principio de la pena  capital. De ser as\u00ed, es evidente que se han olvidado de los europeos y de todos  los que en el mundo esperan sinceramente que las cosas se arreglen lo antes  posible en aquel pa\u00eds y para los que la muerte deliberada de un ser humano es  siempre algo reprobable.<br \/>&#13;<br \/>\n  <br \/>&#13;<br \/>\n  Para  las nuevas autoridades iraqu\u00edes era tal vez m\u00e1s f\u00e1cil deshacerse de un  personaje que a todas luces les resultaba demasiado inc\u00f3modo en las actuales  circunstancias por las que atraviesa el pa\u00eds. Ha sido m\u00e1s sencillo ordenar al  verdugo que pusiera en marcha el siniestro mecanismo de la horca que afrontar  una sana reconstrucci\u00f3n del pa\u00eds partiendo del mejor ejemplo de piedad y  templanza que pod\u00edan haber dado. Sadam no era recuperable, pero el ejemplo de  haberlo mantenido en prisi\u00f3n de por vida habr\u00eda sido un mejor aliciente para  tratar de parar la sangr\u00eda de violencia que atenaza al pa\u00eds y de la que en  estos momentos no puede hacerse responsable directo al ex dictador. Incluso  hubiera sido un castigo infinitamente m\u00e1s humillante el permitirle que viese un  d\u00eda desde una celda el triunfo de los iraqu\u00edes en su esfuerzo por reconstruir  el pa\u00eds. Ejecutarle ha sido un error no s\u00f3lodesde el punto de vista moral, sino  estrat\u00e9tico, pues se corre el riesgo de hacer del tirano un mito para  determinados sectores que utilizar\u00e1n su ejecuci\u00f3n con fines propagand\u00edsticos  para justificar el terror.<br \/>&#13;<br \/>\n  <br \/>&#13;<br \/>\n  Sadam  deb\u00eda ser juzgado y hab\u00eda muchas alternativas, incluso la de trasladarlo al  Tribunal Internacional de La Haya,  en donde existen varios procesos abiertos en su contra por genocidio y cr\u00edmenes  contra la humanidad, que podr\u00edan haber librado a las nuevas autoridades del  pa\u00eds de la papeleta de tener que custodiar a tan inc\u00f3modo reo en una prisi\u00f3n  dentro de su territorio. Ejecutar la pena capital ha sido la peor opci\u00f3n, la  \u00fanica que no permitir\u00e1 que se sigan juzgando todas las atrocidades que cometi\u00f3  y que probablemente lo acabar\u00e1 convirtiendo en lo que nunca fue, un h\u00e9roe o un  m\u00e1rtir de la naci\u00f3n iraqu\u00ed.<\/p>\n<p>&#13;<\/p>\n<h6> 2007-01-01 22:22:14 <\/h6>\n<p><!--\n<link rel=\"stylesheet\" href=\"css\/bootstrap.min.css\">\n\n\n<ul class=\"pagination\">\n\t    \n\t\n\n<li >\n\t<a href='?page_no=238'>Previous<\/a>\n\t<\/li>\n\n\n       \n    \n\n<li><a href='?page_no=1'>1<\/a><\/li>\n\n\n\n<li><a href='?page_no=2'>2<\/a><\/li>\n\n\n\n<li><a>...<\/a><\/li>\n\n\n\n<li><a href='?page_no=237'>237<\/a><\/li>\n\n\n\n<li><a href='?page_no=238'>238<\/a><\/li>\n\n\n\n<li class='active'><a>239<\/a><\/li>\n\n\n\n<li><a href='?page_no=240'>240<\/a><\/li>\n\n\n\n<li><a href='?page_no=241'>241<\/a><\/li>\n\n\n\n<li><a href='?page_no=242'>242<\/a><\/li>\n\n\n\n<li><a href='?page_no=243'>243<\/a><\/li>\n\n    \n\t\n\n<li >\n\t<a href='?page_no=240'>Next<\/a>\n\t<\/li>\n\n\n    \n\n<li><a href='?page_no=243'>Last &rsaquo;&rsaquo;<\/a><\/li>\n\n<\/ul>\n\n\n--><br \/>\n<\/body><\/p>\n","protected":false},"excerpt":{"rendered":"<p>ABC&#13; &#13; Opini\u00f3n&#13; &#13; Editorial &#13; NI SIQUIERA SADAM MEREC\u00cdA LA HORCA &#13; SUS cr\u00edmenes son tan graves que es imposible defenderle. Pero ni el peor de los criminales merece la pena de muerte, que es un recurso indigno de las sociedades civilizadas. Sadam Husein ha sido ejecutado en cumplimiento de una sentencia leg\u00edtima que [&hellip;]<\/p>\n","protected":false},"author":3,"featured_media":0,"comment_status":"open","ping_status":"open","sticky":false,"template":"","format":"standard","meta":{"footnotes":""},"categories":[1],"tags":[],"class_list":["post-33791","post","type-post","status-publish","format-standard","hentry","category-editorial"],"_links":{"self":[{"href":"https:\/\/diariodominicano.com\/index.php?rest_route=\/wp\/v2\/posts\/33791","targetHints":{"allow":["GET"]}}],"collection":[{"href":"https:\/\/diariodominicano.com\/index.php?rest_route=\/wp\/v2\/posts"}],"about":[{"href":"https:\/\/diariodominicano.com\/index.php?rest_route=\/wp\/v2\/types\/post"}],"author":[{"embeddable":true,"href":"https:\/\/diariodominicano.com\/index.php?rest_route=\/wp\/v2\/users\/3"}],"replies":[{"embeddable":true,"href":"https:\/\/diariodominicano.com\/index.php?rest_route=%2Fwp%2Fv2%2Fcomments&post=33791"}],"version-history":[{"count":0,"href":"https:\/\/diariodominicano.com\/index.php?rest_route=\/wp\/v2\/posts\/33791\/revisions"}],"wp:attachment":[{"href":"https:\/\/diariodominicano.com\/index.php?rest_route=%2Fwp%2Fv2%2Fmedia&parent=33791"}],"wp:term":[{"taxonomy":"category","embeddable":true,"href":"https:\/\/diariodominicano.com\/index.php?rest_route=%2Fwp%2Fv2%2Fcategories&post=33791"},{"taxonomy":"post_tag","embeddable":true,"href":"https:\/\/diariodominicano.com\/index.php?rest_route=%2Fwp%2Fv2%2Ftags&post=33791"}],"curies":[{"name":"wp","href":"https:\/\/api.w.org\/{rel}","templated":true}]}}