{"id":33785,"date":"2007-10-02T20:58:49","date_gmt":"2007-10-02T20:58:49","guid":{"rendered":"http:\/\/diariodominicano.ddns.net\/?p=33785"},"modified":"2007-10-02T20:58:49","modified_gmt":"2007-10-02T20:58:49","slug":"editorial","status":"publish","type":"post","link":"https:\/\/diariodominicano.com\/?p=33785","title":{"rendered":"Editorial"},"content":{"rendered":"<p><body><\/p>\n<p class=\"titulogrande1\">Editorial<\/p>\n<p>&#13;<\/p>\n<p><strong>\u00bfQui\u00e9n gan\u00f3?<\/strong><\/p>\n<p>&#13;<\/p>\n<p align=\"justify\" class=\"text1noticias\">Es la pregunta que a esta  ahora se hacen los dominicanos y dominicanas que aman a su patria. La casi  totalidad de la colectividad nacional. Los convocantes al paro general por 24  horas a partir de las seis de la ma\u00f1ana de este martes no lograron su objetivo:  meter a la poblaci\u00f3n nacional en casa. Que nadie pudiera salir. Que las  unidades de producci\u00f3n y servicios se paralizaran. Que Rep\u00fablica Dominicana se  pusiera de rodilla.<\/p>\n<p>&#13;<\/p>\n<p align=\"justify\" class=\"text1noticias\">Afortunadamente no lograron  su objetivo. La mayor\u00eda de la poblaci\u00f3n se impuso a la insensatez. Venciendo  las dificultades del servicio de transporte disminuido los ten\u00edan la  responsabilidad llegaron\u00a0 a sus centros  de trabajo o a los lugares donde deb\u00edan ir en el d\u00eda. Es una experiencia que la  sufrieron m\u00e1s \u00a0los que dependen del  servicio de transporte p\u00fablico.\u00a0 Los que  tienen veh\u00edculos no afrontaron ninguna dificultad para realizar sus actividades  cotidianas. Por eso el ciudadano y la ciudadana de a pie como decimos aqu\u00ed, saben  que las convocatorias a paro lo \u00fanico que dejan son las p\u00e9rdidas y los  problemas que agregan a los que menos pueden.<\/p>\n<p>&#13;<\/p>\n<p align=\"justify\" class=\"text1noticias\">En las im\u00e1genes de la  convocatoria que no logr\u00f3 parar el pa\u00eds, como se plantearon como objetivo sus  organizadores y los pol\u00edticos que la apoyaron, lo \u00fanico que nadie podr\u00e1 recuperar\u00a0 son las p\u00e9rdidas millonarias que ha sufrido  el pa\u00eds y el ambiente de tensi\u00f3n que crearon en los barrios m\u00e1s pobres de las  ciudades del pa\u00eds. Algunos economistas y empresarios piensan que a pesar del  fracaso de la convocatoria, las p\u00e9rdidas podr\u00edan superar los RD$300 millones.<\/p>\n<p>&#13;<\/p>\n<p align=\"justify\" class=\"text1noticias\">Con raz\u00f3n los dominicanos y  dominicanas que quieren su patria\u00a0  preguntan ahora<strong>: \u00bfQui\u00e9n gan\u00f3?<\/strong><\/p>\n<p>&#13;<\/p>\n<h6> 2007-10-02 20:58:49 <\/h6>\n<p><!--\n<link rel=\"stylesheet\" href=\"css\/bootstrap.min.css\">\n\n\n<ul class=\"pagination\">\n\t    \n\t\n\n<li >\n\t<a href='?page_no=232'>Previous<\/a>\n\t<\/li>\n\n\n       \n    \n\n<li><a href='?page_no=1'>1<\/a><\/li>\n\n\n\n<li><a href='?page_no=2'>2<\/a><\/li>\n\n\n\n<li><a>...<\/a><\/li>\n\n\n\n<li><a href='?page_no=231'>231<\/a><\/li>\n\n\n\n<li><a href='?page_no=232'>232<\/a><\/li>\n\n\n\n<li class='active'><a>233<\/a><\/li>\n\n\n\n<li><a href='?page_no=234'>234<\/a><\/li>\n\n\n\n<li><a href='?page_no=235'>235<\/a><\/li>\n\n\n\n<li><a>...<\/a><\/li>\n\n\n\n<li><a href='?page_no=242'>242<\/a><\/li>\n\n\n\n<li><a href='?page_no=243'>243<\/a><\/li>\n\n    \n\t\n\n<li >\n\t<a href='?page_no=234'>Next<\/a>\n\t<\/li>\n\n\n    \n\n<li><a href='?page_no=243'>Last &rsaquo;&rsaquo;<\/a><\/li>\n\n<\/ul>\n\n\n--><br \/>\n<\/body><\/p>\n","protected":false},"excerpt":{"rendered":"<p>Editorial &#13; \u00bfQui\u00e9n gan\u00f3? &#13; Es la pregunta que a esta ahora se hacen los dominicanos y dominicanas que aman a su patria. La casi totalidad de la colectividad nacional. Los convocantes al paro general por 24 horas a partir de las seis de la ma\u00f1ana de este martes no lograron su objetivo: meter a [&hellip;]<\/p>\n","protected":false},"author":3,"featured_media":0,"comment_status":"open","ping_status":"open","sticky":false,"template":"","format":"standard","meta":{"footnotes":""},"categories":[1],"tags":[],"class_list":["post-33785","post","type-post","status-publish","format-standard","hentry","category-editorial"],"_links":{"self":[{"href":"https:\/\/diariodominicano.com\/index.php?rest_route=\/wp\/v2\/posts\/33785","targetHints":{"allow":["GET"]}}],"collection":[{"href":"https:\/\/diariodominicano.com\/index.php?rest_route=\/wp\/v2\/posts"}],"about":[{"href":"https:\/\/diariodominicano.com\/index.php?rest_route=\/wp\/v2\/types\/post"}],"author":[{"embeddable":true,"href":"https:\/\/diariodominicano.com\/index.php?rest_route=\/wp\/v2\/users\/3"}],"replies":[{"embeddable":true,"href":"https:\/\/diariodominicano.com\/index.php?rest_route=%2Fwp%2Fv2%2Fcomments&post=33785"}],"version-history":[{"count":0,"href":"https:\/\/diariodominicano.com\/index.php?rest_route=\/wp\/v2\/posts\/33785\/revisions"}],"wp:attachment":[{"href":"https:\/\/diariodominicano.com\/index.php?rest_route=%2Fwp%2Fv2%2Fmedia&parent=33785"}],"wp:term":[{"taxonomy":"category","embeddable":true,"href":"https:\/\/diariodominicano.com\/index.php?rest_route=%2Fwp%2Fv2%2Fcategories&post=33785"},{"taxonomy":"post_tag","embeddable":true,"href":"https:\/\/diariodominicano.com\/index.php?rest_route=%2Fwp%2Fv2%2Ftags&post=33785"}],"curies":[{"name":"wp","href":"https:\/\/api.w.org\/{rel}","templated":true}]}}