{"id":337793,"date":"2022-03-11T08:26:45","date_gmt":"2022-03-11T12:26:45","guid":{"rendered":"http:\/\/diariodominicano.com\/?p=337793"},"modified":"2022-03-11T08:28:12","modified_gmt":"2022-03-11T12:28:12","slug":"comerciante-haitiano-muere-de-manera-subita-en-mercado-de-la-pulga-en-santiago","status":"publish","type":"post","link":"https:\/\/diariodominicano.com\/?p=337793","title":{"rendered":"Comerciante haitiano muere de manera s\u00fabita en mercado de La Pulga en Santiago"},"content":{"rendered":"\n<p><\/p>\n\n\n\n<p><strong>Santiago de los Caballeros, R.D., 11 marzo 2022.-Un<\/strong>&nbsp;comerciante haitiano, de 44 a\u00f1os de edad, falleci\u00f3 ayer mientras laboraba en el mercado de La Pulga, ubicado en el sector Los Tocones, de esta provincia, inform\u00f3 este viernes la Direcci\u00f3n Regional Cibao Central Polic\u00eda Nacional.<\/p>\n\n\n\n<p>En un comunicado de prensa precis\u00f3 se trata de Wilfed Meril, quien resid\u00eda en el sector Arroyo Hondo, en la zona Sur de Santiago, quien muri\u00f3 a causa de un infarto agudo al miocardio, seg\u00fan certific\u00f3 el m\u00e9dico legista actuante, en presencia de un representante del Ministerio P\u00fablico y de agentes policiales.<\/p>\n\n\n\n<p>Vendedores en el mercado de La Pulga informaron a las autoridades que el extranjero cay\u00f3 repentinamente al pavimento, por lo que llamaron de inmediato al Sistema Nacional de Atenci\u00f3n de Emergencia (9.1.1), y cuando llegaron ya no presentaba signos vitales.<\/p>\n\n\n\n<p>No obstante, el cad\u00e1ver fue trasladado al Instituto Nacional de Ciencias Forenses (Inacif) de la ciudad de Santiago, para los fines correspondientes.<\/p>\n\n\n\n<p>policia nacional<a target=\"_blank\" href=\"mailto:npolicia14@gmail.com\" rel=\"noreferrer noopener\">npolicia14@gmail.com<\/a><\/p>\n\n\n\n<figure class=\"wp-block-image\"><img decoding=\"async\" src=\"https:\/\/mail.google.com\/mail\/u\/1?ui=2&amp;ik=e6c115171d&amp;attid=0.1&amp;permmsgid=msg-f:1727005781344266905&amp;th=17f78e9baa122a99&amp;view=fimg&amp;fur=ip&amp;sz=s0-l75-ft&amp;attbid=ANGjdJ_-LHM-VC5HbbWH2DSRnSmDGM6vUeDNeeOe9QW4nCZSprBlQIGfFmt4z47aNZW74HNK_xWTj32ZqdVRrN7FGAGB2yiGKQqg-rYApeJ59QDPKqqSdJOf8vgtAak&amp;disp=emb&amp;realattid=ii_l0mdwbt30\" alt=\"imagen.jpg\"\/><\/figure>\n\n\n\n<p><strong>OFICINA DE INFORMACION Y COMUNICACIONES ESTRAT\u00c9GICAS DE LA DIRECCION REGIONAL CIBAO CENTRAL, P.N.<\/strong><\/p>\n","protected":false},"excerpt":{"rendered":"<p>Santiago de los Caballeros, R.D., 11 marzo 2022.-Un&nbsp;comerciante haitiano, de 44 a\u00f1os de edad, falleci\u00f3 ayer mientras laboraba en el mercado de La Pulga, ubicado en el sector Los Tocones, de esta provincia, inform\u00f3 este viernes la Direcci\u00f3n Regional Cibao Central Polic\u00eda Nacional. En un comunicado de prensa precis\u00f3 se trata de Wilfed Meril, quien [&hellip;]<\/p>\n","protected":false},"author":28,"featured_media":337794,"comment_status":"closed","ping_status":"","sticky":true,"template":"","format":"standard","meta":{"footnotes":""},"categories":[29,27],"tags":[],"class_list":["post-337793","post","type-post","status-publish","format-standard","has-post-thumbnail","hentry","category-policiasucesos","category-portada"],"_links":{"self":[{"href":"https:\/\/diariodominicano.com\/index.php?rest_route=\/wp\/v2\/posts\/337793","targetHints":{"allow":["GET"]}}],"collection":[{"href":"https:\/\/diariodominicano.com\/index.php?rest_route=\/wp\/v2\/posts"}],"about":[{"href":"https:\/\/diariodominicano.com\/index.php?rest_route=\/wp\/v2\/types\/post"}],"author":[{"embeddable":true,"href":"https:\/\/diariodominicano.com\/index.php?rest_route=\/wp\/v2\/users\/28"}],"replies":[{"embeddable":true,"href":"https:\/\/diariodominicano.com\/index.php?rest_route=%2Fwp%2Fv2%2Fcomments&post=337793"}],"version-history":[{"count":2,"href":"https:\/\/diariodominicano.com\/index.php?rest_route=\/wp\/v2\/posts\/337793\/revisions"}],"predecessor-version":[{"id":337796,"href":"https:\/\/diariodominicano.com\/index.php?rest_route=\/wp\/v2\/posts\/337793\/revisions\/337796"}],"wp:featuredmedia":[{"embeddable":true,"href":"https:\/\/diariodominicano.com\/index.php?rest_route=\/wp\/v2\/media\/337794"}],"wp:attachment":[{"href":"https:\/\/diariodominicano.com\/index.php?rest_route=%2Fwp%2Fv2%2Fmedia&parent=337793"}],"wp:term":[{"taxonomy":"category","embeddable":true,"href":"https:\/\/diariodominicano.com\/index.php?rest_route=%2Fwp%2Fv2%2Fcategories&post=337793"},{"taxonomy":"post_tag","embeddable":true,"href":"https:\/\/diariodominicano.com\/index.php?rest_route=%2Fwp%2Fv2%2Ftags&post=337793"}],"curies":[{"name":"wp","href":"https:\/\/api.w.org\/{rel}","templated":true}]}}