{"id":33776,"date":"2007-12-27T02:47:43","date_gmt":"2007-12-27T02:47:43","guid":{"rendered":"http:\/\/diariodominicano.ddns.net\/?p=33776"},"modified":"2007-12-27T02:47:43","modified_gmt":"2007-12-27T02:47:43","slug":"el-padre-aleman","status":"publish","type":"post","link":"https:\/\/diariodominicano.com\/?p=33776","title":{"rendered":"El padre Alem\u00e1n"},"content":{"rendered":"<p><body><\/p>\n<p class=\"titulogrande1\">El padre Alem\u00e1n <\/p>\n<p>&#13;<\/p>\n<p align=\"justify\" class=\"text1noticias\">La muerte del sacerdote y  economista Jos\u00e9 Luis Alem\u00e1n constituye una gran p\u00e9rdida para la sociedad  dominicana, a la que sirvi\u00f3 ejemplarmente con dos de los valores de la que est\u00e1  urgida: vocaci\u00f3n de servicio comunitario e integridad tanto en los juicios como  en la actuaci\u00f3n personal.<br \/>&#13;<br \/>\n  <br \/>&#13;<br \/>\n  En apoyo siempre incansable y entusiasta a la labor pastoral de los jesuitas,  orden a la que pertenec\u00eda, hab\u00eda sufrido la fractura de sus piernas en Gurabo  al caerse en la iglesia de ese municipio, donde ayudaba en el Centro  Belarminio.<br \/>&#13;<br \/>\n  <br \/>&#13;<br \/>\n  A lo largo de su existencia hizo suyo el credo human\u00edstico de la Compa\u00f1\u00eda de Jes\u00fas, que en  su principal postulado reza: \u201cSomos seguidores de Cristo en vida comunitaria  consagrada a \u00c9l para el servicio de la fe y la promoci\u00f3n de la justicia  social\u201d.<br \/>&#13;<br \/>\n  <br \/>&#13;<br \/>\n  Como acad\u00e9mico se distingui\u00f3 por su capacidad en el campo de la econom\u00eda y la  formaci\u00f3n que ofreci\u00f3 a varias generaciones de profesionales que se han  destacado en su ejercicio y que siempre admiraron al profesor, al amigo y al  hombre de bien que era el padre Alem\u00e1n. <br \/>&#13;<br \/>\n  <br \/>&#13;<br \/>\n  Su muerte es particularmente sensible para la Pontificia Universidad  Cat\u00f3lica Madre y Maestra (PUCMM), en cuyas aulas estuvo toda una vida dedicado  a la ense\u00f1anza y a fomentar la comprensi\u00f3n del desarrollo desde una \u00f3ptica  esencialmente humana.<br \/>&#13;<br \/>\n  <br \/>&#13;<br \/>\n  De car\u00e1cter apacible pero de recia personalidad, el padre Alem\u00e1n se hab\u00eda  ganado una s\u00f3lida reputaci\u00f3n al exponer con claridad y defender sus teor\u00edas y  opiniones, las cuales part\u00edan de un conocimiento que se actualizaba constantemente.<br \/>&#13;<br \/>\n  <br \/>&#13;<br \/>\n  Esta condici\u00f3n de acucioso investigador le permiti\u00f3 desarrollar una amplia  labor de formaci\u00f3n de recursos humanos con el nivel requerido para un desempe\u00f1o  con calidad y capacidad, a fin de comprender los problemas propios de la  econom\u00eda en el mundo actual.<br \/>&#13;<br \/>\n  <br \/>&#13;<br \/>\n  Al igual que la Compa\u00f1\u00eda  de Jes\u00fas, una organizaci\u00f3n que ha vivido entre la alabanza y la cr\u00edtica,  siempre en la pol\u00e9mica, el padre Alem\u00e1n no estuvo exento de intentos de  descalificaci\u00f3n por sus juicios honestos y muy certeros.<br \/>&#13;<br \/>\n  <br \/>&#13;<br \/>\nCon la nobleza de \u00e1nimo que le caracterizaba, respond\u00eda a sus contados  inquisidores con un arma invencible: las ideas argumentadas en el conocimiento  y la raz\u00f3n.<\/p>\n<p>&#13;<\/p>\n<p align=\"justify\" class=\"text1noticias\">El Caribe26122007<\/p>\n<p>&#13;<\/p>\n<h6> 2007-12-27 02:47:43 <\/h6>\n<p><!--\n<link rel=\"stylesheet\" href=\"css\/bootstrap.min.css\">\n\n\n<ul class=\"pagination\">\n\t    \n\t\n\n<li >\n\t<a href='?page_no=224'>Previous<\/a>\n\t<\/li>\n\n\n       \n    \n\n<li><a href='?page_no=1'>1<\/a><\/li>\n\n\n\n<li><a href='?page_no=2'>2<\/a><\/li>\n\n\n\n<li><a>...<\/a><\/li>\n\n\n\n<li><a href='?page_no=223'>223<\/a><\/li>\n\n\n\n<li><a href='?page_no=224'>224<\/a><\/li>\n\n\n\n<li class='active'><a>225<\/a><\/li>\n\n\n\n<li><a href='?page_no=226'>226<\/a><\/li>\n\n\n\n<li><a href='?page_no=227'>227<\/a><\/li>\n\n\n\n<li><a>...<\/a><\/li>\n\n\n\n<li><a href='?page_no=242'>242<\/a><\/li>\n\n\n\n<li><a href='?page_no=243'>243<\/a><\/li>\n\n    \n\t\n\n<li >\n\t<a href='?page_no=226'>Next<\/a>\n\t<\/li>\n\n\n    \n\n<li><a href='?page_no=243'>Last &rsaquo;&rsaquo;<\/a><\/li>\n\n<\/ul>\n\n\n--><br \/>\n<\/body><\/p>\n","protected":false},"excerpt":{"rendered":"<p>El padre Alem\u00e1n &#13; La muerte del sacerdote y economista Jos\u00e9 Luis Alem\u00e1n constituye una gran p\u00e9rdida para la sociedad dominicana, a la que sirvi\u00f3 ejemplarmente con dos de los valores de la que est\u00e1 urgida: vocaci\u00f3n de servicio comunitario e integridad tanto en los juicios como en la actuaci\u00f3n personal.&#13; &#13; En apoyo siempre [&hellip;]<\/p>\n","protected":false},"author":3,"featured_media":0,"comment_status":"open","ping_status":"open","sticky":false,"template":"","format":"standard","meta":{"footnotes":""},"categories":[1],"tags":[],"class_list":["post-33776","post","type-post","status-publish","format-standard","hentry","category-editorial"],"_links":{"self":[{"href":"https:\/\/diariodominicano.com\/index.php?rest_route=\/wp\/v2\/posts\/33776","targetHints":{"allow":["GET"]}}],"collection":[{"href":"https:\/\/diariodominicano.com\/index.php?rest_route=\/wp\/v2\/posts"}],"about":[{"href":"https:\/\/diariodominicano.com\/index.php?rest_route=\/wp\/v2\/types\/post"}],"author":[{"embeddable":true,"href":"https:\/\/diariodominicano.com\/index.php?rest_route=\/wp\/v2\/users\/3"}],"replies":[{"embeddable":true,"href":"https:\/\/diariodominicano.com\/index.php?rest_route=%2Fwp%2Fv2%2Fcomments&post=33776"}],"version-history":[{"count":0,"href":"https:\/\/diariodominicano.com\/index.php?rest_route=\/wp\/v2\/posts\/33776\/revisions"}],"wp:attachment":[{"href":"https:\/\/diariodominicano.com\/index.php?rest_route=%2Fwp%2Fv2%2Fmedia&parent=33776"}],"wp:term":[{"taxonomy":"category","embeddable":true,"href":"https:\/\/diariodominicano.com\/index.php?rest_route=%2Fwp%2Fv2%2Fcategories&post=33776"},{"taxonomy":"post_tag","embeddable":true,"href":"https:\/\/diariodominicano.com\/index.php?rest_route=%2Fwp%2Fv2%2Ftags&post=33776"}],"curies":[{"name":"wp","href":"https:\/\/api.w.org\/{rel}","templated":true}]}}