{"id":337757,"date":"2022-03-10T23:32:26","date_gmt":"2022-03-11T03:32:26","guid":{"rendered":"http:\/\/diariodominicano.com\/?p=337757"},"modified":"2022-03-10T23:37:24","modified_gmt":"2022-03-11T03:37:24","slug":"pn-dice-no-hostiga-negocios-en-area-monumental-por-contaminacion-sonica","status":"publish","type":"post","link":"https:\/\/diariodominicano.com\/?p=337757","title":{"rendered":"PN dice no hostiga negocios en \u00e1rea monumental por contaminaci\u00f3n s\u00f3nica."},"content":{"rendered":"\n<p> <strong>El accionar&nbsp;&nbsp;fue enfocado contra todos aquellos establecimientos que violaban las disposiciones medioambientales, generando contaminaci\u00f3n s\u00f3nica<\/strong>, afirm\u00f3 la PN.<\/p>\n\n\n\n<p><strong>Santiago de los Caballeros, 10 de marzo 2022.<\/strong>-La Direcci\u00f3n Regional Cibao Central de la Polic\u00eda Nacional no mantiene hostigamiento en contra de ning\u00fan negocio establecido en el \u00e1rea monumental de Santiago.<\/p>\n\n\n\n<p>En un comunicado de prensa afirm\u00f3  que en su rol de auxiliar del Ministerio P\u00fablico, acompa\u00f1\u00f3 a varios magistrados de la Procuradur\u00eda Fiscal y del Ministerio de Medio Ambiente, en un operativo realizado para controlar la contaminaci\u00f3n s\u00f3nica en la zona.<\/p>\n\n\n\n<p><strong>El accionar&nbsp;&nbsp;fue enfocado contra todos aquellos establecimientos que violaban las disposiciones medioambientales, generando contaminaci\u00f3n s\u00f3nica.<\/strong><\/p>\n\n\n\n<p>Los operativos se realizaron dando seguimiento a una serie de denuncias hechas por ciudadanos sobre la alteraci\u00f3n p\u00fablica que de manera constante se escenificaban en el \u00e1rea monumental.<\/p>\n\n\n\n<p>La instituci\u00f3n policial reitera que se mantendr\u00e1 vigilante para dar fiel cumplimiento a las disposiciones legales establecidas en el pa\u00eds.<\/p>\n\n\n\n<p>policia nacional<a target=\"_blank\" href=\"mailto:npolicia14@gmail.com\" rel=\"noreferrer noopener\">npolicia14@gmail.com<\/a><\/p>\n\n\n\n<p><strong>OFICINA DE INFORMACION Y COMUNICACIONES ESTRATEGICAS, DIRECCION REGIONAL CIBAO.<\/strong><\/p>\n","protected":false},"excerpt":{"rendered":"<p>El accionar&nbsp;&nbsp;fue enfocado contra todos aquellos establecimientos que violaban las disposiciones medioambientales, generando contaminaci\u00f3n s\u00f3nica, afirm\u00f3 la PN. Santiago de los Caballeros, 10 de marzo 2022.-La Direcci\u00f3n Regional Cibao Central de la Polic\u00eda Nacional no mantiene hostigamiento en contra de ning\u00fan negocio establecido en el \u00e1rea monumental de Santiago. En un comunicado de prensa afirm\u00f3 [&hellip;]<\/p>\n","protected":false},"author":28,"featured_media":337758,"comment_status":"closed","ping_status":"","sticky":true,"template":"","format":"standard","meta":{"footnotes":""},"categories":[29,27],"tags":[],"class_list":["post-337757","post","type-post","status-publish","format-standard","has-post-thumbnail","hentry","category-policiasucesos","category-portada"],"_links":{"self":[{"href":"https:\/\/diariodominicano.com\/index.php?rest_route=\/wp\/v2\/posts\/337757","targetHints":{"allow":["GET"]}}],"collection":[{"href":"https:\/\/diariodominicano.com\/index.php?rest_route=\/wp\/v2\/posts"}],"about":[{"href":"https:\/\/diariodominicano.com\/index.php?rest_route=\/wp\/v2\/types\/post"}],"author":[{"embeddable":true,"href":"https:\/\/diariodominicano.com\/index.php?rest_route=\/wp\/v2\/users\/28"}],"replies":[{"embeddable":true,"href":"https:\/\/diariodominicano.com\/index.php?rest_route=%2Fwp%2Fv2%2Fcomments&post=337757"}],"version-history":[{"count":2,"href":"https:\/\/diariodominicano.com\/index.php?rest_route=\/wp\/v2\/posts\/337757\/revisions"}],"predecessor-version":[{"id":337760,"href":"https:\/\/diariodominicano.com\/index.php?rest_route=\/wp\/v2\/posts\/337757\/revisions\/337760"}],"wp:featuredmedia":[{"embeddable":true,"href":"https:\/\/diariodominicano.com\/index.php?rest_route=\/wp\/v2\/media\/337758"}],"wp:attachment":[{"href":"https:\/\/diariodominicano.com\/index.php?rest_route=%2Fwp%2Fv2%2Fmedia&parent=337757"}],"wp:term":[{"taxonomy":"category","embeddable":true,"href":"https:\/\/diariodominicano.com\/index.php?rest_route=%2Fwp%2Fv2%2Fcategories&post=337757"},{"taxonomy":"post_tag","embeddable":true,"href":"https:\/\/diariodominicano.com\/index.php?rest_route=%2Fwp%2Fv2%2Ftags&post=337757"}],"curies":[{"name":"wp","href":"https:\/\/api.w.org\/{rel}","templated":true}]}}