{"id":33772,"date":"2009-07-22T01:38:18","date_gmt":"2009-07-22T01:38:18","guid":{"rendered":"http:\/\/diariodominicano.ddns.net\/?p=33772"},"modified":"2009-07-22T01:38:18","modified_gmt":"2009-07-22T01:38:18","slug":"don-guillermo-leon-asencio","status":"publish","type":"post","link":"https:\/\/diariodominicano.com\/?p=33772","title":{"rendered":"Don Guillermo Le\u00f3n Asencio"},"content":{"rendered":"<p><body><\/p>\n<p><span class=\"text1noticias\">Editorial tomado del peri\u00f3dico List\u00edn Diario<\/span><\/p>\n<\/p>\n<p><span class=\"text1noticias\">La familia Le\u00f3n Asencio ha sufrido otra irreparable p\u00e9rdida, este a\u00f1o, con el fallecimiento el domingo en la noche en Nueva York de uno de sus pilares miembros: don Guillermo Le\u00f3n Asencio.<\/span><\/p>\n<\/p>\n<p><span class=\"text1noticias\">Su gran papel dentro del conjunto de Empresas Le\u00f3n Jimenes fue el de estructurar los mejores recursos humanos para que, en las distintas \u00e1reas de producci\u00f3n que forman sus marcas, respondieran a las exigencias de la gesti\u00f3n moderna.<\/span><\/p>\n<\/p>\n<p><span class=\"text1noticias\">Este rol lo acerc\u00f3 sobremanera al activo m\u00e1s importante de las empresas, su gente, que pudo admirar en \u00e9l un rasgo sine qua non en todos sus hermanos: el trato cortes y respetuoso, la humildad y la vocaci\u00f3n hacia la solidaridad y el esp\u00edritu de trabajo sin dobleces.<\/span><\/p>\n<\/p>\n<p><span class=\"text1noticias\">Sus otros dos hermanos fenecidos, Eduardo y Fernando, han sido reconocidos por esas virtudes, tanto como la sociedad lo hizo con Guillermo y lo hace con don Jos\u00e9 A. Le\u00f3n Asencio, en cuyos hombros y los otros descendientes recae ahora todo el peso de la conducci\u00f3n del grupo empresarial m\u00e1s admirado del pa\u00eds en los \u00faltimos tiempos.<\/span><\/p>\n<\/p>\n<p><span class=\"text1noticias\">Gracias a la visi\u00f3n de los cuatro hermanos ejecutivos, las empresas que dirigieron han alcanzado ya un nivel de consolidaci\u00f3n y presencia en los mercados nacionales y extranjeros, y semejante contribuci\u00f3n al desarrollo nacional es la mejor prenda de orgullo que por siempre marcar\u00e1 a esa familia trabajadora y querida.<\/span><\/p>\n<\/p>\n<p><span class=\"text1noticias\">Nos unimos al duelo que provoca la desaparici\u00f3n de don Guillermo, una persona que cosech\u00f3 afectos y admiraci\u00f3n, y extendemos nuestro m\u00e1s sentido pesar a su viuda, sus hijos, a sus dem\u00e1s hermanos y a todos los que fueron sus asistentes y compa\u00f1eros en las empresas Le\u00f3n Jimenes.<\/span><\/p>\n<p><span class=\"text1noticias\">Deseamos paz a sus restos.<\/span><\/p>\n<h6> 2009-07-22 01:38:18 <\/h6>\n<p><!--\n<link rel=\"stylesheet\" href=\"css\/bootstrap.min.css\">\n\n\n<ul class=\"pagination\">\n\t    \n\t\n\n<li >\n\t<a href='?page_no=220'>Previous<\/a>\n\t<\/li>\n\n\n       \n    \n\n<li><a href='?page_no=1'>1<\/a><\/li>\n\n\n\n<li><a href='?page_no=2'>2<\/a><\/li>\n\n\n\n<li><a>...<\/a><\/li>\n\n\n\n<li><a href='?page_no=219'>219<\/a><\/li>\n\n\n\n<li><a href='?page_no=220'>220<\/a><\/li>\n\n\n\n<li class='active'><a>221<\/a><\/li>\n\n\n\n<li><a href='?page_no=222'>222<\/a><\/li>\n\n\n\n<li><a href='?page_no=223'>223<\/a><\/li>\n\n\n\n<li><a>...<\/a><\/li>\n\n\n\n<li><a href='?page_no=242'>242<\/a><\/li>\n\n\n\n<li><a href='?page_no=243'>243<\/a><\/li>\n\n    \n\t\n\n<li >\n\t<a href='?page_no=222'>Next<\/a>\n\t<\/li>\n\n\n    \n\n<li><a href='?page_no=243'>Last &rsaquo;&rsaquo;<\/a><\/li>\n\n<\/ul>\n\n\n--><br \/>\n<\/body><\/p>\n","protected":false},"excerpt":{"rendered":"<p>Editorial tomado del peri\u00f3dico List\u00edn Diario La familia Le\u00f3n Asencio ha sufrido otra irreparable p\u00e9rdida, este a\u00f1o, con el fallecimiento el domingo en la noche en Nueva York de uno de sus pilares miembros: don Guillermo Le\u00f3n Asencio. Su gran papel dentro del conjunto de Empresas Le\u00f3n Jimenes fue el de estructurar los mejores recursos [&hellip;]<\/p>\n","protected":false},"author":3,"featured_media":0,"comment_status":"open","ping_status":"open","sticky":false,"template":"","format":"standard","meta":{"footnotes":""},"categories":[1],"tags":[],"class_list":["post-33772","post","type-post","status-publish","format-standard","hentry","category-editorial"],"_links":{"self":[{"href":"https:\/\/diariodominicano.com\/index.php?rest_route=\/wp\/v2\/posts\/33772","targetHints":{"allow":["GET"]}}],"collection":[{"href":"https:\/\/diariodominicano.com\/index.php?rest_route=\/wp\/v2\/posts"}],"about":[{"href":"https:\/\/diariodominicano.com\/index.php?rest_route=\/wp\/v2\/types\/post"}],"author":[{"embeddable":true,"href":"https:\/\/diariodominicano.com\/index.php?rest_route=\/wp\/v2\/users\/3"}],"replies":[{"embeddable":true,"href":"https:\/\/diariodominicano.com\/index.php?rest_route=%2Fwp%2Fv2%2Fcomments&post=33772"}],"version-history":[{"count":0,"href":"https:\/\/diariodominicano.com\/index.php?rest_route=\/wp\/v2\/posts\/33772\/revisions"}],"wp:attachment":[{"href":"https:\/\/diariodominicano.com\/index.php?rest_route=%2Fwp%2Fv2%2Fmedia&parent=33772"}],"wp:term":[{"taxonomy":"category","embeddable":true,"href":"https:\/\/diariodominicano.com\/index.php?rest_route=%2Fwp%2Fv2%2Fcategories&post=33772"},{"taxonomy":"post_tag","embeddable":true,"href":"https:\/\/diariodominicano.com\/index.php?rest_route=%2Fwp%2Fv2%2Ftags&post=33772"}],"curies":[{"name":"wp","href":"https:\/\/api.w.org\/{rel}","templated":true}]}}