{"id":33771,"date":"2009-07-22T01:42:32","date_gmt":"2009-07-22T01:42:32","guid":{"rendered":"http:\/\/diariodominicano.ddns.net\/?p=33771"},"modified":"2009-07-22T01:42:32","modified_gmt":"2009-07-22T01:42:32","slug":"atencion-para-san-jose-de-ocoa","status":"publish","type":"post","link":"https:\/\/diariodominicano.com\/?p=33771","title":{"rendered":"Atenci\u00f3n para San Jos\u00e9 de Ocoa"},"content":{"rendered":"<p><body><\/p>\n<p><span class=\"text1noticias\">Editorial tomado del peri\u00f3dico Hoy<\/span><\/p>\n<\/p>\n<p><span class=\"text1noticias\">Los habitantes de San Jos\u00e9 de Ocoa tienen justificados temores de quedar aislados. Esta laboriosa comunidad, rodeada de monta\u00f1as, ha padecido aislamiento por da\u00f1os a las v\u00edas terrestres provocados por las lluvias. El mal estado en que se encuentran muchas carreteras y caminos dificulta el transporte de la importante producci\u00f3n agropecuaria de la zona. Los ocoe\u00f1os no quieren ni pensar en la posibilidad de que una racha de lluvias acabe de destruir las v\u00edas terrestres m\u00e1s importantes. <\/span><\/p>\n<\/p>\n<p><span class=\"text1noticias\">Algo que justifica sus temores es que la temporada cicl\u00f3nica est\u00e1 entrando en la fase en que abundan las tormentas, las lluvias torrenciales, los desbordamientos de r\u00edos y los derrumbes.<\/span><\/p>\n<p><span class=\"text1noticias\">El sacerdote  Domingo Sobejko, presidente de la Asociaci\u00f3n de Desarrollo  de San Jos\u00e9 de Ocoa (Adesjo), afirma que la empresa que trabajaba en el desv\u00edo de la carretera principal, en el tramo que se derrumb\u00f3 durante el paso de la tormenta Noel, en el 2007,  ha retirado sus equipos. Esto hace pensar que los trabajos no ser\u00edan reanudados en el corto plazo. <\/span><\/p>\n<\/p>\n<p><span class=\"text1noticias\">Si llueve de manera abundante, el deterioro actual de las v\u00edas empeorar\u00e1 y es casi seguro que lo que vendr\u00e1 es el aislamiento. Nada se ha vuelto a decir de la construcci\u00f3n de la carretera principal, que fue prometida por el Gobierno. Nos parece que  Ocoa merece que el Gobierno vaya en su auxilio  para atenuar los justificados temores de sus habitantes.<\/span><\/p>\n<\/p>\n<p><span class=\"text1noticias\">R\u00e1pido, que el tiempo apremia<\/span><\/p>\n<p><span class=\"text1noticias\">La Organizaci\u00f3n de Estados Americanos (OEA) est\u00e1 obligada a dar un paso decisivo hacia una soluci\u00f3n pac\u00edfica en Honduras. Eso, claro est\u00e1, implica, por necesidad, la salida del poder de quienes lo usurpan tras desplazar al Presidente constitucional. Los autores del golpe no pueden salirse con la suya qued\u00e1ndose en el poder usurpado, y tampoco se debe esperar que la poblaci\u00f3n intente desalojarlos por la fuerza.<\/span><\/p>\n<\/p>\n<p><span class=\"text1noticias\">En varios pa\u00edses centroamericanos el golpismo ha obligado a los pueblos a adoptar  soluciones fratricidas. Esa es la historia de Nicaragua, El Salvador y Guatemala, fronterizos con Honduras. La OEA debe  hacer valer la resoluci\u00f3n que dispone la restituci\u00f3n del orden interrumpido. Debe hacerlo antes de que las circunstancias pongan las armas en manos de una poblaci\u00f3n civil  cada vez m\u00e1s irritada. No imponer  a tiempo una salida pac\u00edfica sentar\u00eda, en este siglo, un terrible precedente de dominio del poder f\u00e1ctico sobre el institucional.<\/span><\/p>\n<h6> 2009-07-22 01:42:32 <\/h6>\n<p><!--\n<link rel=\"stylesheet\" href=\"css\/bootstrap.min.css\">\n\n\n<ul class=\"pagination\">\n\t    \n\t\n\n<li >\n\t<a href='?page_no=219'>Previous<\/a>\n\t<\/li>\n\n\n       \n    \n\n<li><a href='?page_no=1'>1<\/a><\/li>\n\n\n\n<li><a href='?page_no=2'>2<\/a><\/li>\n\n\n\n<li><a>...<\/a><\/li>\n\n\n\n<li><a href='?page_no=218'>218<\/a><\/li>\n\n\n\n<li><a href='?page_no=219'>219<\/a><\/li>\n\n\n\n<li class='active'><a>220<\/a><\/li>\n\n\n\n<li><a href='?page_no=221'>221<\/a><\/li>\n\n\n\n<li><a href='?page_no=222'>222<\/a><\/li>\n\n\n\n<li><a>...<\/a><\/li>\n\n\n\n<li><a href='?page_no=242'>242<\/a><\/li>\n\n\n\n<li><a href='?page_no=243'>243<\/a><\/li>\n\n    \n\t\n\n<li >\n\t<a href='?page_no=221'>Next<\/a>\n\t<\/li>\n\n\n    \n\n<li><a href='?page_no=243'>Last &rsaquo;&rsaquo;<\/a><\/li>\n\n<\/ul>\n\n\n--><br \/>\n<\/body><\/p>\n","protected":false},"excerpt":{"rendered":"<p>Editorial tomado del peri\u00f3dico Hoy Los habitantes de San Jos\u00e9 de Ocoa tienen justificados temores de quedar aislados. Esta laboriosa comunidad, rodeada de monta\u00f1as, ha padecido aislamiento por da\u00f1os a las v\u00edas terrestres provocados por las lluvias. El mal estado en que se encuentran muchas carreteras y caminos dificulta el transporte de la importante producci\u00f3n [&hellip;]<\/p>\n","protected":false},"author":3,"featured_media":0,"comment_status":"open","ping_status":"open","sticky":false,"template":"","format":"standard","meta":{"footnotes":""},"categories":[1],"tags":[],"class_list":["post-33771","post","type-post","status-publish","format-standard","hentry","category-editorial"],"_links":{"self":[{"href":"https:\/\/diariodominicano.com\/index.php?rest_route=\/wp\/v2\/posts\/33771","targetHints":{"allow":["GET"]}}],"collection":[{"href":"https:\/\/diariodominicano.com\/index.php?rest_route=\/wp\/v2\/posts"}],"about":[{"href":"https:\/\/diariodominicano.com\/index.php?rest_route=\/wp\/v2\/types\/post"}],"author":[{"embeddable":true,"href":"https:\/\/diariodominicano.com\/index.php?rest_route=\/wp\/v2\/users\/3"}],"replies":[{"embeddable":true,"href":"https:\/\/diariodominicano.com\/index.php?rest_route=%2Fwp%2Fv2%2Fcomments&post=33771"}],"version-history":[{"count":0,"href":"https:\/\/diariodominicano.com\/index.php?rest_route=\/wp\/v2\/posts\/33771\/revisions"}],"wp:attachment":[{"href":"https:\/\/diariodominicano.com\/index.php?rest_route=%2Fwp%2Fv2%2Fmedia&parent=33771"}],"wp:term":[{"taxonomy":"category","embeddable":true,"href":"https:\/\/diariodominicano.com\/index.php?rest_route=%2Fwp%2Fv2%2Fcategories&post=33771"},{"taxonomy":"post_tag","embeddable":true,"href":"https:\/\/diariodominicano.com\/index.php?rest_route=%2Fwp%2Fv2%2Ftags&post=33771"}],"curies":[{"name":"wp","href":"https:\/\/api.w.org\/{rel}","templated":true}]}}