{"id":33768,"date":"2009-11-02T18:36:43","date_gmt":"2009-11-02T18:36:43","guid":{"rendered":"http:\/\/diariodominicano.ddns.net\/?p=33768"},"modified":"2009-11-02T18:36:43","modified_gmt":"2009-11-02T18:36:43","slug":"el-pastor-de-la-sierra","status":"publish","type":"post","link":"https:\/\/diariodominicano.com\/?p=33768","title":{"rendered":"El pastor de la sierra"},"content":{"rendered":"<p><body><\/p>\n<p><span class=\"text1noticias\">&#8211; 11\/2\/2009<\/span><\/p>\n<\/p>\n<p><span class=\"text1noticias\">Tomado de List\u00edn Diario<\/span><\/p>\n<\/p>\n<p><span class=\"text1noticias\">Monse\u00f1or Roque Adames fue un verdadero pastor de la sierra.<\/span><\/p>\n<\/p>\n<p><span class=\"text1noticias\">En las aldeas de las monta\u00f1as de su di\u00f3cesis est\u00e1n las huellas de su misi\u00f3n, tanto en la siembra de la fe como de la educaci\u00f3n de los m\u00e1s pobres.<\/span><\/p>\n<\/p>\n<p><span class=\"text1noticias\">De largo ejercicio como obispo de Santiago quedan, entre sus obras sobresalientes, los grupos organizados de campesinos, la formaci\u00f3n intensiva de los laicos y su fruct\u00edfero rectorado en la Universidad Cat\u00f3lica Madre y Maestra.<\/span><\/p>\n<\/p>\n<p><span class=\"text1noticias\">Dirigi\u00f3 el Plan Sierra desde el cual foment\u00f3 no s\u00f3lo la reforestaci\u00f3n de amplias zonas que en el pasado hab\u00edan sido los principales centros madereros del pa\u00eds, sino la educaci\u00f3n ambiental y la t\u00e9cnica para que los campesinos sacaran mejor provecho a sus recursos.<\/span><\/p>\n<\/p>\n<p><span class=\"text1noticias\">Retirado hace varios a\u00f1os a consecuencia de problemas de salud, la Iglesia le rindi\u00f3 un homenaje de reconocimiento a sus a\u00f1os de pastor, oportunidad en la cual se pusieron de relieve sus extraordinarias cualidades como servidor de Cristo, como aut\u00e9ntico dominicano y como un s\u00f3lido intelectual y pensador.<\/span><\/p>\n<\/p>\n<p><span class=\"text1noticias\">Sin perder nunca su gracia ?cibae\u00f1a?, monse\u00f1or Adames fue siempre un obispo de pueblo, un amigo de los humildes, un consejero amable, un animador de obreros, un gran maestro y comunicador, en pocas palabras, un pastor de la sierra admirado por todo el pa\u00eds.<\/span><\/p>\n<\/p>\n<p><span class=\"text1noticias\">Su muerte ha sido una gran p\u00e9rdida para los que lo respetaron y aprendieron sus ense\u00f1anzas cristianas, pero una gran ganancia para el Reino de los Cielos.<\/span><\/p>\n<p><span class=\"text1noticias\"> \t<\/span><\/p>\n<\/p>\n<h6> 2009-11-02 18:36:43 <\/h6>\n<p><!--\n<link rel=\"stylesheet\" href=\"css\/bootstrap.min.css\">\n\n\n<ul class=\"pagination\">\n\t    \n\t\n\n<li >\n\t<a href='?page_no=217'>Previous<\/a>\n\t<\/li>\n\n\n       \n    \n\n<li><a href='?page_no=1'>1<\/a><\/li>\n\n\n\n<li><a href='?page_no=2'>2<\/a><\/li>\n\n\n\n<li><a>...<\/a><\/li>\n\n\n\n<li><a href='?page_no=216'>216<\/a><\/li>\n\n\n\n<li><a href='?page_no=217'>217<\/a><\/li>\n\n\n\n<li class='active'><a>218<\/a><\/li>\n\n\n\n<li><a href='?page_no=219'>219<\/a><\/li>\n\n\n\n<li><a href='?page_no=220'>220<\/a><\/li>\n\n\n\n<li><a>...<\/a><\/li>\n\n\n\n<li><a href='?page_no=242'>242<\/a><\/li>\n\n\n\n<li><a href='?page_no=243'>243<\/a><\/li>\n\n    \n\t\n\n<li >\n\t<a href='?page_no=219'>Next<\/a>\n\t<\/li>\n\n\n    \n\n<li><a href='?page_no=243'>Last &rsaquo;&rsaquo;<\/a><\/li>\n\n<\/ul>\n\n\n--><br \/>\n<\/body><\/p>\n","protected":false},"excerpt":{"rendered":"<p>&#8211; 11\/2\/2009 Tomado de List\u00edn Diario Monse\u00f1or Roque Adames fue un verdadero pastor de la sierra. En las aldeas de las monta\u00f1as de su di\u00f3cesis est\u00e1n las huellas de su misi\u00f3n, tanto en la siembra de la fe como de la educaci\u00f3n de los m\u00e1s pobres. De largo ejercicio como obispo de Santiago quedan, entre [&hellip;]<\/p>\n","protected":false},"author":3,"featured_media":0,"comment_status":"open","ping_status":"open","sticky":false,"template":"","format":"standard","meta":{"footnotes":""},"categories":[1],"tags":[],"class_list":["post-33768","post","type-post","status-publish","format-standard","hentry","category-editorial"],"_links":{"self":[{"href":"https:\/\/diariodominicano.com\/index.php?rest_route=\/wp\/v2\/posts\/33768","targetHints":{"allow":["GET"]}}],"collection":[{"href":"https:\/\/diariodominicano.com\/index.php?rest_route=\/wp\/v2\/posts"}],"about":[{"href":"https:\/\/diariodominicano.com\/index.php?rest_route=\/wp\/v2\/types\/post"}],"author":[{"embeddable":true,"href":"https:\/\/diariodominicano.com\/index.php?rest_route=\/wp\/v2\/users\/3"}],"replies":[{"embeddable":true,"href":"https:\/\/diariodominicano.com\/index.php?rest_route=%2Fwp%2Fv2%2Fcomments&post=33768"}],"version-history":[{"count":0,"href":"https:\/\/diariodominicano.com\/index.php?rest_route=\/wp\/v2\/posts\/33768\/revisions"}],"wp:attachment":[{"href":"https:\/\/diariodominicano.com\/index.php?rest_route=%2Fwp%2Fv2%2Fmedia&parent=33768"}],"wp:term":[{"taxonomy":"category","embeddable":true,"href":"https:\/\/diariodominicano.com\/index.php?rest_route=%2Fwp%2Fv2%2Fcategories&post=33768"},{"taxonomy":"post_tag","embeddable":true,"href":"https:\/\/diariodominicano.com\/index.php?rest_route=%2Fwp%2Fv2%2Ftags&post=33768"}],"curies":[{"name":"wp","href":"https:\/\/api.w.org\/{rel}","templated":true}]}}