{"id":337664,"date":"2022-03-10T21:24:44","date_gmt":"2022-03-11T01:24:44","guid":{"rendered":"http:\/\/diariodominicano.com\/?p=337664"},"modified":"2022-03-10T21:26:57","modified_gmt":"2022-03-11T01:26:57","slug":"ruben-garcia-es-nombrado-en-el-comite-de-asociaciones-de-concacaf","status":"publish","type":"post","link":"https:\/\/diariodominicano.com\/?p=337664","title":{"rendered":"Rub\u00e9n Garc\u00eda es nombrado en el Comit\u00e9 de Asociaciones de Concacaf"},"content":{"rendered":"\n<p> Rub\u00e9n Garc\u00eda Cipri\u00e1n junto a Phillipe Moggio, secretario general<br>de Concacaf.&nbsp; <\/p>\n\n\n\n<p>SANTO DOMINGO, RD.- La Confederaci\u00f3n de Norte, Centroam\u00e9rica y El Caribe (Concacaf) nombr\u00f3 al presidente de la Federaci\u00f3n Dominicana de F\u00fatbol, Rub\u00e9n Garc\u00eda Cipri\u00e1n, como uno de los miembros del Comit\u00e9 de Asociaciones de la Concacaf.<\/p>\n\n\n\n<p>El Comit\u00e9 de Asociaciones es uno de los nueve Comit\u00e9s Permanentes de la confederaci\u00f3n y est\u00e1 enfocado&nbsp;en la relaci\u00f3n entre la confederaci\u00f3n y sus Asociaciones Miembro, as\u00ed como incorporar propuestas para una \u00f3ptima cooperaci\u00f3n en toda la regi\u00f3n.<\/p>\n\n\n\n<figure class=\"wp-block-image size-full\"><img loading=\"lazy\" decoding=\"async\" width=\"720\" height=\"440\" src=\"https:\/\/diariodominicano.com\/wp-content\/uploads\/2022\/03\/Ruben-Garcia-junto-a-Gianni-Infantino-y-Phillipe-Moggio.jpg\" alt=\"\" class=\"wp-image-337667\" srcset=\"https:\/\/diariodominicano.com\/wp-content\/uploads\/2022\/03\/Ruben-Garcia-junto-a-Gianni-Infantino-y-Phillipe-Moggio.jpg 720w, https:\/\/diariodominicano.com\/wp-content\/uploads\/2022\/03\/Ruben-Garcia-junto-a-Gianni-Infantino-y-Phillipe-Moggio-300x183.jpg 300w\" sizes=\"auto, (max-width: 720px) 100vw, 720px\" \/><\/figure>\n\n\n\n<p>  Rub\u00e9n Garc\u00eda junto a Gianni Infantino (presidente de FIFA) y<br>Phillipe Moggio. <\/p>\n\n\n\n<p>\u201cM\u00e1s que un agradecimiento a mi persona, es un reconocimiento al pa\u00eds por la manera como viene desarrollando el f\u00fatbol en estos \u00faltimos dos a\u00f1os. Y por supuesto que acepto este nuevo nombramiento con dedicaci\u00f3n y empe\u00f1o, para lograr los objetivos y contribuir a hacer de esta una mejor confederaci\u00f3n\u201d, expres\u00f3 Garc\u00eda.<\/p>\n\n\n\n<p>La comunicaci\u00f3n lleg\u00f3 al despacho del presidente Garc\u00eda procedente desde Miami, sede de la Concacaf y firmado por el secretario general, Phillippe Moggio; con copia al jefe de legales, Bill Carvalho y al presidente de la oficina del presidente de la confederaci\u00f3n, Marco Leal.<\/p>\n\n\n\n<p>Fedofutbol Prensa<a target=\"_blank\" href=\"mailto:fedofutbolprensa2019@gmail.com\" rel=\"noreferrer noopener\">fedofutbolprensa2019@gmail.com<\/a><\/p>\n\n\n\n<p><\/p>\n\n\n\n<p><\/p>\n\n\n\n<p>PRENSA FEDOFUTBOL&nbsp;<\/p>\n","protected":false},"excerpt":{"rendered":"<p>Rub\u00e9n Garc\u00eda Cipri\u00e1n junto a Phillipe Moggio, secretario generalde Concacaf.&nbsp; SANTO DOMINGO, RD.- La Confederaci\u00f3n de Norte, Centroam\u00e9rica y El Caribe (Concacaf) nombr\u00f3 al presidente de la Federaci\u00f3n Dominicana de F\u00fatbol, Rub\u00e9n Garc\u00eda Cipri\u00e1n, como uno de los miembros del Comit\u00e9 de Asociaciones de la Concacaf. El Comit\u00e9 de Asociaciones es uno de los nueve [&hellip;]<\/p>\n","protected":false},"author":28,"featured_media":337665,"comment_status":"closed","ping_status":"","sticky":true,"template":"","format":"standard","meta":{"footnotes":""},"categories":[17,27],"tags":[],"class_list":["post-337664","post","type-post","status-publish","format-standard","has-post-thumbnail","hentry","category-deportes","category-portada"],"_links":{"self":[{"href":"https:\/\/diariodominicano.com\/index.php?rest_route=\/wp\/v2\/posts\/337664","targetHints":{"allow":["GET"]}}],"collection":[{"href":"https:\/\/diariodominicano.com\/index.php?rest_route=\/wp\/v2\/posts"}],"about":[{"href":"https:\/\/diariodominicano.com\/index.php?rest_route=\/wp\/v2\/types\/post"}],"author":[{"embeddable":true,"href":"https:\/\/diariodominicano.com\/index.php?rest_route=\/wp\/v2\/users\/28"}],"replies":[{"embeddable":true,"href":"https:\/\/diariodominicano.com\/index.php?rest_route=%2Fwp%2Fv2%2Fcomments&post=337664"}],"version-history":[{"count":3,"href":"https:\/\/diariodominicano.com\/index.php?rest_route=\/wp\/v2\/posts\/337664\/revisions"}],"predecessor-version":[{"id":337670,"href":"https:\/\/diariodominicano.com\/index.php?rest_route=\/wp\/v2\/posts\/337664\/revisions\/337670"}],"wp:featuredmedia":[{"embeddable":true,"href":"https:\/\/diariodominicano.com\/index.php?rest_route=\/wp\/v2\/media\/337665"}],"wp:attachment":[{"href":"https:\/\/diariodominicano.com\/index.php?rest_route=%2Fwp%2Fv2%2Fmedia&parent=337664"}],"wp:term":[{"taxonomy":"category","embeddable":true,"href":"https:\/\/diariodominicano.com\/index.php?rest_route=%2Fwp%2Fv2%2Fcategories&post=337664"},{"taxonomy":"post_tag","embeddable":true,"href":"https:\/\/diariodominicano.com\/index.php?rest_route=%2Fwp%2Fv2%2Ftags&post=337664"}],"curies":[{"name":"wp","href":"https:\/\/api.w.org\/{rel}","templated":true}]}}