{"id":337657,"date":"2022-03-10T21:19:57","date_gmt":"2022-03-11T01:19:57","guid":{"rendered":"http:\/\/diariodominicano.com\/?p=337657"},"modified":"2022-03-10T21:20:56","modified_gmt":"2022-03-11T01:20:56","slug":"rd-jugara-dos-finales-manana-viernes-en-los-torneos-jdc-y-bjk","status":"publish","type":"post","link":"https:\/\/diariodominicano.com\/?p=337657","title":{"rendered":"RD jugar\u00e1 dos finales ma\u00f1ana viernes en los torneos JDC y BJK"},"content":{"rendered":"\n<p> El dominicano Alberto Puello en acci\u00f3n en el torneo\u00a0Junior Davis Cup\u00a0By BNP Paribas.\u00a0 <\/p>\n\n\n\n<p>SANTO DOMINGO, RD.- La selecciones de la Rep\u00fablica Dominicana U16, tanto en masculino como en femenino avanzaron a la serie final de los torneos\u00a0Junior Davis Cup\u00a0By BNP Paribas\u00a0(JDC) y Junior Billie Jean King Cup (BJK), que se juegan desde este domingo y concluye este viernes en el Parque del Este con 15 equipos varones y 10 hembras.<\/p>\n\n\n\n<p>M\u00e1s de 70 tenistas de los pa\u00edses Bahamas, Guatemala, Santa Luc\u00eda, Trinidad y Tobago, Honduras, Panam\u00e1, El Salvador, Puerto Rico, Jamaica, Islas V\u00edrgenes de los Estados Unidos, Costa Rica, Surinam, Barbados, Aruba y el anfitri\u00f3n Rep\u00fablica Dominicana participan en la justa.<\/p>\n\n\n\n<figure class=\"wp-block-image size-large\"><img loading=\"lazy\" decoding=\"async\" width=\"1024\" height=\"834\" src=\"https:\/\/diariodominicano.com\/wp-content\/uploads\/2022\/03\/Jossting-Cruz-hace-el-saque-figura-Paul-Vega-del-equipo-dominicano.--1024x834.jpeg\" alt=\"\" class=\"wp-image-337659\" srcset=\"https:\/\/diariodominicano.com\/wp-content\/uploads\/2022\/03\/Jossting-Cruz-hace-el-saque-figura-Paul-Vega-del-equipo-dominicano.--1024x834.jpeg 1024w, https:\/\/diariodominicano.com\/wp-content\/uploads\/2022\/03\/Jossting-Cruz-hace-el-saque-figura-Paul-Vega-del-equipo-dominicano.--300x244.jpeg 300w, https:\/\/diariodominicano.com\/wp-content\/uploads\/2022\/03\/Jossting-Cruz-hace-el-saque-figura-Paul-Vega-del-equipo-dominicano.--768x626.jpeg 768w, https:\/\/diariodominicano.com\/wp-content\/uploads\/2022\/03\/Jossting-Cruz-hace-el-saque-figura-Paul-Vega-del-equipo-dominicano.--816x665.jpeg 816w, https:\/\/diariodominicano.com\/wp-content\/uploads\/2022\/03\/Jossting-Cruz-hace-el-saque-figura-Paul-Vega-del-equipo-dominicano.-.jpeg 1280w\" sizes=\"auto, (max-width: 1024px) 100vw, 1024px\" \/><\/figure>\n\n\n\n<p> Jossting Cruz al saque, figura Paul Vega, del equipo dominicano.\u00a0\u00a0<\/p>\n\n\n\n<p> El equipo de varones de la Rep\u00fablica Dominicana venci\u00f3 este jueves por 3-0, a su similar de Guatemala. Se enfrentan este viernes ante Costa Rica.<\/p>\n\n\n\n<p>Los dos sencillos fueron ganados por Jossting Cruz, quien venci\u00f3 por 6-0 y 6-1 a su similar de Carlos Ram\u00edrez, de Guatemala. Mientras que Alberto Puello en un duelo a tres sets le gan\u00f3 a Rafael Botran 7-6 (6), 3-6 y 6-4.<\/p>\n\n\n\n<p>En dobles, Puello se uni\u00f3 a su compa\u00f1ero Paul Vega, quienes vencieron a Botran y Ram\u00edrez por 6-0 y 7-5.<\/p>\n\n\n\n<p>Las chicas Mar\u00eda Gell, Mar\u00eda Casta\u00f1o y Rosario Elm\u00fadesi, quienes ganaron sus cuatro series corridas por 3-0, sobre Bahamas, Santa Luc\u00eda, Trinidad y Tobago y Costa Rica, jugar\u00e1n la final ante el equipo de Guatemala.<\/p>\n\n\n\n<p>Ambos torneos son U16 y se juegan en el Parque del Este, desde las 9 de la ma\u00f1ana totalmente gratis.<\/p>\n\n\n\n<p>Sergio Tobal es el director del evento, Julio Mairena es el supervisor del torneo de la ITF.<\/p>\n\n\n\n<p>Los ganadores de cada torneo representan a la zona de Cotecc, que m\u00e1s adelante chocan con tenistas de Estados Unidos, M\u00e9xico y Canad\u00e1.<\/p>\n\n\n\n<p>Patrocinan el evento El Nuevo Diario, Transporte Sheila, Creso, Vilas Tennis Academy, ITF y Wilson..<\/p>\n\n\n\n<p>Federacion Dominicana de Tenis Fedotenis<a rel=\"noreferrer noopener\" target=\"_blank\" href=\"mailto:prensafedotenis@gmail.com\">prensafedotenis@gmail.com<\/a><\/p>\n\n\n\n<p><\/p>\n","protected":false},"excerpt":{"rendered":"<p>El dominicano Alberto Puello en acci\u00f3n en el torneo\u00a0Junior Davis Cup\u00a0By BNP Paribas.\u00a0 SANTO DOMINGO, RD.- La selecciones de la Rep\u00fablica Dominicana U16, tanto en masculino como en femenino avanzaron a la serie final de los torneos\u00a0Junior Davis Cup\u00a0By BNP Paribas\u00a0(JDC) y Junior Billie Jean King Cup (BJK), que se juegan desde este domingo y [&hellip;]<\/p>\n","protected":false},"author":28,"featured_media":337658,"comment_status":"closed","ping_status":"","sticky":true,"template":"","format":"standard","meta":{"footnotes":""},"categories":[17,27],"tags":[],"class_list":["post-337657","post","type-post","status-publish","format-standard","has-post-thumbnail","hentry","category-deportes","category-portada"],"_links":{"self":[{"href":"https:\/\/diariodominicano.com\/index.php?rest_route=\/wp\/v2\/posts\/337657","targetHints":{"allow":["GET"]}}],"collection":[{"href":"https:\/\/diariodominicano.com\/index.php?rest_route=\/wp\/v2\/posts"}],"about":[{"href":"https:\/\/diariodominicano.com\/index.php?rest_route=\/wp\/v2\/types\/post"}],"author":[{"embeddable":true,"href":"https:\/\/diariodominicano.com\/index.php?rest_route=\/wp\/v2\/users\/28"}],"replies":[{"embeddable":true,"href":"https:\/\/diariodominicano.com\/index.php?rest_route=%2Fwp%2Fv2%2Fcomments&post=337657"}],"version-history":[{"count":2,"href":"https:\/\/diariodominicano.com\/index.php?rest_route=\/wp\/v2\/posts\/337657\/revisions"}],"predecessor-version":[{"id":337661,"href":"https:\/\/diariodominicano.com\/index.php?rest_route=\/wp\/v2\/posts\/337657\/revisions\/337661"}],"wp:featuredmedia":[{"embeddable":true,"href":"https:\/\/diariodominicano.com\/index.php?rest_route=\/wp\/v2\/media\/337658"}],"wp:attachment":[{"href":"https:\/\/diariodominicano.com\/index.php?rest_route=%2Fwp%2Fv2%2Fmedia&parent=337657"}],"wp:term":[{"taxonomy":"category","embeddable":true,"href":"https:\/\/diariodominicano.com\/index.php?rest_route=%2Fwp%2Fv2%2Fcategories&post=337657"},{"taxonomy":"post_tag","embeddable":true,"href":"https:\/\/diariodominicano.com\/index.php?rest_route=%2Fwp%2Fv2%2Ftags&post=337657"}],"curies":[{"name":"wp","href":"https:\/\/api.w.org\/{rel}","templated":true}]}}