{"id":33765,"date":"2010-07-23T18:25:13","date_gmt":"2010-07-23T18:25:13","guid":{"rendered":"http:\/\/diariodominicano.ddns.net\/?p=33765"},"modified":"2010-07-23T18:25:13","modified_gmt":"2010-07-23T18:25:13","slug":"venezuela-y-colombia","status":"publish","type":"post","link":"https:\/\/diariodominicano.com\/?p=33765","title":{"rendered":"Venezuela y Colombia"},"content":{"rendered":"<p><body><\/p>\n<p><span class=\"text1noticias\">Venezuela y Colombia son dos pueblos hermanos. Venezuela  y Colombia  son dos pueblos unidos por  la sangre, la cultura y el patriotismo.<\/span><\/p>\n<\/p>\n<p><span class=\"text1noticias\">Venezuela y Colombia son dos pueblos que comparten valores comunes.  Nunca se pueden distanciar. Tampoco interrumpir sus relaciones diplom\u00e1ticas y comerciales. Son dos pueblos expresi\u00f3n del legado  de Bol\u00edvar.<\/span><\/p>\n<\/p>\n<p><span class=\"text1noticias\">El \u00e1nimo del presidente Hugo Ch\u00e1vez cuando dijo: ?No nos queda a nosotros por dignidad m\u00e1s que romper totalmente las relaciones diplom\u00e1ticas con el hermano pa\u00eds, lo anuncio con una l\u00e1grima en el coraz\u00f3n\u00bb, tiene que mover las buenas voluntades de la Am\u00e9rica Latina y El Caribe, para impulsar una mediaci\u00f3n que retorne la normalidad y fortalezca las relaciones de Venezuela y Colombia. La lagrima que no pudo ocultar el presidente Ch\u00e1vez,  anticipa que la recuperaci\u00f3n de las buenas relaciones no ser\u00e1 dif\u00edcil. S\u00f3lo falta el espacio del di\u00e1logo.<\/span><\/p>\n<\/p>\n<p><span class=\"text1noticias\">Venezuela y Colombia necesitan la colaboraci\u00f3n de hombres y mujeres prudentes con la sabidur\u00eda que demanda el conflicto.  Como ha dicho el presidente dominicano Leonel Fern\u00e1ndez: ?Nunca es beneficioso (un pleito) entre nuestros pueblos: debemos buscar la forma de solucionar esos conflictos?.<\/span><\/p>\n<\/p>\n<p><span class=\"text1noticias\">Sugerimos se forme una comisi\u00f3n de mediaci\u00f3n  con el presidente Fern\u00e1ndez  y otros interlocutores v\u00e1lidos para los venezolanos y colombianos. De seguro crear\u00e1n el escenario para que los dos pa\u00edses se escuchen  y superen  las posiciones que distancian.<\/span><\/p>\n<\/p>\n<p><span class=\"text1noticias\">Venezuela y Colombia tienen que mantener relaciones de pa\u00edses hermanos. La posici\u00f3n contraria no es favorable para ninguno de los dos pa\u00edses.<\/span><\/p>\n<h6> 2010-07-23 18:25:13 <\/h6>\n<p><!--\n<link rel=\"stylesheet\" href=\"css\/bootstrap.min.css\">\n\n\n<ul class=\"pagination\">\n\t    \n\t\n\n<li >\n\t<a href='?page_no=214'>Previous<\/a>\n\t<\/li>\n\n\n       \n    \n\n<li><a href='?page_no=1'>1<\/a><\/li>\n\n\n\n<li><a href='?page_no=2'>2<\/a><\/li>\n\n\n\n<li><a>...<\/a><\/li>\n\n\n\n<li><a href='?page_no=213'>213<\/a><\/li>\n\n\n\n<li><a href='?page_no=214'>214<\/a><\/li>\n\n\n\n<li class='active'><a>215<\/a><\/li>\n\n\n\n<li><a href='?page_no=216'>216<\/a><\/li>\n\n\n\n<li><a href='?page_no=217'>217<\/a><\/li>\n\n\n\n<li><a>...<\/a><\/li>\n\n\n\n<li><a href='?page_no=242'>242<\/a><\/li>\n\n\n\n<li><a href='?page_no=243'>243<\/a><\/li>\n\n    \n\t\n\n<li >\n\t<a href='?page_no=216'>Next<\/a>\n\t<\/li>\n\n\n    \n\n<li><a href='?page_no=243'>Last &rsaquo;&rsaquo;<\/a><\/li>\n\n<\/ul>\n\n\n--><br \/>\n<\/body><\/p>\n","protected":false},"excerpt":{"rendered":"<p>Venezuela y Colombia son dos pueblos hermanos. Venezuela y Colombia son dos pueblos unidos por la sangre, la cultura y el patriotismo. Venezuela y Colombia son dos pueblos que comparten valores comunes. Nunca se pueden distanciar. Tampoco interrumpir sus relaciones diplom\u00e1ticas y comerciales. Son dos pueblos expresi\u00f3n del legado de Bol\u00edvar. El \u00e1nimo del presidente [&hellip;]<\/p>\n","protected":false},"author":3,"featured_media":0,"comment_status":"open","ping_status":"open","sticky":false,"template":"","format":"standard","meta":{"footnotes":""},"categories":[1],"tags":[],"class_list":["post-33765","post","type-post","status-publish","format-standard","hentry","category-editorial"],"_links":{"self":[{"href":"https:\/\/diariodominicano.com\/index.php?rest_route=\/wp\/v2\/posts\/33765","targetHints":{"allow":["GET"]}}],"collection":[{"href":"https:\/\/diariodominicano.com\/index.php?rest_route=\/wp\/v2\/posts"}],"about":[{"href":"https:\/\/diariodominicano.com\/index.php?rest_route=\/wp\/v2\/types\/post"}],"author":[{"embeddable":true,"href":"https:\/\/diariodominicano.com\/index.php?rest_route=\/wp\/v2\/users\/3"}],"replies":[{"embeddable":true,"href":"https:\/\/diariodominicano.com\/index.php?rest_route=%2Fwp%2Fv2%2Fcomments&post=33765"}],"version-history":[{"count":0,"href":"https:\/\/diariodominicano.com\/index.php?rest_route=\/wp\/v2\/posts\/33765\/revisions"}],"wp:attachment":[{"href":"https:\/\/diariodominicano.com\/index.php?rest_route=%2Fwp%2Fv2%2Fmedia&parent=33765"}],"wp:term":[{"taxonomy":"category","embeddable":true,"href":"https:\/\/diariodominicano.com\/index.php?rest_route=%2Fwp%2Fv2%2Fcategories&post=33765"},{"taxonomy":"post_tag","embeddable":true,"href":"https:\/\/diariodominicano.com\/index.php?rest_route=%2Fwp%2Fv2%2Ftags&post=33765"}],"curies":[{"name":"wp","href":"https:\/\/api.w.org\/{rel}","templated":true}]}}