{"id":337648,"date":"2022-03-10T21:02:30","date_gmt":"2022-03-11T01:02:30","guid":{"rendered":"http:\/\/diariodominicano.com\/?p=337648"},"modified":"2022-03-10T21:02:30","modified_gmt":"2022-03-11T01:02:30","slug":"policia-reporta-recupero-cinco-motocicletas-y-un-carro-durante-operativos-preventivos","status":"publish","type":"post","link":"https:\/\/diariodominicano.com\/?p=337648","title":{"rendered":"Polic\u00eda reporta recuper\u00f3 cinco motocicletas y un carro durante operativos preventivos"},"content":{"rendered":"\n<p>En las provincias  San Crist\u00f3bal, La Vega, Monse\u00f1or Nouel y Barahona. <\/p>\n\n\n\n<p><\/p>\n\n\n\n<p>La Polic\u00eda Nacional inform\u00f3 hoy sobre la recuperaci\u00f3n de cinco motocicletas y un carro, mediante varias intervenciones realizadas por miembros de la Direcci\u00f3n Central de Investigaci\u00f3n (DICRIM) y el Departamento de Recuperaci\u00f3n de Veh\u00edculos Robados, en las provincias  San Crist\u00f3bal, La Vega, Monse\u00f1or Nouel y Barahona.<\/p>\n\n\n\n<p>En Barahona, fueron recuperadas&nbsp;<strong>las pasolas marca Honda y Motobison, modelos LEAD-100 y LEAD-150<\/strong>, respectivamente, la cuales la ten\u00eda escondida un adolescente, de 17 a\u00f1os. Este, al ser cuestionado, dijo que las pasolas se las hab\u00eda dado a guardar Alejandro Matos Paredes (a) Guanabano, quien guarda prisi\u00f3n por varios casos de robo de ese tipo de motocicletas.&nbsp;<\/p>\n\n\n\n<p>Ambas pasolas, al ser depuradas, figuran con denuncia por robo mediante asalto de fecha 23-02-2022 y 16-12-2021, en la citada provincia.<\/p>\n\n\n\n<p>Mientras que en la provincia San Crist\u00f3bal fue recuperado&nbsp;<strong>el veh\u00edculo marca Toyota Corolla S, color gris, placa A751836, a\u00f1o 2012<\/strong>, reportado por su propietario como robado mientras se encontraba tomando bebidas alcoh\u00f3licas en un bar, hecho que se aclar\u00f3 cuando los agentes se presentaron al lugar, donde les informaron que el propietario de veh\u00edculo lo hab\u00eda dejado abandonado.<\/p>\n\n\n\n<p>En tanto que en la provincia de La Vega fue recuperada&nbsp;<strong>la pasola marca Tauro, modelo DIO-110, color negro<\/strong>, en un solar bald\u00edo del sector Pont\u00f3n, donde fue dejada abandonada por desconocidos, tras ser sustra\u00edda a su propietario, mediante descuido, cuando \u00e9ste se encontraba en la casa de un amigo.<\/p>\n\n\n\n<p>En el municipio de Bonao, provincia Monse\u00f1or Nouel, fue recuperada&nbsp;<strong>la pasola marca Yamaha, color blanco,&nbsp;<\/strong>la cual fue sustra\u00edda de la residencia de su propietaria por personas desconocidas que rompieron la persiana de la vivienda de donde sustrajeron la pasola, en cuyo caj\u00f3n ten\u00eda guardados 10,000 pesos y una tarjeta.<\/p>\n\n\n\n<p>Mientras que en la provincia de San Crist\u00f3bal fue recuperada&nbsp;<strong>la motocicleta marca Z3000, modelo CG-150, color rojo, sin placa,<\/strong>&nbsp;la cual fue abandonada por desconocidos al percatarse de la presencia policial, tras ser sustra\u00edda mediante descuido.<\/p>\n\n\n\n<p>Las motos y el veh\u00edculo recuperado fueron puestos en manos del Ministerio P\u00fablico para los fines legales correspondientes.<\/p>\n\n\n\n<p>Prensa Policia Nacional<a target=\"_blank\" href=\"mailto:prensadigitalpn@gmail.com\" rel=\"noreferrer noopener\">prensadigitalpn@gmail.com<\/a><\/p>\n","protected":false},"excerpt":{"rendered":"<p>En las provincias San Crist\u00f3bal, La Vega, Monse\u00f1or Nouel y Barahona. La Polic\u00eda Nacional inform\u00f3 hoy sobre la recuperaci\u00f3n de cinco motocicletas y un carro, mediante varias intervenciones realizadas por miembros de la Direcci\u00f3n Central de Investigaci\u00f3n (DICRIM) y el Departamento de Recuperaci\u00f3n de Veh\u00edculos Robados, en las provincias San Crist\u00f3bal, La Vega, Monse\u00f1or Nouel [&hellip;]<\/p>\n","protected":false},"author":28,"featured_media":295713,"comment_status":"closed","ping_status":"","sticky":true,"template":"","format":"standard","meta":{"footnotes":""},"categories":[29,27],"tags":[],"class_list":["post-337648","post","type-post","status-publish","format-standard","has-post-thumbnail","hentry","category-policiasucesos","category-portada"],"_links":{"self":[{"href":"https:\/\/diariodominicano.com\/index.php?rest_route=\/wp\/v2\/posts\/337648","targetHints":{"allow":["GET"]}}],"collection":[{"href":"https:\/\/diariodominicano.com\/index.php?rest_route=\/wp\/v2\/posts"}],"about":[{"href":"https:\/\/diariodominicano.com\/index.php?rest_route=\/wp\/v2\/types\/post"}],"author":[{"embeddable":true,"href":"https:\/\/diariodominicano.com\/index.php?rest_route=\/wp\/v2\/users\/28"}],"replies":[{"embeddable":true,"href":"https:\/\/diariodominicano.com\/index.php?rest_route=%2Fwp%2Fv2%2Fcomments&post=337648"}],"version-history":[{"count":1,"href":"https:\/\/diariodominicano.com\/index.php?rest_route=\/wp\/v2\/posts\/337648\/revisions"}],"predecessor-version":[{"id":337649,"href":"https:\/\/diariodominicano.com\/index.php?rest_route=\/wp\/v2\/posts\/337648\/revisions\/337649"}],"wp:featuredmedia":[{"embeddable":true,"href":"https:\/\/diariodominicano.com\/index.php?rest_route=\/wp\/v2\/media\/295713"}],"wp:attachment":[{"href":"https:\/\/diariodominicano.com\/index.php?rest_route=%2Fwp%2Fv2%2Fmedia&parent=337648"}],"wp:term":[{"taxonomy":"category","embeddable":true,"href":"https:\/\/diariodominicano.com\/index.php?rest_route=%2Fwp%2Fv2%2Fcategories&post=337648"},{"taxonomy":"post_tag","embeddable":true,"href":"https:\/\/diariodominicano.com\/index.php?rest_route=%2Fwp%2Fv2%2Ftags&post=337648"}],"curies":[{"name":"wp","href":"https:\/\/api.w.org\/{rel}","templated":true}]}}