{"id":33764,"date":"2010-08-06T01:45:15","date_gmt":"2010-08-06T01:45:15","guid":{"rendered":"http:\/\/diariodominicano.ddns.net\/?p=33764"},"modified":"2010-08-06T01:45:15","modified_gmt":"2010-08-06T01:45:15","slug":"ante-el-cierre-de-clave-y-clave-digital","status":"publish","type":"post","link":"https:\/\/diariodominicano.com\/?p=33764","title":{"rendered":"&#13;Ante el cierre de clave y clave digital&#13;"},"content":{"rendered":"<p><body><\/p>\n<\/p>\n<p><span class=\"text1noticias\">Ante el cierre de clave y clave digital<\/span><\/p>\n<\/p>\n<p><span class=\"text1noticias\">\tPara comunicadores profesionales el cierre de un peri\u00f3dico es siempre una p\u00e9rdida sensible que nos disminuye, pero m\u00e1s a\u00fan cuando se trata de \u00f3rganos de la categor\u00eda del semanario Clave y de Clave Digital que tan valiosos servicios han rendido a la sociedad dominicana.<\/span><\/p>\n<p><span class=\"text1noticias\">\tSe trata de dos medios que se convirtieron en referentes del periodismo de investigaci\u00f3n con trascendentes aportes en la lucha por la transparencia, contra la corrupci\u00f3n y por la fortaleza de las instituciones democr\u00e1ticas, raz\u00f3n por la cual sus ejecutivos y propietarios fueron v\u00edctimas de una veintena de demandas judiciales, c\u00famulo sin precedente en la historia nacional. Todas fueron desestimadas por los tribunales pero se tradujeron en tensiones y costos para los ejecutivos period\u00edsticos.<\/span><\/p>\n<p><span class=\"text1noticias\">\tEste cierre es m\u00e1s deplorable por haberse producido inmediatamente despu\u00e9s que estos medios revelaran un interrogatorio sobre los v\u00ednculos atribuidos al actual Jefe de la Polic\u00eda Nacional con el propietario de la Torre Atiemar, detenido en Espa\u00f1a bajo cargos de narcotr\u00e1fico. Peor a\u00fan porque  coincide con la difusi\u00f3n de versiones que ponen en peligro hasta la vida del director de estos medios, el destacado periodista Fausto Rosario. <\/span><\/p>\n<p><span class=\"text1noticias\">\tLas circunstancias arrojan  preocupaci\u00f3n por el ejercicio del periodismo en el pa\u00eds. Este cierre afecta no  s\u00f3lo a los 102 empleados de la empresa Media Team, sino a todos los que ejercemos el periodismo con visi\u00f3n de profundidad. Especialmente porque est\u00e1 precedido de otras demandas judiciales temerarias, amenazas y agresiones contra comunicadores, aparentemente encaminadas a reducir el espacio libertario.<\/span><\/p>\n<p><span class=\"text1noticias\">\tRecibimos esperanzados las garant\u00edas a la integridad f\u00edsica de Fausto Rosario que le fueran ofrecidas anoche por el Presidente Leonel Fern\u00e1ndez cuando le visit\u00f3 acompa\u00f1ado de tres de los firmantes (Fernando Hasb\u00fan, Jean Michel Caroit y Juan Bol\u00edvar D\u00edaz). Dejamos constancia de la rapidez con que el mandatario recibi\u00f3 al grupo y sus atenciones durante dos horas. Tambi\u00e9n que convoc\u00f3 en persona a su jefe policial, mayor general Rafael G. Guzm\u00e1n Ferm\u00edn, y le hizo part\u00edcipe de las garant\u00edas.<\/span><\/p>\n<p><span class=\"text1noticias\">\tFinalmente queremos llamar la atenci\u00f3n de la opini\u00f3n p\u00fablica y las instituciones sociales, especialmente de las que agrupan a los comunicadores y medios de comunicaci\u00f3n, para que rechacen con vigor todo g\u00e9nero de presiones sobre el libre ejercicio de la libertad de expresi\u00f3n en todas sus manifestaciones.   <\/span><\/p>\n<p><span class=\"text1noticias\"> <\/span><\/p>\n<p><span class=\"text1noticias\">Santo Domingo, 5 de agosto del 2010.- \t<\/span><\/p>\n<\/p>\n<p><span class=\"text1noticias\"> Raysa Feliz<\/span><\/p>\n<\/p>\n<h6> 2010-08-06 01:45:15 <\/h6>\n<p><!--\n<link rel=\"stylesheet\" href=\"css\/bootstrap.min.css\">\n\n\n<ul class=\"pagination\">\n\t    \n\t\n\n<li >\n\t<a href='?page_no=213'>Previous<\/a>\n\t<\/li>\n\n\n       \n    \n\n<li><a href='?page_no=1'>1<\/a><\/li>\n\n\n\n<li><a href='?page_no=2'>2<\/a><\/li>\n\n\n\n<li><a>...<\/a><\/li>\n\n\n\n<li><a href='?page_no=212'>212<\/a><\/li>\n\n\n\n<li><a href='?page_no=213'>213<\/a><\/li>\n\n\n\n<li class='active'><a>214<\/a><\/li>\n\n\n\n<li><a href='?page_no=215'>215<\/a><\/li>\n\n\n\n<li><a href='?page_no=216'>216<\/a><\/li>\n\n\n\n<li><a>...<\/a><\/li>\n\n\n\n<li><a href='?page_no=242'>242<\/a><\/li>\n\n\n\n<li><a href='?page_no=243'>243<\/a><\/li>\n\n    \n\t\n\n<li >\n\t<a href='?page_no=215'>Next<\/a>\n\t<\/li>\n\n\n    \n\n<li><a href='?page_no=243'>Last &rsaquo;&rsaquo;<\/a><\/li>\n\n<\/ul>\n\n\n--><br \/>\n<\/body><\/p>\n","protected":false},"excerpt":{"rendered":"<p>Ante el cierre de clave y clave digital Para comunicadores profesionales el cierre de un peri\u00f3dico es siempre una p\u00e9rdida sensible que nos disminuye, pero m\u00e1s a\u00fan cuando se trata de \u00f3rganos de la categor\u00eda del semanario Clave y de Clave Digital que tan valiosos servicios han rendido a la sociedad dominicana. Se trata de [&hellip;]<\/p>\n","protected":false},"author":3,"featured_media":0,"comment_status":"open","ping_status":"open","sticky":false,"template":"","format":"standard","meta":{"footnotes":""},"categories":[1],"tags":[],"class_list":["post-33764","post","type-post","status-publish","format-standard","hentry","category-editorial"],"_links":{"self":[{"href":"https:\/\/diariodominicano.com\/index.php?rest_route=\/wp\/v2\/posts\/33764","targetHints":{"allow":["GET"]}}],"collection":[{"href":"https:\/\/diariodominicano.com\/index.php?rest_route=\/wp\/v2\/posts"}],"about":[{"href":"https:\/\/diariodominicano.com\/index.php?rest_route=\/wp\/v2\/types\/post"}],"author":[{"embeddable":true,"href":"https:\/\/diariodominicano.com\/index.php?rest_route=\/wp\/v2\/users\/3"}],"replies":[{"embeddable":true,"href":"https:\/\/diariodominicano.com\/index.php?rest_route=%2Fwp%2Fv2%2Fcomments&post=33764"}],"version-history":[{"count":0,"href":"https:\/\/diariodominicano.com\/index.php?rest_route=\/wp\/v2\/posts\/33764\/revisions"}],"wp:attachment":[{"href":"https:\/\/diariodominicano.com\/index.php?rest_route=%2Fwp%2Fv2%2Fmedia&parent=33764"}],"wp:term":[{"taxonomy":"category","embeddable":true,"href":"https:\/\/diariodominicano.com\/index.php?rest_route=%2Fwp%2Fv2%2Fcategories&post=33764"},{"taxonomy":"post_tag","embeddable":true,"href":"https:\/\/diariodominicano.com\/index.php?rest_route=%2Fwp%2Fv2%2Ftags&post=33764"}],"curies":[{"name":"wp","href":"https:\/\/api.w.org\/{rel}","templated":true}]}}