{"id":33763,"date":"2010-08-16T12:17:30","date_gmt":"2010-08-16T12:17:30","guid":{"rendered":"http:\/\/diariodominicano.ddns.net\/?p=33763"},"modified":"2010-08-16T12:17:30","modified_gmt":"2010-08-16T12:17:30","slug":"la-restauracion-de-la-republica-2","status":"publish","type":"post","link":"https:\/\/diariodominicano.com\/?p=33763","title":{"rendered":"La Restauraci\u00f3n de la Rep\u00fablica"},"content":{"rendered":"<p><body><\/p>\n<p><strong><span class=\"text1noticias\">La Restauraci\u00f3n de la Rep\u00fablica<\/span><\/strong><\/p>\n<\/p>\n<p><span class=\"text1noticias\">El 16 de agosto de 1863, comenz\u00f3 en el Cerro de Capotillo, la Guerra de la Restauraci\u00f3n para rescatar la soberan\u00eda dominicana. Las hostilidades se mantuvieron hasta el a\u00f1o 1865 cuando Espa\u00f1a y Rep\u00fablica Dominicana llegaron a un acuerdo que reconoce la soberan\u00eda dominicana.<\/span><\/p>\n<\/p>\n<p><span class=\"text1noticias\">Los \u00faltimos militares y civiles del Gobierno espa\u00f1ol de la Anexi\u00f3n abandonaron el territorio nacional el 10 de julio de 1865. Se trasladaron a Cuba que se encontraba bajo el control de Espa\u00f1a.<\/span><\/p>\n<\/p>\n<p><span class=\"text1noticias\">Un informe militar de la \u00e9poca da cuenta de que aquel d\u00eda los revolucionarios dominicanos aprovecharon que el Gobierno espa\u00f1ol de la anexi\u00f3n hab\u00eda dispuesto el desplazamiento a Puerto Plata y Santiago de las guarniciones fronterizas, y el Batall\u00f3n La Corona, con una secci\u00f3n de artiller\u00eda y otra de cazadores.<\/span><\/p>\n<\/p>\n<p><span class=\"text1noticias\">Catorce patriotas dominicanos cruzaron la frontera y proclamaron el \u00abGrito de Capotillo\u00bb, en el cerro de Capotillo Espa\u00f1ol y de inmediato izaron la bandera dominicana que hab\u00eda sido cosida por Huberto Mars\u00e1n.<\/span><\/p>\n<\/p>\n<p><span class=\"text1noticias\">El grupo lo integraron el coronel Santiago Rodr\u00edguez, el capit\u00e1n Eugenio Belliard, Segundo Rivas, Alejandro Bueno, Pablo Reyes, Juan de la Mata Monci\u00f3n, el ciudadano espa\u00f1ol Jos\u00e9 Angulo, San M\u00e9zquita, Tom\u00e1s de Aquilino Rodr\u00edguez, Jos\u00e9 Cabrera, Sotero Blan, Benito Monci\u00f3n, Juan de la Cruz \u00c1lvarez y un soldado desconocido.<\/span><\/p>\n<\/p>\n<p><span class=\"text1noticias\">El historiador Jos\u00e9 Gabriel Garc\u00eda destaca el apoyo que recibieron los restauradores en la regi\u00f3n Norte. \u00abTodo el Cibao, en fin, estaba en armas, y la bandera del 27 de febrero de 1844, desplegada en Capotillo el 16 de agosto de 1863, por los merodeadores de la frontera, que como por encanto se hab\u00edan convertido en ej\u00e9rcito revolucionario, iba recuperando, una a una, en marcha triunfal, las astas gloriosas de donde hab\u00eda sido arriada violentamente el 18 de marzo de 1861\u00bb.<\/span><\/p>\n<\/p>\n<p><span class=\"text1noticias\">En un manifiesto puesto a circular el mismo 16 de agosto, los restauradores llamaron a la unidad para poner fin al r\u00e9gimen de la anexi\u00f3n por considerarlo abusador y de privilegios en perjuicio de la colectividad nacional.<\/span><\/p>\n<\/p>\n<p><span class=\"text1noticias\">Los restauradores quer\u00edan la soberan\u00eda y una administraci\u00f3n de Gobierno que pusiera fin a todas las pr\u00e1cticas discriminatorias. La anexi\u00f3n a Espa\u00f1a hab\u00eda sido proclamada por el Gobierno del presidente Pedro Santana, el 18 de marzo de 1861 en un acto celebrado en la plaza de la Catedral de Santo Domingo.<\/span><\/p>\n<\/p>\n<p><span class=\"text1noticias\">Antes, el d\u00eda 4 de marzo de 1861, Santana, difundi\u00f3 un documento en el que a trav\u00e9s de todos los generales y comandantes de armas que apoyaban sus ejecutorias, les informaba a las dem\u00e1s autoridades y a las personas que calificaba de notables de la \u00e9poca, las iniciativas para anexar el pa\u00eds a Espa\u00f1a. Otra parte del pueblo rechaz\u00f3 los anexionistas.<\/span><\/p>\n<\/p>\n<p><span class=\"text1noticias\">Ah\u00ed naci\u00f3 la resistencia para impedirlo. El 2 de mayo del mismo a\u00f1o 1861, Jos\u00e9 Contreras y Cayetano Germos\u00e9n, encabezaron en Moca la toma del cuartel espa\u00f1ol. Horas despu\u00e9s los espa\u00f1oles lo retomaron y fusilaron a los l\u00edderes del plan.<\/span><\/p>\n<\/p>\n<p><span class=\"text1noticias\">Otro hecho importante de la resistencia contra la Anexi\u00f3n de la Rep\u00fablica a Espa\u00f1a, fue la ca\u00edda en El Cercado, San Juan de la Maguana, del pr\u00f3cer Francisco del Rosario S\u00e1nchez y un grupo de compa\u00f1eros que se levantaron con el prop\u00f3sito de restaurar la soberan\u00eda dominicana. El grupo fue fusilado el 4 de julio de 1861, pero nada frenar\u00eda la resistencia dominicana hasta lograr el rescate de la soberan\u00eda dominicana.<\/span><\/p>\n<\/p>\n<p><span class=\"text1noticias\">La Restauraci\u00f3n de la Rep\u00fablica fue proclamada el 16 de agosto de 1863. Honremos a los pr\u00f3ceres de la Restauraci\u00f3n de la Rep\u00fablica.<\/span><\/p>\n<\/p>\n<h6> 2010-08-16 12:17:30 <\/h6>\n<p><!--\n<link rel=\"stylesheet\" href=\"css\/bootstrap.min.css\">\n\n\n<ul class=\"pagination\">\n\t    \n\t\n\n<li >\n\t<a href='?page_no=212'>Previous<\/a>\n\t<\/li>\n\n\n       \n    \n\n<li><a href='?page_no=1'>1<\/a><\/li>\n\n\n\n<li><a href='?page_no=2'>2<\/a><\/li>\n\n\n\n<li><a>...<\/a><\/li>\n\n\n\n<li><a href='?page_no=211'>211<\/a><\/li>\n\n\n\n<li><a href='?page_no=212'>212<\/a><\/li>\n\n\n\n<li class='active'><a>213<\/a><\/li>\n\n\n\n<li><a href='?page_no=214'>214<\/a><\/li>\n\n\n\n<li><a href='?page_no=215'>215<\/a><\/li>\n\n\n\n<li><a>...<\/a><\/li>\n\n\n\n<li><a href='?page_no=242'>242<\/a><\/li>\n\n\n\n<li><a href='?page_no=243'>243<\/a><\/li>\n\n    \n\t\n\n<li >\n\t<a href='?page_no=214'>Next<\/a>\n\t<\/li>\n\n\n    \n\n<li><a href='?page_no=243'>Last &rsaquo;&rsaquo;<\/a><\/li>\n\n<\/ul>\n\n\n--><br \/>\n<\/body><\/p>\n","protected":false},"excerpt":{"rendered":"<p>La Restauraci\u00f3n de la Rep\u00fablica El 16 de agosto de 1863, comenz\u00f3 en el Cerro de Capotillo, la Guerra de la Restauraci\u00f3n para rescatar la soberan\u00eda dominicana. Las hostilidades se mantuvieron hasta el a\u00f1o 1865 cuando Espa\u00f1a y Rep\u00fablica Dominicana llegaron a un acuerdo que reconoce la soberan\u00eda dominicana. Los \u00faltimos militares y civiles del [&hellip;]<\/p>\n","protected":false},"author":3,"featured_media":0,"comment_status":"open","ping_status":"open","sticky":false,"template":"","format":"standard","meta":{"footnotes":""},"categories":[1],"tags":[],"class_list":["post-33763","post","type-post","status-publish","format-standard","hentry","category-editorial"],"_links":{"self":[{"href":"https:\/\/diariodominicano.com\/index.php?rest_route=\/wp\/v2\/posts\/33763","targetHints":{"allow":["GET"]}}],"collection":[{"href":"https:\/\/diariodominicano.com\/index.php?rest_route=\/wp\/v2\/posts"}],"about":[{"href":"https:\/\/diariodominicano.com\/index.php?rest_route=\/wp\/v2\/types\/post"}],"author":[{"embeddable":true,"href":"https:\/\/diariodominicano.com\/index.php?rest_route=\/wp\/v2\/users\/3"}],"replies":[{"embeddable":true,"href":"https:\/\/diariodominicano.com\/index.php?rest_route=%2Fwp%2Fv2%2Fcomments&post=33763"}],"version-history":[{"count":0,"href":"https:\/\/diariodominicano.com\/index.php?rest_route=\/wp\/v2\/posts\/33763\/revisions"}],"wp:attachment":[{"href":"https:\/\/diariodominicano.com\/index.php?rest_route=%2Fwp%2Fv2%2Fmedia&parent=33763"}],"wp:term":[{"taxonomy":"category","embeddable":true,"href":"https:\/\/diariodominicano.com\/index.php?rest_route=%2Fwp%2Fv2%2Fcategories&post=33763"},{"taxonomy":"post_tag","embeddable":true,"href":"https:\/\/diariodominicano.com\/index.php?rest_route=%2Fwp%2Fv2%2Ftags&post=33763"}],"curies":[{"name":"wp","href":"https:\/\/api.w.org\/{rel}","templated":true}]}}