{"id":33762,"date":"2010-08-21T16:17:18","date_gmt":"2010-08-21T16:17:18","guid":{"rendered":"http:\/\/diariodominicano.ddns.net\/?p=33762"},"modified":"2010-08-21T16:17:18","modified_gmt":"2010-08-21T16:17:18","slug":"poncio-pou-saleta","status":"publish","type":"post","link":"https:\/\/diariodominicano.com\/?p=33762","title":{"rendered":"Poncio Pou Saleta"},"content":{"rendered":"<p><body><\/p>\n<p><strong><span class=\"text1noticias\">Poncio Pou Saleta<\/span><\/strong><\/p>\n<\/p>\n<p><span class=\"text1noticias\">La muerte de don Poncio Pou Saleta, ocurrida este s\u00e1bado,  el pa\u00eds la ha recibido  con pesar. Termina la vida f\u00edsica de  uno de los hombres que aport\u00f3 hasta el sacrificio por un estado de derecho.  Fue  uno de los sobrevivientes  de la expedici\u00f3n armada que vino del exilio a enfrentar el r\u00e9gimen del dictador Rafael Le\u00f3nidas Trujillo.<\/span><\/p>\n<\/p>\n<p><span class=\"text1noticias\">En el pueblo dominicano don Poncio Pou Saleta es un acreedor de gratitud externa.  Los dominicanos y dominicanas   no olvidamos  el 14 de junio de 1959,  pues es el d\u00eda de  la gesta que marc\u00f3 el inicio de la lucha definitiva contra la dictadura de Trujillo,  para instaurar un r\u00e9gimen democr\u00e1tico.  Don Poncio Pou Saleta,  fue  uno de sus protagonistas.<\/span><\/p>\n<\/p>\n<p><span class=\"text1noticias\">El 14 de junio de 1959 aterriz\u00f3 en Constanza el  avi\u00f3n  que trajo el primer grupo de 54 expedicionarios con el  prop\u00f3sito de llevar a cabo una lucha armada para acabar con la dictadura de Trujillo y  formar un Gobierno democr\u00e1tico. Poncio Pou Saleta fue de los primeros pisar tierra .<\/span><\/p>\n<\/p>\n<p><span class=\"text1noticias\"> De los 193 expedicionarios de junio de 1959, es decir, los que llegaron por Constanza,  el d\u00eda  14 de junio de 1959 y los que desembarcaron por Maim\u00f3n y Estero Hondo, en la provincia Puerto Plata, el 20 de junio de 1959, sobrevivieron los dominicanos Poncio Pou  Saleta, Mayovanex Vargas y Francisco Medardo Germ\u00e1n, as\u00ed como los cubanos Delio G\u00f3mez Ochoa y Pablito Mirabal.<\/span><\/p>\n<\/p>\n<p><span class=\"text1noticias\"> Otro dominicano sobreviviente fue Gonzalo Almonte Pacheco,  desaparecido en la ciudad de Santo Domingo por agentes de la dictadura de Trujillo.<\/span><\/p>\n<p><span class=\"text1noticias\">    <\/span><\/p>\n<p><span class=\"text1noticias\"> Otros  cayeron en los frentes de batalla. Casi todos fueron  fusilados en el campo y en la  Base A\u00e9rea de San Isidro, por una disposici\u00f3n del jefe del Estado Mayor Conjunto, Rafael Le\u00f3nidas  (Ramfis) Trujillo Mart\u00ednez.<\/span><\/p>\n<p><span class=\"text1noticias\"> La gesta de junio de 1959, constituy\u00f3 un despertar. Una derrota militar marc\u00f3 la v\u00eda para la lucha que no se detendr\u00eda hasta terminar con la dictadura de Trujillo.<\/span><\/p>\n<\/p>\n<p><span class=\"text1noticias\">Entre los primeros objetivos de los expedicionarios figuraban: Derrocar por todos los medios a su alcance el r\u00e9gimen de opresi\u00f3n y sangre establecido en la Rep\u00fablica Dominicana por Rafael Le\u00f3nidas Trujillo desde el a\u00f1o 1930. Y establecer, un gobierno provisional democr\u00e1tico revolucionario  que en un per\u00edodo de dos a\u00f1os pusiera en marcha el programa de la Revoluci\u00f3n y creara las condiciones  para que el pueblo dominicano pueda ejercer libremente sus derechos pol\u00edticos y sociales. Y derogar toda la legislaci\u00f3n antidemocr\u00e1tica de la tiran\u00eda.<\/span><\/p>\n<\/p>\n<p><span class=\"text1noticias\"> La colectividad nacional debe recordar la gesta de junio  con respeto y expresar gratitud a los que ofrendaron sus vidas en una  manifestaci\u00f3n de reconocimiento a  los que sobreviven para contar la historia y servir de ejemplo de entrega y valor:  Poncio Pou  Saleta y Mayovanex Vargas, as\u00ed como el  cubano-dominicano,  Delio G\u00f3mez Ochoa. <\/span><\/p>\n<\/p>\n<p><span class=\"text1noticias\">Honremos a los hombres del 14 de junio de 1959.  Honremos a Poncio Pou Saleta. Muere f\u00edsicamente, pero su ejemplo patri\u00f3tico queda en la memoria colectiva. Paz a sus restos. Solidaridad y respeto a su familia.<\/span><\/p>\n<\/p>\n<h6> 2010-08-21 16:17:18 <\/h6>\n<p><!--\n<link rel=\"stylesheet\" href=\"css\/bootstrap.min.css\">\n\n\n<ul class=\"pagination\">\n\t    \n\t\n\n<li >\n\t<a href='?page_no=211'>Previous<\/a>\n\t<\/li>\n\n\n       \n    \n\n<li><a href='?page_no=1'>1<\/a><\/li>\n\n\n\n<li><a href='?page_no=2'>2<\/a><\/li>\n\n\n\n<li><a>...<\/a><\/li>\n\n\n\n<li><a href='?page_no=210'>210<\/a><\/li>\n\n\n\n<li><a href='?page_no=211'>211<\/a><\/li>\n\n\n\n<li class='active'><a>212<\/a><\/li>\n\n\n\n<li><a href='?page_no=213'>213<\/a><\/li>\n\n\n\n<li><a href='?page_no=214'>214<\/a><\/li>\n\n\n\n<li><a>...<\/a><\/li>\n\n\n\n<li><a href='?page_no=242'>242<\/a><\/li>\n\n\n\n<li><a href='?page_no=243'>243<\/a><\/li>\n\n    \n\t\n\n<li >\n\t<a href='?page_no=213'>Next<\/a>\n\t<\/li>\n\n\n    \n\n<li><a href='?page_no=243'>Last &rsaquo;&rsaquo;<\/a><\/li>\n\n<\/ul>\n\n\n--><br \/>\n<\/body><\/p>\n","protected":false},"excerpt":{"rendered":"<p>Poncio Pou Saleta La muerte de don Poncio Pou Saleta, ocurrida este s\u00e1bado, el pa\u00eds la ha recibido con pesar. Termina la vida f\u00edsica de uno de los hombres que aport\u00f3 hasta el sacrificio por un estado de derecho. Fue uno de los sobrevivientes de la expedici\u00f3n armada que vino del exilio a enfrentar el [&hellip;]<\/p>\n","protected":false},"author":3,"featured_media":0,"comment_status":"open","ping_status":"open","sticky":false,"template":"","format":"standard","meta":{"footnotes":""},"categories":[1],"tags":[],"class_list":["post-33762","post","type-post","status-publish","format-standard","hentry","category-editorial"],"_links":{"self":[{"href":"https:\/\/diariodominicano.com\/index.php?rest_route=\/wp\/v2\/posts\/33762","targetHints":{"allow":["GET"]}}],"collection":[{"href":"https:\/\/diariodominicano.com\/index.php?rest_route=\/wp\/v2\/posts"}],"about":[{"href":"https:\/\/diariodominicano.com\/index.php?rest_route=\/wp\/v2\/types\/post"}],"author":[{"embeddable":true,"href":"https:\/\/diariodominicano.com\/index.php?rest_route=\/wp\/v2\/users\/3"}],"replies":[{"embeddable":true,"href":"https:\/\/diariodominicano.com\/index.php?rest_route=%2Fwp%2Fv2%2Fcomments&post=33762"}],"version-history":[{"count":0,"href":"https:\/\/diariodominicano.com\/index.php?rest_route=\/wp\/v2\/posts\/33762\/revisions"}],"wp:attachment":[{"href":"https:\/\/diariodominicano.com\/index.php?rest_route=%2Fwp%2Fv2%2Fmedia&parent=33762"}],"wp:term":[{"taxonomy":"category","embeddable":true,"href":"https:\/\/diariodominicano.com\/index.php?rest_route=%2Fwp%2Fv2%2Fcategories&post=33762"},{"taxonomy":"post_tag","embeddable":true,"href":"https:\/\/diariodominicano.com\/index.php?rest_route=%2Fwp%2Fv2%2Ftags&post=33762"}],"curies":[{"name":"wp","href":"https:\/\/api.w.org\/{rel}","templated":true}]}}